
{"id":60555,"date":"2016-09-07T19:03:40","date_gmt":"2016-09-07T22:03:40","guid":{"rendered":"http:\/\/www.sudoestehoje.com.br\/novoportal\/?p=60555"},"modified":"2016-09-07T19:03:40","modified_gmt":"2016-09-07T22:03:40","slug":"eleicao-ministro-jose-serra-manifesta-apoio-a-candidatura-de-adriano-alcantara","status":"publish","type":"post","link":"https:\/\/www.sudoestehoje.com.br\/novoportal\/2016\/09\/07\/eleicao-ministro-jose-serra-manifesta-apoio-a-candidatura-de-adriano-alcantara\/","title":{"rendered":"ELEI\u00c7\u00c3O: MINISTRO JOS\u00c9 SERRA MANIFESTA APOIO \u00c0 CANDIDATURA DE ADRIANO ALC\u00c2NTARA"},"content":{"rendered":"<p>https:\/\/youtu.be\/gmrk6VL6z10<\/p>\n<p><strong><em>Ascom PSDB<\/em><\/strong><\/p>\n<p>O dia em que se comemora a independ\u00eancia do Brasil nos leva a pensar em\u00a0 qu\u00e3o independente \u00e9 a nossa cidade? Qu\u00e3o livre de amarras est\u00e1 a nossa prefeitura? Liberdade pol\u00edtica se traduz na possibilidade de governar para o povo e n\u00e3o para os que se devem \u201cfavores\u201d, cargos, verbas, contratos.<br \/>\nComo podemos imaginar o retrocesso de ter na prefeitura a continuidade do caos ou o retorno do coronelismo? Itapetinga, progressista por natureza, precisa de um prefeito que governe o presente, pensando tamb\u00e9m no futuro, levando a cidade a voltar a crescer.<\/p>\n<p>Jos\u00e9 Serra, grande nome na pol\u00edtica nacional, s\u00edmbolo de credibilidade e capacidade, fez quest\u00e3o de manifestar o seu apoio ao candidato Adriano Alc\u00e2ntara. Atualmente, Jos\u00e9 Serra ocupa a cadeira de Ministro das Rela\u00e7\u00f5es Exteriores, tendo tamb\u00e9m passado pelo Minist\u00e9rio do Planejamento e da Sa\u00fade, durante o governo Fernando Henrique Cardoso.\u00a0 Com um vasto curr\u00edculo, n\u00e3o h\u00e1 uma s\u00f3 mancha no seu hist\u00f3rico pol\u00edtico, nunca mencionado nos esc\u00e2ndalos onde roubo e pagamento de propina vitimam sempre o j\u00e1 sofrido povo brasileiro.<\/p>\n<p>Em seu depoimento, ressaltou a lisura e capacidade de Adriano, caracter\u00edsticas comuns aos dois e que trazem ao povo de Itapetinga esperan\u00e7a em dias melhores cada vez mais independentes.<\/p>\n<p>Adriano e Henrique convocam tamb\u00e9m os cidad\u00e3os inconformados da nossa cidade a unirem-se na caminhada que acontecer\u00e1 no pr\u00f3ximo s\u00e1bado 10 de setembro, para que se ou\u00e7a do \u201cpovo heroico o brado\u201d e que \u201cO sol da liberdade em raios f\u00falgidos\u201d brilhe no c\u00e9u da nossa cidade por muitos anos.<\/p>\n","protected":false},"excerpt":{"rendered":"<p>https:\/\/youtu.be\/gmrk6VL6z10 Ascom PSDB O dia em que se comemora a independ\u00eancia do Brasil nos leva a pensar em\u00a0 qu\u00e3o independente \u00e9 a nossa cidade? Qu\u00e3o livre de amarras est\u00e1 a nossa prefeitura? Liberdade pol\u00edtica se traduz na possibilidade de governar para o povo e n\u00e3o para os que se devem \u201cfavores\u201d, cargos, verbas, contratos. Como [&hellip;]<\/p>\n","protected":false},"author":2,"featured_media":0,"comment_status":"open","ping_status":"open","sticky":false,"template":"","format":"standard","meta":{"footnotes":"","_links_to":"","_links_to_target":""},"categories":[1],"tags":[],"class_list":["post-60555","post","type-post","status-publish","format-standard","hentry","category-geral"],"views":1273,"_links":{"self":[{"href":"https:\/\/www.sudoestehoje.com.br\/novoportal\/wp-json\/wp\/v2\/posts\/60555","targetHints":{"allow":["GET"]}}],"collection":[{"href":"https:\/\/www.sudoestehoje.com.br\/novoportal\/wp-json\/wp\/v2\/posts"}],"about":[{"href":"https:\/\/www.sudoestehoje.com.br\/novoportal\/wp-json\/wp\/v2\/types\/post"}],"author":[{"embeddable":true,"href":"https:\/\/www.sudoestehoje.com.br\/novoportal\/wp-json\/wp\/v2\/users\/2"}],"replies":[{"embeddable":true,"href":"https:\/\/www.sudoestehoje.com.br\/novoportal\/wp-json\/wp\/v2\/comments?post=60555"}],"version-history":[{"count":1,"href":"https:\/\/www.sudoestehoje.com.br\/novoportal\/wp-json\/wp\/v2\/posts\/60555\/revisions"}],"predecessor-version":[{"id":60556,"href":"https:\/\/www.sudoestehoje.com.br\/novoportal\/wp-json\/wp\/v2\/posts\/60555\/revisions\/60556"}],"wp:attachment":[{"href":"https:\/\/www.sudoestehoje.com.br\/novoportal\/wp-json\/wp\/v2\/media?parent=60555"}],"wp:term":[{"taxonomy":"category","embeddable":true,"href":"https:\/\/www.sudoestehoje.com.br\/novoportal\/wp-json\/wp\/v2\/categories?post=60555"},{"taxonomy":"post_tag","embeddable":true,"href":"https:\/\/www.sudoestehoje.com.br\/novoportal\/wp-json\/wp\/v2\/tags?post=60555"}],"curies":[{"name":"wp","href":"https:\/\/api.w.org\/{rel}","templated":true}]}}