
{"id":60546,"date":"2016-09-07T10:09:27","date_gmt":"2016-09-07T13:09:27","guid":{"rendered":"http:\/\/www.sudoestehoje.com.br\/novoportal\/?p=60546"},"modified":"2016-09-07T10:10:04","modified_gmt":"2016-09-07T13:10:04","slug":"eleicoes-em-brasilia-rodrigo-hagge-pede-solucao-para-colapso-de-agua-na-regiao","status":"publish","type":"post","link":"https:\/\/www.sudoestehoje.com.br\/novoportal\/2016\/09\/07\/eleicoes-em-brasilia-rodrigo-hagge-pede-solucao-para-colapso-de-agua-na-regiao\/","title":{"rendered":"ELEI\u00c7\u00d5ES: EM BRASILIA, RODRIGO HAGGE PEDE SOLU\u00c7\u00c3O PARA COLAPSO DE \u00c1GUA NA REGI\u00c3O"},"content":{"rendered":"<p><a href=\"http:\/\/www.sudoestehoje.com.br\/novoportal\/wp-content\/uploads\/2016\/09\/RO-DRO-EM-BRASILIA.jpg\" rel=\"attachment wp-att-60547\"><img loading=\"lazy\" decoding=\"async\" class=\"aligncenter size-medium wp-image-60547\" src=\"http:\/\/www.sudoestehoje.com.br\/novoportal\/wp-content\/uploads\/2016\/09\/RO-DRO-EM-BRASILIA-500x344.jpg\" alt=\"RO DRO EM BRASILIA\" width=\"500\" height=\"344\" srcset=\"https:\/\/www.sudoestehoje.com.br\/novoportal\/wp-content\/uploads\/2016\/09\/RO-DRO-EM-BRASILIA-500x344.jpg 500w, https:\/\/www.sudoestehoje.com.br\/novoportal\/wp-content\/uploads\/2016\/09\/RO-DRO-EM-BRASILIA.jpg 595w\" sizes=\"auto, (max-width: 500px) 100vw, 500px\" \/><\/a><\/p>\n<p>Com o ministro da Integra\u00e7\u00e3o Nacional Helder Barbalho, na manh\u00e3 desta ter\u00e7a-feira em Bras\u00edlia, o candidato a prefeito de Itapetinga, Rodrigo Hagge, acompanhado do deputado federal L\u00facia Vieira Lima, e do suplente de deputado estadual e tamb\u00e9m candidato a prefeito de Vit\u00f3ria da Conquista Herzem Gusm\u00e3o, teve a oportunidade de falar sobre o estado de emerg\u00eancia por que passa a regi\u00e3o agropastoril de Itapetinga devido \u00e0 seca que assola toda a regi\u00e3o, desabastecendo importantes \u00e1reas de pecu\u00e1ria.<\/p>\n<p>\u201cO ministro Barbalho se disse sensibilizado com a atual situa\u00e7\u00e3o, afirmou que tem acompanhado as not\u00edcias sobre a seca e que seu Minist\u00e9rio est\u00e1 \u00e0 disposi\u00e7\u00e3o para colaborar para que o abastecimento se restabele\u00e7a. Tratamos de abastecimento de \u00e1gua para a pecu\u00e1ria e comentamos ainda sobre a necessidade de voltarmos a cuidar da drenagem do munic\u00edpio de Itapetinga, que nesses quase oito anos ficou totalmente comprometido\u201d, disse Rodrigo Hagge.<\/p>\n<p>Antes mesmo de ser eleito, o jovem Rodrigo Hagge j\u00e1 demonstra preocupa\u00e7\u00e3o com sua cidade e regi\u00e3o, tendo solicitado ainda ao ministro da Integra\u00e7\u00e3o Nacional que Itapetinga seja inclu\u00edda no Plano Nacional de Enfrentamento ao Colapso de \u00c1gua, que atinge centenas de munic\u00edpios brasileiros.<\/p>\n<p>A reuni\u00e3o aconteceu na manh\u00e3 desta ter\u00e7a-feira, 6, em Bras\u00edlia, com a presen\u00e7a do deputado federal L\u00facio Vieira Lima, que j\u00e1 havia encaminhado of\u00edcio \u00e0 pasta da Integra\u00e7\u00e3o Nacional no dia 30 de agosto solicitando a inclus\u00e3o da cidade, bem como de Vit\u00f3ria da Conquista, no programa emergencial.<\/p>\n<p><strong><em>Buscando solu\u00e7\u00f5es<\/em><\/strong><\/p>\n<p>Com o intuito de identificar os munic\u00edpios em risco de crise de abastecimento de \u00e1gua, o ministro da Integra\u00e7\u00e3o Nacional, Helder Barbalho, reuniu nesta segunda-feira (05) o Grupo de Trabalho Interministerial para buscar solu\u00e7\u00f5es que minimizem, com a implementa\u00e7\u00e3o de a\u00e7\u00f5es, os efeitos da seca em \u00e1reas urbanas. A Portaria de cria\u00e7\u00e3o do GT foi publicada no Di\u00e1rio Oficial da Uni\u00e3o (DOU) de hoje. \u201cO objetivo do Grupo de Trabalho \u00e9 projetar e direcionar a\u00e7\u00f5es adequadas, sejam estruturantes ou emergenciais, para atender as necessidades das popula\u00e7\u00f5es situadas em regi\u00f5es que sofrem com os efeitos da seca e estiagem no pa\u00eds\u201d, destacou o ministro. <strong><em>Ascom RR<\/em><\/strong><\/p>\n","protected":false},"excerpt":{"rendered":"<p>Com o ministro da Integra\u00e7\u00e3o Nacional Helder Barbalho, na manh\u00e3 desta ter\u00e7a-feira em Bras\u00edlia, o candidato a prefeito de Itapetinga, Rodrigo Hagge, acompanhado do deputado federal L\u00facia Vieira Lima, e do suplente de deputado estadual e tamb\u00e9m candidato a prefeito de Vit\u00f3ria da Conquista Herzem Gusm\u00e3o, teve a oportunidade de falar sobre o estado de [&hellip;]<\/p>\n","protected":false},"author":2,"featured_media":0,"comment_status":"open","ping_status":"open","sticky":false,"template":"","format":"standard","meta":{"footnotes":"","_links_to":"","_links_to_target":""},"categories":[1],"tags":[],"class_list":["post-60546","post","type-post","status-publish","format-standard","hentry","category-geral"],"views":1620,"_links":{"self":[{"href":"https:\/\/www.sudoestehoje.com.br\/novoportal\/wp-json\/wp\/v2\/posts\/60546","targetHints":{"allow":["GET"]}}],"collection":[{"href":"https:\/\/www.sudoestehoje.com.br\/novoportal\/wp-json\/wp\/v2\/posts"}],"about":[{"href":"https:\/\/www.sudoestehoje.com.br\/novoportal\/wp-json\/wp\/v2\/types\/post"}],"author":[{"embeddable":true,"href":"https:\/\/www.sudoestehoje.com.br\/novoportal\/wp-json\/wp\/v2\/users\/2"}],"replies":[{"embeddable":true,"href":"https:\/\/www.sudoestehoje.com.br\/novoportal\/wp-json\/wp\/v2\/comments?post=60546"}],"version-history":[{"count":6,"href":"https:\/\/www.sudoestehoje.com.br\/novoportal\/wp-json\/wp\/v2\/posts\/60546\/revisions"}],"predecessor-version":[{"id":60554,"href":"https:\/\/www.sudoestehoje.com.br\/novoportal\/wp-json\/wp\/v2\/posts\/60546\/revisions\/60554"}],"wp:attachment":[{"href":"https:\/\/www.sudoestehoje.com.br\/novoportal\/wp-json\/wp\/v2\/media?parent=60546"}],"wp:term":[{"taxonomy":"category","embeddable":true,"href":"https:\/\/www.sudoestehoje.com.br\/novoportal\/wp-json\/wp\/v2\/categories?post=60546"},{"taxonomy":"post_tag","embeddable":true,"href":"https:\/\/www.sudoestehoje.com.br\/novoportal\/wp-json\/wp\/v2\/tags?post=60546"}],"curies":[{"name":"wp","href":"https:\/\/api.w.org\/{rel}","templated":true}]}}