
{"id":60533,"date":"2016-09-07T09:01:58","date_gmt":"2016-09-07T12:01:58","guid":{"rendered":"http:\/\/www.sudoestehoje.com.br\/novoportal\/?p=60533"},"modified":"2016-09-07T09:01:58","modified_gmt":"2016-09-07T12:01:58","slug":"eleicoes-visita-de-marina-silva-reforca-campanha-de-alecio-e-miraldo","status":"publish","type":"post","link":"https:\/\/www.sudoestehoje.com.br\/novoportal\/2016\/09\/07\/eleicoes-visita-de-marina-silva-reforca-campanha-de-alecio-e-miraldo\/","title":{"rendered":"ELEI\u00c7\u00d5ES: VISITA DE MARINA SILVA REFOR\u00c7A CAMPANHA DE AL\u00c9CIO E MIRALDO"},"content":{"rendered":"<p><a href=\"http:\/\/www.sudoestehoje.com.br\/novoportal\/wp-content\/uploads\/2016\/09\/m-1.jpg\" rel=\"attachment wp-att-60534\"><img loading=\"lazy\" decoding=\"async\" class=\"aligncenter size-medium wp-image-60534\" src=\"http:\/\/www.sudoestehoje.com.br\/novoportal\/wp-content\/uploads\/2016\/09\/m-1-500x333.jpg\" alt=\"m 1\" width=\"500\" height=\"333\" srcset=\"https:\/\/www.sudoestehoje.com.br\/novoportal\/wp-content\/uploads\/2016\/09\/m-1-500x333.jpg 500w, https:\/\/www.sudoestehoje.com.br\/novoportal\/wp-content\/uploads\/2016\/09\/m-1-768x512.jpg 768w, https:\/\/www.sudoestehoje.com.br\/novoportal\/wp-content\/uploads\/2016\/09\/m-1-700x467.jpg 700w, https:\/\/www.sudoestehoje.com.br\/novoportal\/wp-content\/uploads\/2016\/09\/m-1.jpg 960w\" sizes=\"auto, (max-width: 500px) 100vw, 500px\" \/><\/a><\/p>\n<p><em><strong>Ascom PSD<\/strong><\/em><\/p>\n<p>A ex-senadora e terceira candidata mais votada nas \u00faltimas elei\u00e7\u00f5es presidenciais em 2014, e porta-voz nacional da Rede Sustentabilidade, Marina Silva, visitou ontem (06) Itapetinga onde cumpriu agenda pol\u00edtica.\u00a0 Na parte da tarde participando de um ato p\u00fablico em apoio ao candidato a prefeito e vice, respectivamente, Al\u00e9cio Chaves (PSD) e Miraldo Mota (REDE).<\/p>\n<p><a href=\"http:\/\/www.sudoestehoje.com.br\/novoportal\/wp-content\/uploads\/2016\/09\/m-2.jpg\" rel=\"attachment wp-att-60535\"><img loading=\"lazy\" decoding=\"async\" class=\"aligncenter size-medium wp-image-60535\" src=\"http:\/\/www.sudoestehoje.com.br\/novoportal\/wp-content\/uploads\/2016\/09\/m-2-500x333.jpg\" alt=\"m 2\" width=\"500\" height=\"333\" srcset=\"https:\/\/www.sudoestehoje.com.br\/novoportal\/wp-content\/uploads\/2016\/09\/m-2-500x333.jpg 500w, https:\/\/www.sudoestehoje.com.br\/novoportal\/wp-content\/uploads\/2016\/09\/m-2-768x512.jpg 768w, https:\/\/www.sudoestehoje.com.br\/novoportal\/wp-content\/uploads\/2016\/09\/m-2-700x467.jpg 700w, https:\/\/www.sudoestehoje.com.br\/novoportal\/wp-content\/uploads\/2016\/09\/m-2.jpg 960w\" sizes=\"auto, (max-width: 500px) 100vw, 500px\" \/><\/a><\/p>\n<p>A presen\u00e7a de Marina Silva pode sem d\u00favida alguma alimentar ainda mais a campanha pol\u00edtica da coliga\u00e7\u00e3o &#8220;A mudan\u00e7a \u00e9 a gente que faz&#8221;. Neste sentido, e com muitas articula\u00e7\u00f5es, Al\u00e9cio Chaves j\u00e1 conquistou forte apoio popular e \u00e9 uma estrela em ascens\u00e3o na pol\u00edtica, tendo conquistado importante espa\u00e7o. Como principais caracter\u00edsticas tem defendido quest\u00f5es sociais e populares.<\/p>\n<p><a href=\"http:\/\/www.sudoestehoje.com.br\/novoportal\/wp-content\/uploads\/2016\/09\/m-3.jpg\" rel=\"attachment wp-att-60536\"><img loading=\"lazy\" decoding=\"async\" class=\"aligncenter size-medium wp-image-60536\" src=\"http:\/\/www.sudoestehoje.com.br\/novoportal\/wp-content\/uploads\/2016\/09\/m-3-500x333.jpg\" alt=\"m 3\" width=\"500\" height=\"333\" srcset=\"https:\/\/www.sudoestehoje.com.br\/novoportal\/wp-content\/uploads\/2016\/09\/m-3-500x333.jpg 500w, https:\/\/www.sudoestehoje.com.br\/novoportal\/wp-content\/uploads\/2016\/09\/m-3-768x512.jpg 768w, https:\/\/www.sudoestehoje.com.br\/novoportal\/wp-content\/uploads\/2016\/09\/m-3-700x467.jpg 700w, https:\/\/www.sudoestehoje.com.br\/novoportal\/wp-content\/uploads\/2016\/09\/m-3.jpg 960w\" sizes=\"auto, (max-width: 500px) 100vw, 500px\" \/><\/a><\/p>\n<p>Marina Silva destacou v\u00e1rios desafios hist\u00f3ricos de lutas em momentos dif\u00edceis como estamos atravessando, desde o conturbado cen\u00e1rio pol\u00edtico nacional, at\u00e9 as dificuldades que os estados e munic\u00edpios tem atravessado.<\/p>\n<p><a href=\"http:\/\/www.sudoestehoje.com.br\/novoportal\/wp-content\/uploads\/2016\/09\/m-4.jpg\" rel=\"attachment wp-att-60537\"><img loading=\"lazy\" decoding=\"async\" class=\"aligncenter size-medium wp-image-60537\" src=\"http:\/\/www.sudoestehoje.com.br\/novoportal\/wp-content\/uploads\/2016\/09\/m-4-500x375.jpg\" alt=\"m 4\" width=\"500\" height=\"375\" srcset=\"https:\/\/www.sudoestehoje.com.br\/novoportal\/wp-content\/uploads\/2016\/09\/m-4-500x375.jpg 500w, https:\/\/www.sudoestehoje.com.br\/novoportal\/wp-content\/uploads\/2016\/09\/m-4-768x576.jpg 768w, https:\/\/www.sudoestehoje.com.br\/novoportal\/wp-content\/uploads\/2016\/09\/m-4-700x525.jpg 700w, https:\/\/www.sudoestehoje.com.br\/novoportal\/wp-content\/uploads\/2016\/09\/m-4.jpg 960w\" sizes=\"auto, (max-width: 500px) 100vw, 500px\" \/><\/a><\/p>\n<p>&#8220;Mas digo a voc\u00eas que, como Al\u00e9cio falou, para n\u00f3s nunca \u00e9 f\u00e1cil, mas temos em nossa experi\u00eancia de vida a supera\u00e7\u00e3o no dia a dia. Ao final vamos vencer, por\u00e9m precisamos de todo mundo para essa reconstru\u00e7\u00e3o&#8221;.\u00a0A reuni\u00e3o aconteceu no ITC &#8211; Itapetinga T\u00eanis Club e reuni\u00e3o uma multid\u00e3o, que acreditam numa gest\u00e3o moderna, eficiente, \u00e1gil nas respostas \u00e0s demandas do povo e que possa apresentar resultados concretos para garantir a melhoria da qualidade de vida de todos os itapetinguenses, do campo e da cidade.<\/p>\n\n\t\t<style type=\"text\/css\">\n\t\t\t#gallery-1 {\n\t\t\t\tmargin: auto;\n\t\t\t}\n\t\t\t#gallery-1 .gallery-item {\n\t\t\t\tfloat: left;\n\t\t\t\tmargin-top: 10px;\n\t\t\t\ttext-align: center;\n\t\t\t\twidth: 33%;\n\t\t\t}\n\t\t\t#gallery-1 img {\n\t\t\t\tborder: 2px solid #cfcfcf;\n\t\t\t}\n\t\t\t#gallery-1 .gallery-caption {\n\t\t\t\tmargin-left: 0;\n\t\t\t}\n\t\t\t\/* see gallery_shortcode() in wp-includes\/media.php *\/\n\t\t<\/style>\n\t\t<div id='gallery-1' class='gallery galleryid-60533 gallery-columns-3 gallery-size-thumbnail'><dl class='gallery-item'>\n\t\t\t<dt class='gallery-icon landscape'>\n\t\t\t\t<a href='https:\/\/www.sudoestehoje.com.br\/novoportal\/2016\/09\/07\/eleicoes-visita-de-marina-silva-reforca-campanha-de-alecio-e-miraldo\/m-5-4\/'><img loading=\"lazy\" decoding=\"async\" width=\"150\" height=\"150\" src=\"https:\/\/www.sudoestehoje.com.br\/novoportal\/wp-content\/uploads\/2016\/09\/m-5-150x150.jpg\" class=\"attachment-thumbnail size-thumbnail\" alt=\"\" \/><\/a>\n\t\t\t<\/dt><\/dl><dl class='gallery-item'>\n\t\t\t<dt class='gallery-icon landscape'>\n\t\t\t\t<a href='https:\/\/www.sudoestehoje.com.br\/novoportal\/2016\/09\/07\/eleicoes-visita-de-marina-silva-reforca-campanha-de-alecio-e-miraldo\/m-6-4\/'><img loading=\"lazy\" decoding=\"async\" width=\"150\" height=\"150\" src=\"https:\/\/www.sudoestehoje.com.br\/novoportal\/wp-content\/uploads\/2016\/09\/m-6-150x150.jpg\" class=\"attachment-thumbnail size-thumbnail\" alt=\"\" \/><\/a>\n\t\t\t<\/dt><\/dl><dl class='gallery-item'>\n\t\t\t<dt class='gallery-icon landscape'>\n\t\t\t\t<a href='https:\/\/www.sudoestehoje.com.br\/novoportal\/2016\/09\/07\/eleicoes-visita-de-marina-silva-reforca-campanha-de-alecio-e-miraldo\/m-7-4\/'><img loading=\"lazy\" decoding=\"async\" width=\"150\" height=\"150\" src=\"https:\/\/www.sudoestehoje.com.br\/novoportal\/wp-content\/uploads\/2016\/09\/m-7-150x150.jpg\" class=\"attachment-thumbnail size-thumbnail\" alt=\"\" \/><\/a>\n\t\t\t<\/dt><\/dl><br style=\"clear: both\" \/><dl class='gallery-item'>\n\t\t\t<dt class='gallery-icon landscape'>\n\t\t\t\t<a href='https:\/\/www.sudoestehoje.com.br\/novoportal\/2016\/09\/07\/eleicoes-visita-de-marina-silva-reforca-campanha-de-alecio-e-miraldo\/m-8-3\/'><img loading=\"lazy\" decoding=\"async\" width=\"150\" height=\"150\" src=\"https:\/\/www.sudoestehoje.com.br\/novoportal\/wp-content\/uploads\/2016\/09\/m-8-150x150.jpg\" class=\"attachment-thumbnail size-thumbnail\" alt=\"\" \/><\/a>\n\t\t\t<\/dt><\/dl><dl class='gallery-item'>\n\t\t\t<dt class='gallery-icon landscape'>\n\t\t\t\t<a href='https:\/\/www.sudoestehoje.com.br\/novoportal\/2016\/09\/07\/eleicoes-visita-de-marina-silva-reforca-campanha-de-alecio-e-miraldo\/m-9-4\/'><img loading=\"lazy\" decoding=\"async\" width=\"150\" height=\"150\" src=\"https:\/\/www.sudoestehoje.com.br\/novoportal\/wp-content\/uploads\/2016\/09\/m-9-150x150.jpg\" class=\"attachment-thumbnail size-thumbnail\" alt=\"\" \/><\/a>\n\t\t\t<\/dt><\/dl><dl class='gallery-item'>\n\t\t\t<dt class='gallery-icon landscape'>\n\t\t\t\t<a href='https:\/\/www.sudoestehoje.com.br\/novoportal\/2016\/09\/07\/eleicoes-visita-de-marina-silva-reforca-campanha-de-alecio-e-miraldo\/m10-2\/'><img loading=\"lazy\" decoding=\"async\" width=\"150\" height=\"150\" src=\"https:\/\/www.sudoestehoje.com.br\/novoportal\/wp-content\/uploads\/2016\/09\/m10-150x150.jpg\" class=\"attachment-thumbnail size-thumbnail\" alt=\"\" \/><\/a>\n\t\t\t<\/dt><\/dl><br style=\"clear: both\" \/>\n\t\t<\/div>\n\n","protected":false},"excerpt":{"rendered":"<p>Ascom PSD A ex-senadora e terceira candidata mais votada nas \u00faltimas elei\u00e7\u00f5es presidenciais em 2014, e porta-voz nacional da Rede Sustentabilidade, Marina Silva, visitou ontem (06) Itapetinga onde cumpriu agenda pol\u00edtica.\u00a0 Na parte da tarde participando de um ato p\u00fablico em apoio ao candidato a prefeito e vice, respectivamente, Al\u00e9cio Chaves (PSD) e Miraldo Mota [&hellip;]<\/p>\n","protected":false},"author":2,"featured_media":0,"comment_status":"open","ping_status":"open","sticky":false,"template":"","format":"standard","meta":{"footnotes":"","_links_to":"","_links_to_target":""},"categories":[1],"tags":[],"class_list":["post-60533","post","type-post","status-publish","format-standard","hentry","category-geral"],"views":1969,"_links":{"self":[{"href":"https:\/\/www.sudoestehoje.com.br\/novoportal\/wp-json\/wp\/v2\/posts\/60533","targetHints":{"allow":["GET"]}}],"collection":[{"href":"https:\/\/www.sudoestehoje.com.br\/novoportal\/wp-json\/wp\/v2\/posts"}],"about":[{"href":"https:\/\/www.sudoestehoje.com.br\/novoportal\/wp-json\/wp\/v2\/types\/post"}],"author":[{"embeddable":true,"href":"https:\/\/www.sudoestehoje.com.br\/novoportal\/wp-json\/wp\/v2\/users\/2"}],"replies":[{"embeddable":true,"href":"https:\/\/www.sudoestehoje.com.br\/novoportal\/wp-json\/wp\/v2\/comments?post=60533"}],"version-history":[{"count":2,"href":"https:\/\/www.sudoestehoje.com.br\/novoportal\/wp-json\/wp\/v2\/posts\/60533\/revisions"}],"predecessor-version":[{"id":60545,"href":"https:\/\/www.sudoestehoje.com.br\/novoportal\/wp-json\/wp\/v2\/posts\/60533\/revisions\/60545"}],"wp:attachment":[{"href":"https:\/\/www.sudoestehoje.com.br\/novoportal\/wp-json\/wp\/v2\/media?parent=60533"}],"wp:term":[{"taxonomy":"category","embeddable":true,"href":"https:\/\/www.sudoestehoje.com.br\/novoportal\/wp-json\/wp\/v2\/categories?post=60533"},{"taxonomy":"post_tag","embeddable":true,"href":"https:\/\/www.sudoestehoje.com.br\/novoportal\/wp-json\/wp\/v2\/tags?post=60533"}],"curies":[{"name":"wp","href":"https:\/\/api.w.org\/{rel}","templated":true}]}}