
{"id":60529,"date":"2016-09-06T20:50:49","date_gmt":"2016-09-06T23:50:49","guid":{"rendered":"http:\/\/www.sudoestehoje.com.br\/novoportal\/?p=60529"},"modified":"2016-09-06T20:50:49","modified_gmt":"2016-09-06T23:50:49","slug":"eleicoes-marina-silva-apoia-candidaturas-de-alecio-chaves-e-miraldo-mota","status":"publish","type":"post","link":"https:\/\/www.sudoestehoje.com.br\/novoportal\/2016\/09\/06\/eleicoes-marina-silva-apoia-candidaturas-de-alecio-chaves-e-miraldo-mota\/","title":{"rendered":"ELEI\u00c7\u00d5ES: MARINA SILVA APOIA CANDIDATURAS DE AL\u00c9CIO CHAVES E MIRALDO MOTA"},"content":{"rendered":"<p>Nesta ter\u00e7a-feira, a ex-candidata a presidente da rep\u00fablica Marina Silva (Rede) visitou Itapetinga e participou de um encontro no ITC. No evento, Marina declarou o seu apoio \u00e0 candidatura do professor Al\u00e9cio Chaves para prefeito de Itapetinga. Confira abaixo o v\u00eddeo da Ascom do PSD\/Rede:<\/p>\n<p><iframe loading=\"lazy\" title=\"MARINA SILVA APOIA A CANDIDATURA DE ALECIO CHAVES E MIRALDO MOTA EM ITAPETINGA\" width=\"500\" height=\"281\" src=\"https:\/\/www.youtube.com\/embed\/KQqCBWxJnhU?feature=oembed\" frameborder=\"0\" allow=\"accelerometer; autoplay; clipboard-write; encrypted-media; gyroscope; picture-in-picture; web-share\" referrerpolicy=\"strict-origin-when-cross-origin\" allowfullscreen><\/iframe><\/p>\n","protected":false},"excerpt":{"rendered":"<p>Nesta ter\u00e7a-feira, a ex-candidata a presidente da rep\u00fablica Marina Silva (Rede) visitou Itapetinga e participou de um encontro no ITC. No evento, Marina declarou o seu apoio \u00e0 candidatura do professor Al\u00e9cio Chaves para prefeito de Itapetinga. Confira abaixo o v\u00eddeo da Ascom do PSD\/Rede:<\/p>\n","protected":false},"author":2,"featured_media":0,"comment_status":"open","ping_status":"open","sticky":false,"template":"","format":"standard","meta":{"footnotes":"","_links_to":"","_links_to_target":""},"categories":[1],"tags":[],"class_list":["post-60529","post","type-post","status-publish","format-standard","hentry","category-geral"],"views":1235,"_links":{"self":[{"href":"https:\/\/www.sudoestehoje.com.br\/novoportal\/wp-json\/wp\/v2\/posts\/60529","targetHints":{"allow":["GET"]}}],"collection":[{"href":"https:\/\/www.sudoestehoje.com.br\/novoportal\/wp-json\/wp\/v2\/posts"}],"about":[{"href":"https:\/\/www.sudoestehoje.com.br\/novoportal\/wp-json\/wp\/v2\/types\/post"}],"author":[{"embeddable":true,"href":"https:\/\/www.sudoestehoje.com.br\/novoportal\/wp-json\/wp\/v2\/users\/2"}],"replies":[{"embeddable":true,"href":"https:\/\/www.sudoestehoje.com.br\/novoportal\/wp-json\/wp\/v2\/comments?post=60529"}],"version-history":[{"count":3,"href":"https:\/\/www.sudoestehoje.com.br\/novoportal\/wp-json\/wp\/v2\/posts\/60529\/revisions"}],"predecessor-version":[{"id":60532,"href":"https:\/\/www.sudoestehoje.com.br\/novoportal\/wp-json\/wp\/v2\/posts\/60529\/revisions\/60532"}],"wp:attachment":[{"href":"https:\/\/www.sudoestehoje.com.br\/novoportal\/wp-json\/wp\/v2\/media?parent=60529"}],"wp:term":[{"taxonomy":"category","embeddable":true,"href":"https:\/\/www.sudoestehoje.com.br\/novoportal\/wp-json\/wp\/v2\/categories?post=60529"},{"taxonomy":"post_tag","embeddable":true,"href":"https:\/\/www.sudoestehoje.com.br\/novoportal\/wp-json\/wp\/v2\/tags?post=60529"}],"curies":[{"name":"wp","href":"https:\/\/api.w.org\/{rel}","templated":true}]}}