
{"id":60525,"date":"2016-09-05T23:12:56","date_gmt":"2016-09-06T02:12:56","guid":{"rendered":"http:\/\/www.sudoestehoje.com.br\/novoportal\/?p=60525"},"modified":"2016-09-05T23:12:56","modified_gmt":"2016-09-06T02:12:56","slug":"morre-em-vitoria-da-conquista-o-itapetinguense-orlando-piau","status":"publish","type":"post","link":"https:\/\/www.sudoestehoje.com.br\/novoportal\/2016\/09\/05\/morre-em-vitoria-da-conquista-o-itapetinguense-orlando-piau\/","title":{"rendered":"MORRE EM VIT\u00d3RIA DA CONQUISTA O ITAPETINGUENSE ORLANDO PIAU"},"content":{"rendered":"<p><a href=\"http:\/\/www.sudoestehoje.com.br\/novoportal\/wp-content\/uploads\/2016\/09\/PIAU-2.jpg\" rel=\"attachment wp-att-60526\"><img loading=\"lazy\" decoding=\"async\" class=\"aligncenter size-medium wp-image-60526\" src=\"http:\/\/www.sudoestehoje.com.br\/novoportal\/wp-content\/uploads\/2016\/09\/PIAU-2-500x375.jpg\" alt=\"PIAU 2\" width=\"500\" height=\"375\" srcset=\"https:\/\/www.sudoestehoje.com.br\/novoportal\/wp-content\/uploads\/2016\/09\/PIAU-2-500x375.jpg 500w, https:\/\/www.sudoestehoje.com.br\/novoportal\/wp-content\/uploads\/2016\/09\/PIAU-2.jpg 524w\" sizes=\"auto, (max-width: 500px) 100vw, 500px\" \/><\/a><\/p>\n<p>Faleceu, no inicio da noite desta segunda-feira (5), o conhecido prot\u00e9tico Orlando Santana Carvalho, conhecido popularmente por &#8216;Piau&#8217;.<\/p>\n<p>Orlando, que era muito querido em Itapetinga, faleceu em Vit\u00f3ria da Conquista, onde se encontrava em tratamento, devido a complica\u00e7\u00f5es renais.<\/p>\n<p>Piau deixa a esposa Jesi e os filhos Sim\u00e3o Pedro, Catarina e Mariana, pessoas muito queridas e respeitadas pela sociedade itapetinguense.<\/p>\n<p>O corpo est\u00e1 sendo trasladado para Itapetinga e ser\u00e1 velado no Cerimonial Pax Perfei\u00e7\u00e3o, na Av. Cinquenten\u00e1rio. O hor\u00e1rio do sepultamento ainda n\u00e3o foi divulgado pela fam\u00edlia.<\/p>\n<p>O Sudoeste Hoje manifesta aos familiares e amigos o seu pesar pela perda irrepar\u00e1vel do grande amigo e companheiro de todas as jornadas.<\/p>\n<p><strong><em>Davi Ferraz &#8211; Editor<\/em><\/strong><\/p>\n","protected":false},"excerpt":{"rendered":"<p>Faleceu, no inicio da noite desta segunda-feira (5), o conhecido prot\u00e9tico Orlando Santana Carvalho, conhecido popularmente por &#8216;Piau&#8217;. Orlando, que era muito querido em Itapetinga, faleceu em Vit\u00f3ria da Conquista, onde se encontrava em tratamento, devido a complica\u00e7\u00f5es renais. Piau deixa a esposa Jesi e os filhos Sim\u00e3o Pedro, Catarina e Mariana, pessoas muito queridas [&hellip;]<\/p>\n","protected":false},"author":2,"featured_media":0,"comment_status":"open","ping_status":"open","sticky":false,"template":"","format":"standard","meta":{"footnotes":"","_links_to":"","_links_to_target":""},"categories":[1],"tags":[],"class_list":["post-60525","post","type-post","status-publish","format-standard","hentry","category-geral"],"views":1806,"_links":{"self":[{"href":"https:\/\/www.sudoestehoje.com.br\/novoportal\/wp-json\/wp\/v2\/posts\/60525","targetHints":{"allow":["GET"]}}],"collection":[{"href":"https:\/\/www.sudoestehoje.com.br\/novoportal\/wp-json\/wp\/v2\/posts"}],"about":[{"href":"https:\/\/www.sudoestehoje.com.br\/novoportal\/wp-json\/wp\/v2\/types\/post"}],"author":[{"embeddable":true,"href":"https:\/\/www.sudoestehoje.com.br\/novoportal\/wp-json\/wp\/v2\/users\/2"}],"replies":[{"embeddable":true,"href":"https:\/\/www.sudoestehoje.com.br\/novoportal\/wp-json\/wp\/v2\/comments?post=60525"}],"version-history":[{"count":2,"href":"https:\/\/www.sudoestehoje.com.br\/novoportal\/wp-json\/wp\/v2\/posts\/60525\/revisions"}],"predecessor-version":[{"id":60528,"href":"https:\/\/www.sudoestehoje.com.br\/novoportal\/wp-json\/wp\/v2\/posts\/60525\/revisions\/60528"}],"wp:attachment":[{"href":"https:\/\/www.sudoestehoje.com.br\/novoportal\/wp-json\/wp\/v2\/media?parent=60525"}],"wp:term":[{"taxonomy":"category","embeddable":true,"href":"https:\/\/www.sudoestehoje.com.br\/novoportal\/wp-json\/wp\/v2\/categories?post=60525"},{"taxonomy":"post_tag","embeddable":true,"href":"https:\/\/www.sudoestehoje.com.br\/novoportal\/wp-json\/wp\/v2\/tags?post=60525"}],"curies":[{"name":"wp","href":"https:\/\/api.w.org\/{rel}","templated":true}]}}