
{"id":60521,"date":"2016-09-05T16:01:14","date_gmt":"2016-09-05T19:01:14","guid":{"rendered":"http:\/\/www.sudoestehoje.com.br\/novoportal\/?p=60521"},"modified":"2016-09-05T16:01:14","modified_gmt":"2016-09-05T19:01:14","slug":"bancarios-de-todo-o-brasil-entram-em-greve-nesta-terca","status":"publish","type":"post","link":"https:\/\/www.sudoestehoje.com.br\/novoportal\/2016\/09\/05\/bancarios-de-todo-o-brasil-entram-em-greve-nesta-terca\/","title":{"rendered":"BANC\u00c1RIOS DE TODO O BRASIL ENTRAM EM GREVE NESTA TER\u00c7A"},"content":{"rendered":"<p><a href=\"http:\/\/www.sudoestehoje.com.br\/novoportal\/wp-content\/uploads\/2016\/09\/greve.jpg\" rel=\"attachment wp-att-60522\"><img loading=\"lazy\" decoding=\"async\" class=\"aligncenter  wp-image-60522\" src=\"http:\/\/www.sudoestehoje.com.br\/novoportal\/wp-content\/uploads\/2016\/09\/greve.jpg\" alt=\"greve\" width=\"499\" height=\"332\" \/><\/a><\/p>\n<p>Banc\u00e1rios de todo o pa\u00eds entram em greve nesta ter\u00e7a-feira (6), depois de rejeitar a proposta oferecida pela Federa\u00e7\u00e3o Nacional dos Bancos (Fenaban).<\/p>\n<p>As reivindica\u00e7\u00f5es incluem reajuste salarial, reposi\u00e7\u00e3o inflacion\u00e1ria de 5%, antecipa\u00e7\u00e3o e reajuste na participa\u00e7\u00e3o dos lucros, aumento do piso salarial, aumento do vale-alimenta\u00e7\u00e3o, melhores condi\u00e7\u00f5es de trabalho e plano de carreira.<\/p>\n<p>A greve, que ser\u00e1 realizada em todo o territ\u00f3rio nacional, ter\u00e1 as condi\u00e7\u00f5es definidas em assembleia a ser realizada nesta segunda-feira em Bras\u00edlia.<\/p>\n","protected":false},"excerpt":{"rendered":"<p>Banc\u00e1rios de todo o pa\u00eds entram em greve nesta ter\u00e7a-feira (6), depois de rejeitar a proposta oferecida pela Federa\u00e7\u00e3o Nacional dos Bancos (Fenaban). As reivindica\u00e7\u00f5es incluem reajuste salarial, reposi\u00e7\u00e3o inflacion\u00e1ria de 5%, antecipa\u00e7\u00e3o e reajuste na participa\u00e7\u00e3o dos lucros, aumento do piso salarial, aumento do vale-alimenta\u00e7\u00e3o, melhores condi\u00e7\u00f5es de trabalho e plano de carreira. A [&hellip;]<\/p>\n","protected":false},"author":2,"featured_media":0,"comment_status":"open","ping_status":"open","sticky":false,"template":"","format":"standard","meta":{"footnotes":"","_links_to":"","_links_to_target":""},"categories":[1],"tags":[],"class_list":["post-60521","post","type-post","status-publish","format-standard","hentry","category-geral"],"views":1206,"_links":{"self":[{"href":"https:\/\/www.sudoestehoje.com.br\/novoportal\/wp-json\/wp\/v2\/posts\/60521","targetHints":{"allow":["GET"]}}],"collection":[{"href":"https:\/\/www.sudoestehoje.com.br\/novoportal\/wp-json\/wp\/v2\/posts"}],"about":[{"href":"https:\/\/www.sudoestehoje.com.br\/novoportal\/wp-json\/wp\/v2\/types\/post"}],"author":[{"embeddable":true,"href":"https:\/\/www.sudoestehoje.com.br\/novoportal\/wp-json\/wp\/v2\/users\/2"}],"replies":[{"embeddable":true,"href":"https:\/\/www.sudoestehoje.com.br\/novoportal\/wp-json\/wp\/v2\/comments?post=60521"}],"version-history":[{"count":1,"href":"https:\/\/www.sudoestehoje.com.br\/novoportal\/wp-json\/wp\/v2\/posts\/60521\/revisions"}],"predecessor-version":[{"id":60523,"href":"https:\/\/www.sudoestehoje.com.br\/novoportal\/wp-json\/wp\/v2\/posts\/60521\/revisions\/60523"}],"wp:attachment":[{"href":"https:\/\/www.sudoestehoje.com.br\/novoportal\/wp-json\/wp\/v2\/media?parent=60521"}],"wp:term":[{"taxonomy":"category","embeddable":true,"href":"https:\/\/www.sudoestehoje.com.br\/novoportal\/wp-json\/wp\/v2\/categories?post=60521"},{"taxonomy":"post_tag","embeddable":true,"href":"https:\/\/www.sudoestehoje.com.br\/novoportal\/wp-json\/wp\/v2\/tags?post=60521"}],"curies":[{"name":"wp","href":"https:\/\/api.w.org\/{rel}","templated":true}]}}