
{"id":60515,"date":"2016-09-05T13:12:42","date_gmt":"2016-09-05T16:12:42","guid":{"rendered":"http:\/\/www.sudoestehoje.com.br\/novoportal\/?p=60515"},"modified":"2016-09-05T13:12:42","modified_gmt":"2016-09-05T16:12:42","slug":"em-roma-antonio-brito-se-encontra-com-o-papa-francisco-no-jubileu-das-misericordias","status":"publish","type":"post","link":"https:\/\/www.sudoestehoje.com.br\/novoportal\/2016\/09\/05\/em-roma-antonio-brito-se-encontra-com-o-papa-francisco-no-jubileu-das-misericordias\/","title":{"rendered":"EM ROMA, ANT\u00d4NIO BRITO SE ENCONTRA COM O PAPA FRANCISCO NO JUBILEU DAS MISERIC\u00d3RDIAS"},"content":{"rendered":"<p><a href=\"http:\/\/www.sudoestehoje.com.br\/novoportal\/wp-content\/uploads\/2016\/09\/brito-com-o-papa.jpg\" rel=\"attachment wp-att-60516\"><img loading=\"lazy\" decoding=\"async\" class=\"aligncenter size-medium wp-image-60516\" src=\"http:\/\/www.sudoestehoje.com.br\/novoportal\/wp-content\/uploads\/2016\/09\/brito-com-o-papa-500x344.jpg\" alt=\"brito com o papa\" width=\"500\" height=\"344\" srcset=\"https:\/\/www.sudoestehoje.com.br\/novoportal\/wp-content\/uploads\/2016\/09\/brito-com-o-papa-500x344.jpg 500w, https:\/\/www.sudoestehoje.com.br\/novoportal\/wp-content\/uploads\/2016\/09\/brito-com-o-papa-768x528.jpg 768w, https:\/\/www.sudoestehoje.com.br\/novoportal\/wp-content\/uploads\/2016\/09\/brito-com-o-papa-700x481.jpg 700w, https:\/\/www.sudoestehoje.com.br\/novoportal\/wp-content\/uploads\/2016\/09\/brito-com-o-papa.jpg 960w\" sizes=\"auto, (max-width: 500px) 100vw, 500px\" \/><\/a><\/p>\n<p>Durante o Jubileu dos Operadores e Volunt\u00e1rios da Miseric\u00f3rdia, no Vaticano, evento que reuniu os l\u00edderes mundiais das Santas Casas, o deputado federal Antonio Brito levou ao papa Francisco uma fl\u00e2mula da Santa Casa de Jequi\u00e9 e o pediu que aben\u00e7oasse a institui\u00e7\u00e3o.<\/p>\n<p>Antonio Brito esteve acompanhado de representantes de Portugal, It\u00e1lia e Jap\u00e3o. Eles representaram as centenas de Miseric\u00f3rdias presentes na Pra\u00e7a de S\u00e3o Pedro, al\u00e9m das 4.000 entidades constitu\u00eddas em 22 pa\u00edses.<\/p>\n<p>Ainda no Vaticano, Antonio Brito tamb\u00e9m participou da cerim\u00f4nia de canoniza\u00e7\u00e3o de Madre Teresa de Calcut\u00e1, ocorrida ontem (4), na presen\u00e7a de cerca de 120 mil fi\u00e9is de diversas partes do mundo. Ascom<\/p>\n","protected":false},"excerpt":{"rendered":"<p>Durante o Jubileu dos Operadores e Volunt\u00e1rios da Miseric\u00f3rdia, no Vaticano, evento que reuniu os l\u00edderes mundiais das Santas Casas, o deputado federal Antonio Brito levou ao papa Francisco uma fl\u00e2mula da Santa Casa de Jequi\u00e9 e o pediu que aben\u00e7oasse a institui\u00e7\u00e3o. Antonio Brito esteve acompanhado de representantes de Portugal, It\u00e1lia e Jap\u00e3o. Eles [&hellip;]<\/p>\n","protected":false},"author":2,"featured_media":0,"comment_status":"open","ping_status":"open","sticky":false,"template":"","format":"standard","meta":{"footnotes":"","_links_to":"","_links_to_target":""},"categories":[1],"tags":[],"class_list":["post-60515","post","type-post","status-publish","format-standard","hentry","category-geral"],"views":1475,"_links":{"self":[{"href":"https:\/\/www.sudoestehoje.com.br\/novoportal\/wp-json\/wp\/v2\/posts\/60515","targetHints":{"allow":["GET"]}}],"collection":[{"href":"https:\/\/www.sudoestehoje.com.br\/novoportal\/wp-json\/wp\/v2\/posts"}],"about":[{"href":"https:\/\/www.sudoestehoje.com.br\/novoportal\/wp-json\/wp\/v2\/types\/post"}],"author":[{"embeddable":true,"href":"https:\/\/www.sudoestehoje.com.br\/novoportal\/wp-json\/wp\/v2\/users\/2"}],"replies":[{"embeddable":true,"href":"https:\/\/www.sudoestehoje.com.br\/novoportal\/wp-json\/wp\/v2\/comments?post=60515"}],"version-history":[{"count":1,"href":"https:\/\/www.sudoestehoje.com.br\/novoportal\/wp-json\/wp\/v2\/posts\/60515\/revisions"}],"predecessor-version":[{"id":60517,"href":"https:\/\/www.sudoestehoje.com.br\/novoportal\/wp-json\/wp\/v2\/posts\/60515\/revisions\/60517"}],"wp:attachment":[{"href":"https:\/\/www.sudoestehoje.com.br\/novoportal\/wp-json\/wp\/v2\/media?parent=60515"}],"wp:term":[{"taxonomy":"category","embeddable":true,"href":"https:\/\/www.sudoestehoje.com.br\/novoportal\/wp-json\/wp\/v2\/categories?post=60515"},{"taxonomy":"post_tag","embeddable":true,"href":"https:\/\/www.sudoestehoje.com.br\/novoportal\/wp-json\/wp\/v2\/tags?post=60515"}],"curies":[{"name":"wp","href":"https:\/\/api.w.org\/{rel}","templated":true}]}}