
{"id":60488,"date":"2016-09-05T01:53:33","date_gmt":"2016-09-05T04:53:33","guid":{"rendered":"http:\/\/www.sudoestehoje.com.br\/novoportal\/?p=60488"},"modified":"2016-09-05T02:24:42","modified_gmt":"2016-09-05T05:24:42","slug":"eleicoes-bate-papo-de-adriano-e-henrique-movimentou-a-vila-isabel-neste-domingo","status":"publish","type":"post","link":"https:\/\/www.sudoestehoje.com.br\/novoportal\/2016\/09\/05\/eleicoes-bate-papo-de-adriano-e-henrique-movimentou-a-vila-isabel-neste-domingo\/","title":{"rendered":"ELEI\u00c7\u00d5ES: BATE PAPO DE ADRIANO E HENRIQUE MOVIMENTOU A VILA ISABEL NESTE DOMINGO"},"content":{"rendered":"<p><a href=\"http:\/\/www.sudoestehoje.com.br\/novoportal\/wp-content\/uploads\/2016\/09\/bp-1.jpg\" rel=\"attachment wp-att-60510\"><img loading=\"lazy\" decoding=\"async\" class=\"aligncenter size-medium wp-image-60510\" src=\"http:\/\/www.sudoestehoje.com.br\/novoportal\/wp-content\/uploads\/2016\/09\/bp-1-500x333.jpg\" alt=\"bp 1\" width=\"500\" height=\"333\" srcset=\"https:\/\/www.sudoestehoje.com.br\/novoportal\/wp-content\/uploads\/2016\/09\/bp-1-500x333.jpg 500w, https:\/\/www.sudoestehoje.com.br\/novoportal\/wp-content\/uploads\/2016\/09\/bp-1-768x512.jpg 768w, https:\/\/www.sudoestehoje.com.br\/novoportal\/wp-content\/uploads\/2016\/09\/bp-1-700x466.jpg 700w, https:\/\/www.sudoestehoje.com.br\/novoportal\/wp-content\/uploads\/2016\/09\/bp-1.jpg 1280w\" sizes=\"auto, (max-width: 500px) 100vw, 500px\" \/><\/a><\/p>\n<p><strong><em>Ascom PSDB 45<\/em><\/strong><\/p>\n<p>Neste domingo (4), uma imensa &#8216;onda azul&#8217; tomou as ruas da Vila Isabel . Afirmando que \u201ccandidato que tem proposta a apresentar, bate na porta, pede licen\u00e7a, entra, olha nos olhos da pessoa e conversa. Quem n\u00e3o tem, passa como j\u00e1 passaram por aqui, fazendo barulho, soltando bomba porque n\u00e3o tem o que apresentar&#8221;, o candidato Adriano Alc\u00e2ntara PSDB iniciou a sua fala.<\/p>\n<p><a href=\"http:\/\/www.sudoestehoje.com.br\/novoportal\/wp-content\/uploads\/2016\/09\/IMG-20160904-WA0171.jpg\" rel=\"attachment wp-att-60501\"><img loading=\"lazy\" decoding=\"async\" class=\"aligncenter size-medium wp-image-60501\" src=\"http:\/\/www.sudoestehoje.com.br\/novoportal\/wp-content\/uploads\/2016\/09\/IMG-20160904-WA0171-500x333.jpg\" alt=\"IMG-20160904-WA0171\" width=\"500\" height=\"333\" srcset=\"https:\/\/www.sudoestehoje.com.br\/novoportal\/wp-content\/uploads\/2016\/09\/IMG-20160904-WA0171-500x333.jpg 500w, https:\/\/www.sudoestehoje.com.br\/novoportal\/wp-content\/uploads\/2016\/09\/IMG-20160904-WA0171-768x512.jpg 768w, https:\/\/www.sudoestehoje.com.br\/novoportal\/wp-content\/uploads\/2016\/09\/IMG-20160904-WA0171-700x466.jpg 700w, https:\/\/www.sudoestehoje.com.br\/novoportal\/wp-content\/uploads\/2016\/09\/IMG-20160904-WA0171.jpg 1280w\" sizes=\"auto, (max-width: 500px) 100vw, 500px\" \/><\/a><\/p>\n<p>O trabalho no bairro come\u00e7ou desde a \u00faltima quinta-feira,\u00a0 quando com toda essa a\u00e7\u00e3o descrita no palco, visitou as casas dos moradores, levando uma palavra de esperan\u00e7a e convidando a todos os inconformados cidad\u00e3os que n\u00e3o est\u00e3o dispostos a se vender por dinheiro nenhum, nem se deixar levar por antigas paix\u00f5es, a comparecerem em massa\u00a0 ao evento realizado nesta manh\u00e3.<\/p>\n<p><a href=\"http:\/\/www.sudoestehoje.com.br\/novoportal\/wp-content\/uploads\/2016\/09\/IMG-20160904-WA0165.jpg\" rel=\"attachment wp-att-60495\"><img loading=\"lazy\" decoding=\"async\" class=\"aligncenter size-medium wp-image-60495\" src=\"http:\/\/www.sudoestehoje.com.br\/novoportal\/wp-content\/uploads\/2016\/09\/IMG-20160904-WA0165-500x333.jpg\" alt=\"IMG-20160904-WA0165\" width=\"500\" height=\"333\" srcset=\"https:\/\/www.sudoestehoje.com.br\/novoportal\/wp-content\/uploads\/2016\/09\/IMG-20160904-WA0165-500x333.jpg 500w, https:\/\/www.sudoestehoje.com.br\/novoportal\/wp-content\/uploads\/2016\/09\/IMG-20160904-WA0165-768x512.jpg 768w, https:\/\/www.sudoestehoje.com.br\/novoportal\/wp-content\/uploads\/2016\/09\/IMG-20160904-WA0165-700x466.jpg 700w, https:\/\/www.sudoestehoje.com.br\/novoportal\/wp-content\/uploads\/2016\/09\/IMG-20160904-WA0165.jpg 1280w\" sizes=\"auto, (max-width: 500px) 100vw, 500px\" \/><\/a>O grupo partiu da Rua Jos\u00e9 Renato Muniz e caminhou at\u00e9 a Pra\u00e7a Donaciano Macedo, convocando a popula\u00e7\u00e3o a soltar mais uma vez o grito de independ\u00eancia que Itapetinga tanto precisa.<br \/>\nResgatando o sentimento de esperan\u00e7a no povo, Adriano e Henrique lembraram do decl\u00ednio da cidade que vem ocorrendo n\u00e3o s\u00f3 nos \u00faltimos 8 anos, na gest\u00e3o do PT, mas sim nos \u00faltimos 12 anos, decl\u00ednio que justifica a total insatisfa\u00e7\u00e3o e descren\u00e7a da popula\u00e7\u00e3o.<\/p>\n<p><a href=\"http:\/\/www.sudoestehoje.com.br\/novoportal\/wp-content\/uploads\/2016\/09\/IMG-20160904-WA0164.jpg\" rel=\"attachment wp-att-60494\"><img loading=\"lazy\" decoding=\"async\" class=\"aligncenter size-medium wp-image-60494\" src=\"http:\/\/www.sudoestehoje.com.br\/novoportal\/wp-content\/uploads\/2016\/09\/IMG-20160904-WA0164-500x333.jpg\" alt=\"IMG-20160904-WA0164\" width=\"500\" height=\"333\" srcset=\"https:\/\/www.sudoestehoje.com.br\/novoportal\/wp-content\/uploads\/2016\/09\/IMG-20160904-WA0164-500x333.jpg 500w, https:\/\/www.sudoestehoje.com.br\/novoportal\/wp-content\/uploads\/2016\/09\/IMG-20160904-WA0164-768x512.jpg 768w, https:\/\/www.sudoestehoje.com.br\/novoportal\/wp-content\/uploads\/2016\/09\/IMG-20160904-WA0164-700x466.jpg 700w, https:\/\/www.sudoestehoje.com.br\/novoportal\/wp-content\/uploads\/2016\/09\/IMG-20160904-WA0164.jpg 1280w\" sizes=\"auto, (max-width: 500px) 100vw, 500px\" \/><\/a><\/p>\n<p>\u201cItapetinga j\u00e1 percebeu que se h\u00e1 uma fonte de esperan\u00e7a para direcionar melhor essa cidade, esta fonte est\u00e1 aqui. Se n\u00f3s, homens de bem, homens independentes, capazes, n\u00e3o nos apresentarmos para solucionar essa forma nefasta como a prefeitura tem sido conduzida, os mesmos continuar\u00e3o l\u00e1 eternamente. E essa onda azul 45, onda de esperan\u00e7a, est\u00e1 inundando n\u00e3o apenas as pra\u00e7as e ruas da nossa cidade, ela est\u00e1 inundando os nossos cora\u00e7\u00f5es&#8221;, finalizou Adriano sobre a mudan\u00e7a que Itapetinga tanto precisa para voltar a viver daqui pra frente.<\/p>\n<p><a href=\"http:\/\/www.sudoestehoje.com.br\/novoportal\/wp-content\/uploads\/2016\/09\/bp-3.jpg\" rel=\"attachment wp-att-60513\"><img loading=\"lazy\" decoding=\"async\" class=\"aligncenter size-medium wp-image-60513\" src=\"http:\/\/www.sudoestehoje.com.br\/novoportal\/wp-content\/uploads\/2016\/09\/bp-3-500x333.jpg\" alt=\"bp 3\" width=\"500\" height=\"333\" srcset=\"https:\/\/www.sudoestehoje.com.br\/novoportal\/wp-content\/uploads\/2016\/09\/bp-3-500x333.jpg 500w, https:\/\/www.sudoestehoje.com.br\/novoportal\/wp-content\/uploads\/2016\/09\/bp-3-768x512.jpg 768w, https:\/\/www.sudoestehoje.com.br\/novoportal\/wp-content\/uploads\/2016\/09\/bp-3-700x466.jpg 700w, https:\/\/www.sudoestehoje.com.br\/novoportal\/wp-content\/uploads\/2016\/09\/bp-3.jpg 1280w\" sizes=\"auto, (max-width: 500px) 100vw, 500px\" \/><\/a><\/p>\n<p>CONFIRA MAIS FOTOS NA GALERIA ABAIXO:<!--more--><\/p>\n\n\t\t<style type=\"text\/css\">\n\t\t\t#gallery-1 {\n\t\t\t\tmargin: auto;\n\t\t\t}\n\t\t\t#gallery-1 .gallery-item {\n\t\t\t\tfloat: left;\n\t\t\t\tmargin-top: 10px;\n\t\t\t\ttext-align: center;\n\t\t\t\twidth: 33%;\n\t\t\t}\n\t\t\t#gallery-1 img {\n\t\t\t\tborder: 2px solid #cfcfcf;\n\t\t\t}\n\t\t\t#gallery-1 .gallery-caption {\n\t\t\t\tmargin-left: 0;\n\t\t\t}\n\t\t\t\/* see gallery_shortcode() in wp-includes\/media.php *\/\n\t\t<\/style>\n\t\t<div id='gallery-1' class='gallery galleryid-60488 gallery-columns-3 gallery-size-thumbnail'><dl class='gallery-item'>\n\t\t\t<dt class='gallery-icon landscape'>\n\t\t\t\t<a href='https:\/\/www.sudoestehoje.com.br\/novoportal\/2016\/09\/05\/eleicoes-bate-papo-de-adriano-e-henrique-movimentou-a-vila-isabel-neste-domingo\/img-20160904-wa0170\/'><img loading=\"lazy\" decoding=\"async\" width=\"150\" height=\"150\" src=\"https:\/\/www.sudoestehoje.com.br\/novoportal\/wp-content\/uploads\/2016\/09\/IMG-20160904-WA0170-150x150.jpg\" class=\"attachment-thumbnail size-thumbnail\" alt=\"\" \/><\/a>\n\t\t\t<\/dt><\/dl><dl class='gallery-item'>\n\t\t\t<dt class='gallery-icon landscape'>\n\t\t\t\t<a href='https:\/\/www.sudoestehoje.com.br\/novoportal\/2016\/09\/05\/eleicoes-bate-papo-de-adriano-e-henrique-movimentou-a-vila-isabel-neste-domingo\/img-20160904-wa0165\/'><img loading=\"lazy\" decoding=\"async\" width=\"150\" height=\"150\" src=\"https:\/\/www.sudoestehoje.com.br\/novoportal\/wp-content\/uploads\/2016\/09\/IMG-20160904-WA0165-150x150.jpg\" class=\"attachment-thumbnail size-thumbnail\" alt=\"\" \/><\/a>\n\t\t\t<\/dt><\/dl><dl class='gallery-item'>\n\t\t\t<dt class='gallery-icon landscape'>\n\t\t\t\t<a href='https:\/\/www.sudoestehoje.com.br\/novoportal\/2016\/09\/05\/eleicoes-bate-papo-de-adriano-e-henrique-movimentou-a-vila-isabel-neste-domingo\/img-20160904-wa0168\/'><img loading=\"lazy\" decoding=\"async\" width=\"150\" height=\"150\" src=\"https:\/\/www.sudoestehoje.com.br\/novoportal\/wp-content\/uploads\/2016\/09\/IMG-20160904-WA0168-150x150.jpg\" class=\"attachment-thumbnail size-thumbnail\" alt=\"\" \/><\/a>\n\t\t\t<\/dt><\/dl><br style=\"clear: both\" \/><dl class='gallery-item'>\n\t\t\t<dt class='gallery-icon landscape'>\n\t\t\t\t<a href='https:\/\/www.sudoestehoje.com.br\/novoportal\/2016\/09\/05\/eleicoes-bate-papo-de-adriano-e-henrique-movimentou-a-vila-isabel-neste-domingo\/img-20160904-wa0167\/'><img loading=\"lazy\" decoding=\"async\" width=\"150\" height=\"150\" src=\"https:\/\/www.sudoestehoje.com.br\/novoportal\/wp-content\/uploads\/2016\/09\/IMG-20160904-WA0167-150x150.jpg\" class=\"attachment-thumbnail size-thumbnail\" alt=\"\" \/><\/a>\n\t\t\t<\/dt><\/dl><dl class='gallery-item'>\n\t\t\t<dt class='gallery-icon landscape'>\n\t\t\t\t<a href='https:\/\/www.sudoestehoje.com.br\/novoportal\/2016\/09\/05\/eleicoes-bate-papo-de-adriano-e-henrique-movimentou-a-vila-isabel-neste-domingo\/img-20160904-wa0166-1\/'><img loading=\"lazy\" decoding=\"async\" width=\"150\" height=\"150\" src=\"https:\/\/www.sudoestehoje.com.br\/novoportal\/wp-content\/uploads\/2016\/09\/IMG-20160904-WA0166-1-150x150.jpg\" class=\"attachment-thumbnail size-thumbnail\" alt=\"\" \/><\/a>\n\t\t\t<\/dt><\/dl><dl class='gallery-item'>\n\t\t\t<dt class='gallery-icon landscape'>\n\t\t\t\t<a href='https:\/\/www.sudoestehoje.com.br\/novoportal\/2016\/09\/05\/eleicoes-bate-papo-de-adriano-e-henrique-movimentou-a-vila-isabel-neste-domingo\/img-20160904-wa0172\/'><img loading=\"lazy\" decoding=\"async\" width=\"150\" height=\"150\" src=\"https:\/\/www.sudoestehoje.com.br\/novoportal\/wp-content\/uploads\/2016\/09\/IMG-20160904-WA0172-150x150.jpg\" class=\"attachment-thumbnail size-thumbnail\" alt=\"\" \/><\/a>\n\t\t\t<\/dt><\/dl><br style=\"clear: both\" \/><dl class='gallery-item'>\n\t\t\t<dt class='gallery-icon landscape'>\n\t\t\t\t<a href='https:\/\/www.sudoestehoje.com.br\/novoportal\/2016\/09\/05\/eleicoes-bate-papo-de-adriano-e-henrique-movimentou-a-vila-isabel-neste-domingo\/img-20160904-wa0173\/'><img loading=\"lazy\" decoding=\"async\" width=\"150\" height=\"150\" src=\"https:\/\/www.sudoestehoje.com.br\/novoportal\/wp-content\/uploads\/2016\/09\/IMG-20160904-WA0173-150x150.jpg\" class=\"attachment-thumbnail size-thumbnail\" alt=\"\" \/><\/a>\n\t\t\t<\/dt><\/dl><dl class='gallery-item'>\n\t\t\t<dt class='gallery-icon landscape'>\n\t\t\t\t<a href='https:\/\/www.sudoestehoje.com.br\/novoportal\/2016\/09\/05\/eleicoes-bate-papo-de-adriano-e-henrique-movimentou-a-vila-isabel-neste-domingo\/img-20160904-wa0164\/'><img loading=\"lazy\" decoding=\"async\" width=\"150\" height=\"150\" src=\"https:\/\/www.sudoestehoje.com.br\/novoportal\/wp-content\/uploads\/2016\/09\/IMG-20160904-WA0164-150x150.jpg\" class=\"attachment-thumbnail size-thumbnail\" alt=\"\" \/><\/a>\n\t\t\t<\/dt><\/dl><dl class='gallery-item'>\n\t\t\t<dt class='gallery-icon landscape'>\n\t\t\t\t<a href='https:\/\/www.sudoestehoje.com.br\/novoportal\/2016\/09\/05\/eleicoes-bate-papo-de-adriano-e-henrique-movimentou-a-vila-isabel-neste-domingo\/img-20160904-wa0169\/'><img loading=\"lazy\" decoding=\"async\" width=\"150\" height=\"150\" src=\"https:\/\/www.sudoestehoje.com.br\/novoportal\/wp-content\/uploads\/2016\/09\/IMG-20160904-WA0169-150x150.jpg\" class=\"attachment-thumbnail size-thumbnail\" alt=\"\" \/><\/a>\n\t\t\t<\/dt><\/dl><br style=\"clear: both\" \/>\n\t\t<\/div>\n\n","protected":false},"excerpt":{"rendered":"<p>Ascom PSDB 45 Neste domingo (4), uma imensa &#8216;onda azul&#8217; tomou as ruas da Vila Isabel . Afirmando que \u201ccandidato que tem proposta a apresentar, bate na porta, pede licen\u00e7a, entra, olha nos olhos da pessoa e conversa. Quem n\u00e3o tem, passa como j\u00e1 passaram por aqui, fazendo barulho, soltando bomba porque n\u00e3o tem o [&hellip;]<\/p>\n","protected":false},"author":2,"featured_media":0,"comment_status":"open","ping_status":"open","sticky":false,"template":"","format":"standard","meta":{"footnotes":"","_links_to":"","_links_to_target":""},"categories":[1],"tags":[],"class_list":["post-60488","post","type-post","status-publish","format-standard","hentry","category-geral"],"views":1770,"_links":{"self":[{"href":"https:\/\/www.sudoestehoje.com.br\/novoportal\/wp-json\/wp\/v2\/posts\/60488","targetHints":{"allow":["GET"]}}],"collection":[{"href":"https:\/\/www.sudoestehoje.com.br\/novoportal\/wp-json\/wp\/v2\/posts"}],"about":[{"href":"https:\/\/www.sudoestehoje.com.br\/novoportal\/wp-json\/wp\/v2\/types\/post"}],"author":[{"embeddable":true,"href":"https:\/\/www.sudoestehoje.com.br\/novoportal\/wp-json\/wp\/v2\/users\/2"}],"replies":[{"embeddable":true,"href":"https:\/\/www.sudoestehoje.com.br\/novoportal\/wp-json\/wp\/v2\/comments?post=60488"}],"version-history":[{"count":7,"href":"https:\/\/www.sudoestehoje.com.br\/novoportal\/wp-json\/wp\/v2\/posts\/60488\/revisions"}],"predecessor-version":[{"id":60514,"href":"https:\/\/www.sudoestehoje.com.br\/novoportal\/wp-json\/wp\/v2\/posts\/60488\/revisions\/60514"}],"wp:attachment":[{"href":"https:\/\/www.sudoestehoje.com.br\/novoportal\/wp-json\/wp\/v2\/media?parent=60488"}],"wp:term":[{"taxonomy":"category","embeddable":true,"href":"https:\/\/www.sudoestehoje.com.br\/novoportal\/wp-json\/wp\/v2\/categories?post=60488"},{"taxonomy":"post_tag","embeddable":true,"href":"https:\/\/www.sudoestehoje.com.br\/novoportal\/wp-json\/wp\/v2\/tags?post=60488"}],"curies":[{"name":"wp","href":"https:\/\/api.w.org\/{rel}","templated":true}]}}