
{"id":60441,"date":"2016-09-05T08:00:53","date_gmt":"2016-09-05T11:00:53","guid":{"rendered":"http:\/\/www.sudoestehoje.com.br\/novoportal\/?p=60441"},"modified":"2016-09-04T22:20:30","modified_gmt":"2016-09-05T01:20:30","slug":"voce-sabe-por-que-o-nome-paraolimpiadas-mudou-para-paralimpiadas","status":"publish","type":"post","link":"https:\/\/www.sudoestehoje.com.br\/novoportal\/2016\/09\/05\/voce-sabe-por-que-o-nome-paraolimpiadas-mudou-para-paralimpiadas\/","title":{"rendered":"VOC\u00ca SABE POR QUE O NOME &#8220;PARAOLIMP\u00cdADAS&#8221; MUDOU PARA &#8220;PARALIMP\u00cdADAS&#8221; ?"},"content":{"rendered":"<p><a href=\"http:\/\/www.sudoestehoje.com.br\/novoportal\/wp-content\/uploads\/2016\/09\/paralimpiadas_-_cadeirante.jpg\" rel=\"attachment wp-att-60442\"><img loading=\"lazy\" decoding=\"async\" class=\"aligncenter size-medium wp-image-60442\" src=\"http:\/\/www.sudoestehoje.com.br\/novoportal\/wp-content\/uploads\/2016\/09\/paralimpiadas_-_cadeirante-500x300.jpg\" alt=\"paralimpiadas_-_cadeirante\" width=\"500\" height=\"300\" srcset=\"https:\/\/www.sudoestehoje.com.br\/novoportal\/wp-content\/uploads\/2016\/09\/paralimpiadas_-_cadeirante-500x300.jpg 500w, https:\/\/www.sudoestehoje.com.br\/novoportal\/wp-content\/uploads\/2016\/09\/paralimpiadas_-_cadeirante-700x420.jpg 700w, https:\/\/www.sudoestehoje.com.br\/novoportal\/wp-content\/uploads\/2016\/09\/paralimpiadas_-_cadeirante.jpg 727w\" sizes=\"auto, (max-width: 500px) 100vw, 500px\" \/><\/a><\/p>\n<p>Voc\u00ea j\u00e1 percebeu que agora o nome \u201cParalimp\u00edadas\u201d ou a express\u00e3o \u201catletas paral\u00edmpicos\u201d aparecem sem a letra \u201co\u201d? A mudan\u00e7a foi feita para igualar ao uso de todos os outros pa\u00edses de L\u00edngua Portuguesa.<\/p>\n<p>Desde que os jogos para pessoas com defici\u00eancia come\u00e7aram, os outros sete pa\u00edses que t\u00eam o Portugu\u00eas como l\u00edngua oficial (Angola, Cabo Verde, Guin\u00e9-Bissau, Mo\u00e7ambique, Portugal, S\u00e3o Tom\u00e9 e Pr\u00edncipe e Timor Leste) j\u00e1 usavam a forma atual. Para que o Brasil n\u00e3o ficasse diferente dos outros pa\u00edses, o Comit\u00ea Paral\u00edmpico Internacional pediu que fosse feita a altera\u00e7\u00e3o.<\/p>\n<p>A mudan\u00e7a foi anunciada em novembro do ano passado, durante o lan\u00e7amento da logomarca dos Jogos Paral\u00edmpicos de 2016.<\/p>\n<p>Uma curiosidade: O termo vem do ingl\u00eas: <em>paralympic<\/em>, criado com base no cruzamento de <em>para(plegic)<\/em> + <em>(o)lympics<\/em>.<span class=\"legenda\">Atleta paral\u00edmpico<\/span><\/p>\n<p><strong>Saiba mais:<\/strong><\/p>\n<p><a href=\"http:\/\/www.ebc.com.br\/noticias\/londres-2012\/2012\/08\/confira-o-quadro-de-medalhas\">Confira o quadro de medalhas dos Jogos Paral\u00edmpicos 2012<\/a><\/p>\n<p><a href=\"http:\/\/www.ebc.com.br\/noticias\/londres-2012\/2012\/09\/esporte-paralimpico-vira-novo-caminho-na-vida-de-famosos\">Esporte paral\u00edmpico vira novo caminho na vida de famosos<\/a><\/p>\n<p>&nbsp;<\/p>\n","protected":false},"excerpt":{"rendered":"<p>Voc\u00ea j\u00e1 percebeu que agora o nome \u201cParalimp\u00edadas\u201d ou a express\u00e3o \u201catletas paral\u00edmpicos\u201d aparecem sem a letra \u201co\u201d? A mudan\u00e7a foi feita para igualar ao uso de todos os outros pa\u00edses de L\u00edngua Portuguesa. Desde que os jogos para pessoas com defici\u00eancia come\u00e7aram, os outros sete pa\u00edses que t\u00eam o Portugu\u00eas como l\u00edngua oficial (Angola, [&hellip;]<\/p>\n","protected":false},"author":2,"featured_media":0,"comment_status":"open","ping_status":"open","sticky":false,"template":"","format":"standard","meta":{"footnotes":"","_links_to":"","_links_to_target":""},"categories":[1],"tags":[],"class_list":["post-60441","post","type-post","status-publish","format-standard","hentry","category-geral"],"views":2932,"_links":{"self":[{"href":"https:\/\/www.sudoestehoje.com.br\/novoportal\/wp-json\/wp\/v2\/posts\/60441","targetHints":{"allow":["GET"]}}],"collection":[{"href":"https:\/\/www.sudoestehoje.com.br\/novoportal\/wp-json\/wp\/v2\/posts"}],"about":[{"href":"https:\/\/www.sudoestehoje.com.br\/novoportal\/wp-json\/wp\/v2\/types\/post"}],"author":[{"embeddable":true,"href":"https:\/\/www.sudoestehoje.com.br\/novoportal\/wp-json\/wp\/v2\/users\/2"}],"replies":[{"embeddable":true,"href":"https:\/\/www.sudoestehoje.com.br\/novoportal\/wp-json\/wp\/v2\/comments?post=60441"}],"version-history":[{"count":1,"href":"https:\/\/www.sudoestehoje.com.br\/novoportal\/wp-json\/wp\/v2\/posts\/60441\/revisions"}],"predecessor-version":[{"id":60443,"href":"https:\/\/www.sudoestehoje.com.br\/novoportal\/wp-json\/wp\/v2\/posts\/60441\/revisions\/60443"}],"wp:attachment":[{"href":"https:\/\/www.sudoestehoje.com.br\/novoportal\/wp-json\/wp\/v2\/media?parent=60441"}],"wp:term":[{"taxonomy":"category","embeddable":true,"href":"https:\/\/www.sudoestehoje.com.br\/novoportal\/wp-json\/wp\/v2\/categories?post=60441"},{"taxonomy":"post_tag","embeddable":true,"href":"https:\/\/www.sudoestehoje.com.br\/novoportal\/wp-json\/wp\/v2\/tags?post=60441"}],"curies":[{"name":"wp","href":"https:\/\/api.w.org\/{rel}","templated":true}]}}