
{"id":60430,"date":"2016-09-04T20:06:41","date_gmt":"2016-09-04T23:06:41","guid":{"rendered":"http:\/\/www.sudoestehoje.com.br\/novoportal\/?p=60430"},"modified":"2016-09-04T20:06:41","modified_gmt":"2016-09-04T23:06:41","slug":"ze-elias-caminhadas-de-rodrigo-e-tiquinho-colocaram-pressao-em-alecio-e-adriano","status":"publish","type":"post","link":"https:\/\/www.sudoestehoje.com.br\/novoportal\/2016\/09\/04\/ze-elias-caminhadas-de-rodrigo-e-tiquinho-colocaram-pressao-em-alecio-e-adriano\/","title":{"rendered":"Z\u00c9 ELIAS: &#8220;CAMINHADAS DE RODRIGO E TIQUINHO COLOCARAM PRESS\u00c3O EM AL\u00c9CIO E ADRIANO&#8221;"},"content":{"rendered":"<div id=\"yui_3_16_0_ym19_1_1473029621380_2205\" class=\"body undoreset\" tabindex=\"0\">\n<div id=\"yui_3_16_0_ym19_1_1473029621380_2204\" class=\"email-wrapped\">\n<div id=\"yiv4093296641\">\n<div id=\"yui_3_16_0_ym19_1_1473029621380_2203\" dir=\"ltr\">\n<p class=\"yiv4093296641MsoNormal\"><a href=\"http:\/\/www.sudoestehoje.com.br\/novoportal\/wp-content\/uploads\/2016\/09\/jose-elias.jpg\" rel=\"attachment wp-att-60431\"><img loading=\"lazy\" decoding=\"async\" class=\"size-full wp-image-60431 alignleft\" src=\"http:\/\/www.sudoestehoje.com.br\/novoportal\/wp-content\/uploads\/2016\/09\/jose-elias.jpg\" alt=\"jose elias\" width=\"190\" height=\"193\" \/><\/a><\/p>\n<p id=\"yui_3_16_0_ym19_1_1473029621380_2305\" class=\"yiv4093296641MsoNormal\"><span id=\"yui_3_16_0_ym19_1_1473029621380_2304\">Dois movimentos vistosos e com repercuss\u00f5es, foram promovidos pelas candidaturas de Rodrigo e Tiquinho. A de Rodrigo percorrendo as Vilas e a de Tiquinho nascendo na Gerson de Oliveira e finalizando na proximidade da lagoa, possibilitam diversas interpreta\u00e7\u00f5es. <\/span><\/p>\n<p class=\"yiv4093296641MsoNormal\"><span id=\"yui_3_16_0_ym19_1_1473029621380_2304\">A caminhada de Rodrigo teve como caracter\u00edstica a forte presen\u00e7a do amarelo nas vestimentas dos participantes e maci\u00e7a vibra\u00e7\u00e3o dos participantes e das pessoas que assistiam. A caminhada de Tiquinho, que tamb\u00e9m teve muita gente, caracterizou-se por um movimento festivo, com muito som e uma quantidade enorme de bandeiras.<\/span><\/p>\n<p id=\"yui_3_16_0_ym19_1_1473029621380_2289\" class=\"yiv4093296641MsoNormal\"><span id=\"yui_3_16_0_ym19_1_1473029621380_2288\">Um observador mais atento veria que a caminhada de Rodrigo fluiu com mais naturalidade, enquanto que a caminhada de Tiquinho, com excessos de som e bandeiras, deu a impress\u00e3o de que muitos ali estavam desempenhando um papel.<\/span><\/p>\n<p class=\"yiv4093296641MsoNormal\">Os dois movimentos podem ser considerados como positivos pelas coordena\u00e7\u00f5es de campanha do 15 e do 12, e pressionam Al\u00e9cio e Adriano a providenciarem uma resposta imediata, sob o risco de verem acontecer a polariza\u00e7\u00e3o entre Rodrigo e Tiquinho, o que seria o pior cen\u00e1rio para ambos, neste momento da campanha.<\/p>\n<p id=\"yui_3_16_0_ym19_1_1473029621380_2206\" class=\"yiv4093296641MsoNormal\">Quando um processo politico se afunila e d\u00e1 sinais de polariza\u00e7\u00e3o, os outros concorrentes ficam em situa\u00e7\u00e3o muito dif\u00edcil, pois o instinto de sobreviv\u00eancia dos pol\u00edticos e o pragmatismo de alguns correligion\u00e1rios fazem com que se inicie uma debandada para uma das candidaturas com chance de vencer.<\/p>\n<p id=\"yui_3_16_0_ym19_1_1473029621380_2202\" class=\"yiv4093296641MsoNormal\"><span id=\"yui_3_16_0_ym19_1_1473029621380_2207\">Rodrigo e Tiquinho mostraram que conseguem reunir correligion\u00e1rios para os eventos da campanha politica. Rodrigo e Renan, respaldados pela milit\u00e2ncia hist\u00f3rica de Michel somado ao grupo de Z\u00e9 Ot\u00e1vio. Tiquinho e L\u00e9o, respaldados pela maquinaria colocada na campanha.<\/span><\/p>\n<p id=\"yui_3_16_0_ym19_1_1473029621380_2211\" class=\"yiv4093296641MsoNormal\">Quem que ser competitivo nesta altura do campeonato tem que colocar povo nas ruas e sinalizar possibilidade de sucesso.<\/p>\n<p class=\"yiv4093296641MsoNormal\"><strong><em>Por Jos\u00e9 Elias Ribeiro<\/em><\/strong><\/p>\n<\/div>\n<\/div>\n<\/div>\n<\/div>\n","protected":false},"excerpt":{"rendered":"<p>Dois movimentos vistosos e com repercuss\u00f5es, foram promovidos pelas candidaturas de Rodrigo e Tiquinho. A de Rodrigo percorrendo as Vilas e a de Tiquinho nascendo na Gerson de Oliveira e finalizando na proximidade da lagoa, possibilitam diversas interpreta\u00e7\u00f5es. A caminhada de Rodrigo teve como caracter\u00edstica a forte presen\u00e7a do amarelo nas vestimentas dos participantes e [&hellip;]<\/p>\n","protected":false},"author":2,"featured_media":0,"comment_status":"open","ping_status":"open","sticky":false,"template":"","format":"standard","meta":{"footnotes":"","_links_to":"","_links_to_target":""},"categories":[1],"tags":[],"class_list":["post-60430","post","type-post","status-publish","format-standard","hentry","category-geral"],"views":1898,"_links":{"self":[{"href":"https:\/\/www.sudoestehoje.com.br\/novoportal\/wp-json\/wp\/v2\/posts\/60430","targetHints":{"allow":["GET"]}}],"collection":[{"href":"https:\/\/www.sudoestehoje.com.br\/novoportal\/wp-json\/wp\/v2\/posts"}],"about":[{"href":"https:\/\/www.sudoestehoje.com.br\/novoportal\/wp-json\/wp\/v2\/types\/post"}],"author":[{"embeddable":true,"href":"https:\/\/www.sudoestehoje.com.br\/novoportal\/wp-json\/wp\/v2\/users\/2"}],"replies":[{"embeddable":true,"href":"https:\/\/www.sudoestehoje.com.br\/novoportal\/wp-json\/wp\/v2\/comments?post=60430"}],"version-history":[{"count":1,"href":"https:\/\/www.sudoestehoje.com.br\/novoportal\/wp-json\/wp\/v2\/posts\/60430\/revisions"}],"predecessor-version":[{"id":60432,"href":"https:\/\/www.sudoestehoje.com.br\/novoportal\/wp-json\/wp\/v2\/posts\/60430\/revisions\/60432"}],"wp:attachment":[{"href":"https:\/\/www.sudoestehoje.com.br\/novoportal\/wp-json\/wp\/v2\/media?parent=60430"}],"wp:term":[{"taxonomy":"category","embeddable":true,"href":"https:\/\/www.sudoestehoje.com.br\/novoportal\/wp-json\/wp\/v2\/categories?post=60430"},{"taxonomy":"post_tag","embeddable":true,"href":"https:\/\/www.sudoestehoje.com.br\/novoportal\/wp-json\/wp\/v2\/tags?post=60430"}],"curies":[{"name":"wp","href":"https:\/\/api.w.org\/{rel}","templated":true}]}}