
{"id":60420,"date":"2016-09-04T19:33:58","date_gmt":"2016-09-04T22:33:58","guid":{"rendered":"http:\/\/www.sudoestehoje.com.br\/novoportal\/?p=60420"},"modified":"2016-09-04T19:33:58","modified_gmt":"2016-09-04T22:33:58","slug":"eleicoes-alecio-e-miraldo-visitaram-bandeira-do-colonia-neste-domingo","status":"publish","type":"post","link":"https:\/\/www.sudoestehoje.com.br\/novoportal\/2016\/09\/04\/eleicoes-alecio-e-miraldo-visitaram-bandeira-do-colonia-neste-domingo\/","title":{"rendered":"ELEI\u00c7\u00d5ES: AL\u00c9CIO E MIRALDO VISITARAM BANDEIRA DO COL\u00d4NIA NESTE DOMINGO"},"content":{"rendered":"<p><a href=\"http:\/\/www.sudoestehoje.com.br\/novoportal\/wp-content\/uploads\/2016\/09\/AL-1.jpg\" rel=\"attachment wp-att-60422\"><img loading=\"lazy\" decoding=\"async\" class=\"aligncenter size-medium wp-image-60422\" src=\"http:\/\/www.sudoestehoje.com.br\/novoportal\/wp-content\/uploads\/2016\/09\/AL-1-500x333.jpg\" alt=\"AL 1\" width=\"500\" height=\"333\" srcset=\"https:\/\/www.sudoestehoje.com.br\/novoportal\/wp-content\/uploads\/2016\/09\/AL-1-500x333.jpg 500w, https:\/\/www.sudoestehoje.com.br\/novoportal\/wp-content\/uploads\/2016\/09\/AL-1-768x511.jpg 768w, https:\/\/www.sudoestehoje.com.br\/novoportal\/wp-content\/uploads\/2016\/09\/AL-1-700x466.jpg 700w, https:\/\/www.sudoestehoje.com.br\/novoportal\/wp-content\/uploads\/2016\/09\/AL-1.jpg 960w\" sizes=\"auto, (max-width: 500px) 100vw, 500px\" \/><\/a><\/p>\n<p><strong><em>Ascom PSD<\/em><\/strong><\/p>\n<p>Neste domingo (4), os candidatos a prefeito Al\u00e9cio Chaves e a vice Miraldo Mota estiveram no distrito de Bandeira do Col\u00f4nia visitando a comunidade, acompanhados por alguns dos seus fi\u00e9is apoiadores.<\/p>\n<p><a href=\"http:\/\/www.sudoestehoje.com.br\/novoportal\/wp-content\/uploads\/2016\/09\/AL-2.jpg\" rel=\"attachment wp-att-60423\"><img loading=\"lazy\" decoding=\"async\" class=\"aligncenter size-medium wp-image-60423\" src=\"http:\/\/www.sudoestehoje.com.br\/novoportal\/wp-content\/uploads\/2016\/09\/AL-2-500x333.jpg\" alt=\"AL 2\" width=\"500\" height=\"333\" srcset=\"https:\/\/www.sudoestehoje.com.br\/novoportal\/wp-content\/uploads\/2016\/09\/AL-2-500x333.jpg 500w, https:\/\/www.sudoestehoje.com.br\/novoportal\/wp-content\/uploads\/2016\/09\/AL-2-768x511.jpg 768w, https:\/\/www.sudoestehoje.com.br\/novoportal\/wp-content\/uploads\/2016\/09\/AL-2-700x466.jpg 700w, https:\/\/www.sudoestehoje.com.br\/novoportal\/wp-content\/uploads\/2016\/09\/AL-2.jpg 960w\" sizes=\"auto, (max-width: 500px) 100vw, 500px\" \/><\/a><\/p>\n<p>Passando pelo bairro Vida Nova at\u00e9 os mais distantes, onde os servi\u00e7os b\u00e1sicos n\u00e3o chegam e as pessoas gemem por falta de assist\u00eancia do poder p\u00fablico, Al\u00e9cio pode ouvir a comunidade mais carente do distrito, que depositam nele todas as suas esperan\u00e7as de dias melhores.<\/p>\n<p><a href=\"http:\/\/www.sudoestehoje.com.br\/novoportal\/wp-content\/uploads\/2016\/09\/AL-3.jpg\" rel=\"attachment wp-att-60424\"><img loading=\"lazy\" decoding=\"async\" class=\"aligncenter size-medium wp-image-60424\" src=\"http:\/\/www.sudoestehoje.com.br\/novoportal\/wp-content\/uploads\/2016\/09\/AL-3-500x333.jpg\" alt=\"AL 3\" width=\"500\" height=\"333\" srcset=\"https:\/\/www.sudoestehoje.com.br\/novoportal\/wp-content\/uploads\/2016\/09\/AL-3-500x333.jpg 500w, https:\/\/www.sudoestehoje.com.br\/novoportal\/wp-content\/uploads\/2016\/09\/AL-3-768x511.jpg 768w, https:\/\/www.sudoestehoje.com.br\/novoportal\/wp-content\/uploads\/2016\/09\/AL-3-700x466.jpg 700w, https:\/\/www.sudoestehoje.com.br\/novoportal\/wp-content\/uploads\/2016\/09\/AL-3.jpg 960w\" sizes=\"auto, (max-width: 500px) 100vw, 500px\" \/><\/a><\/p>\n<p>A receptividade foi \u00f3tima, muitos moradores tiveram a oportunidade de serem ouvidos e conhecer o compromisso do professor Al\u00e9cio Chaves com a melhoria de vida das pessoas.<\/p>\n<p><a href=\"http:\/\/www.sudoestehoje.com.br\/novoportal\/wp-content\/uploads\/2016\/09\/AL-4.jpg\" rel=\"attachment wp-att-60425\"><img loading=\"lazy\" decoding=\"async\" class=\"aligncenter size-medium wp-image-60425\" src=\"http:\/\/www.sudoestehoje.com.br\/novoportal\/wp-content\/uploads\/2016\/09\/AL-4-500x333.jpg\" alt=\"AL 4\" width=\"500\" height=\"333\" srcset=\"https:\/\/www.sudoestehoje.com.br\/novoportal\/wp-content\/uploads\/2016\/09\/AL-4-500x333.jpg 500w, https:\/\/www.sudoestehoje.com.br\/novoportal\/wp-content\/uploads\/2016\/09\/AL-4-768x511.jpg 768w, https:\/\/www.sudoestehoje.com.br\/novoportal\/wp-content\/uploads\/2016\/09\/AL-4-700x466.jpg 700w, https:\/\/www.sudoestehoje.com.br\/novoportal\/wp-content\/uploads\/2016\/09\/AL-4.jpg 960w\" sizes=\"auto, (max-width: 500px) 100vw, 500px\" \/><\/a><\/p>\n<p>Estiveram presentes os vereadores Renan Coelho, representante do Distrito, Alfredo Cabral e Marcos Gabrielli, al\u00e9m de candidatos a vereador, simpatizantes e comunidade local.<\/p>\n<p><a href=\"http:\/\/www.sudoestehoje.com.br\/novoportal\/wp-content\/uploads\/2016\/09\/AL-5.jpg\" rel=\"attachment wp-att-60426\"><img loading=\"lazy\" decoding=\"async\" class=\"aligncenter size-medium wp-image-60426\" src=\"http:\/\/www.sudoestehoje.com.br\/novoportal\/wp-content\/uploads\/2016\/09\/AL-5-500x333.jpg\" alt=\"AL 5\" width=\"500\" height=\"333\" srcset=\"https:\/\/www.sudoestehoje.com.br\/novoportal\/wp-content\/uploads\/2016\/09\/AL-5-500x333.jpg 500w, https:\/\/www.sudoestehoje.com.br\/novoportal\/wp-content\/uploads\/2016\/09\/AL-5-768x511.jpg 768w, https:\/\/www.sudoestehoje.com.br\/novoportal\/wp-content\/uploads\/2016\/09\/AL-5-700x466.jpg 700w, https:\/\/www.sudoestehoje.com.br\/novoportal\/wp-content\/uploads\/2016\/09\/AL-5.jpg 960w\" sizes=\"auto, (max-width: 500px) 100vw, 500px\" \/><\/a><\/p>\n<p>A movimenta\u00e7\u00e3o come\u00e7ou as 9 horas at\u00e9 as 18 horas, trazendo muita alegria aos participantes. O professor Al\u00e9cio Chaves tem sido recebido com muita alegria por onde anda e cada dia mais pessoas entendem e se comprometem com a sua vis\u00e3o para o munic\u00edpio.<\/p>\n<p><a href=\"http:\/\/www.sudoestehoje.com.br\/novoportal\/wp-content\/uploads\/2016\/09\/AL-6.jpg\" rel=\"attachment wp-att-60427\"><img loading=\"lazy\" decoding=\"async\" class=\"aligncenter size-medium wp-image-60427\" src=\"http:\/\/www.sudoestehoje.com.br\/novoportal\/wp-content\/uploads\/2016\/09\/AL-6-500x333.jpg\" alt=\"AL 6\" width=\"500\" height=\"333\" srcset=\"https:\/\/www.sudoestehoje.com.br\/novoportal\/wp-content\/uploads\/2016\/09\/AL-6-500x333.jpg 500w, https:\/\/www.sudoestehoje.com.br\/novoportal\/wp-content\/uploads\/2016\/09\/AL-6-768x511.jpg 768w, https:\/\/www.sudoestehoje.com.br\/novoportal\/wp-content\/uploads\/2016\/09\/AL-6-700x466.jpg 700w, https:\/\/www.sudoestehoje.com.br\/novoportal\/wp-content\/uploads\/2016\/09\/AL-6.jpg 960w\" sizes=\"auto, (max-width: 500px) 100vw, 500px\" \/><\/a><\/p>\n<p><a href=\"http:\/\/www.sudoestehoje.com.br\/novoportal\/wp-content\/uploads\/2016\/09\/AL-7.jpg\" rel=\"attachment wp-att-60428\"><img loading=\"lazy\" decoding=\"async\" class=\"aligncenter size-medium wp-image-60428\" src=\"http:\/\/www.sudoestehoje.com.br\/novoportal\/wp-content\/uploads\/2016\/09\/AL-7-500x333.jpg\" alt=\"AL 7\" width=\"500\" height=\"333\" srcset=\"https:\/\/www.sudoestehoje.com.br\/novoportal\/wp-content\/uploads\/2016\/09\/AL-7-500x333.jpg 500w, https:\/\/www.sudoestehoje.com.br\/novoportal\/wp-content\/uploads\/2016\/09\/AL-7-768x511.jpg 768w, https:\/\/www.sudoestehoje.com.br\/novoportal\/wp-content\/uploads\/2016\/09\/AL-7-700x466.jpg 700w, https:\/\/www.sudoestehoje.com.br\/novoportal\/wp-content\/uploads\/2016\/09\/AL-7.jpg 960w\" sizes=\"auto, (max-width: 500px) 100vw, 500px\" \/><\/a><\/p>\n","protected":false},"excerpt":{"rendered":"<p>Ascom PSD Neste domingo (4), os candidatos a prefeito Al\u00e9cio Chaves e a vice Miraldo Mota estiveram no distrito de Bandeira do Col\u00f4nia visitando a comunidade, acompanhados por alguns dos seus fi\u00e9is apoiadores. Passando pelo bairro Vida Nova at\u00e9 os mais distantes, onde os servi\u00e7os b\u00e1sicos n\u00e3o chegam e as pessoas gemem por falta de [&hellip;]<\/p>\n","protected":false},"author":2,"featured_media":0,"comment_status":"open","ping_status":"open","sticky":false,"template":"","format":"standard","meta":{"footnotes":"","_links_to":"","_links_to_target":""},"categories":[1],"tags":[],"class_list":["post-60420","post","type-post","status-publish","format-standard","hentry","category-geral"],"views":1830,"_links":{"self":[{"href":"https:\/\/www.sudoestehoje.com.br\/novoportal\/wp-json\/wp\/v2\/posts\/60420","targetHints":{"allow":["GET"]}}],"collection":[{"href":"https:\/\/www.sudoestehoje.com.br\/novoportal\/wp-json\/wp\/v2\/posts"}],"about":[{"href":"https:\/\/www.sudoestehoje.com.br\/novoportal\/wp-json\/wp\/v2\/types\/post"}],"author":[{"embeddable":true,"href":"https:\/\/www.sudoestehoje.com.br\/novoportal\/wp-json\/wp\/v2\/users\/2"}],"replies":[{"embeddable":true,"href":"https:\/\/www.sudoestehoje.com.br\/novoportal\/wp-json\/wp\/v2\/comments?post=60420"}],"version-history":[{"count":2,"href":"https:\/\/www.sudoestehoje.com.br\/novoportal\/wp-json\/wp\/v2\/posts\/60420\/revisions"}],"predecessor-version":[{"id":60429,"href":"https:\/\/www.sudoestehoje.com.br\/novoportal\/wp-json\/wp\/v2\/posts\/60420\/revisions\/60429"}],"wp:attachment":[{"href":"https:\/\/www.sudoestehoje.com.br\/novoportal\/wp-json\/wp\/v2\/media?parent=60420"}],"wp:term":[{"taxonomy":"category","embeddable":true,"href":"https:\/\/www.sudoestehoje.com.br\/novoportal\/wp-json\/wp\/v2\/categories?post=60420"},{"taxonomy":"post_tag","embeddable":true,"href":"https:\/\/www.sudoestehoje.com.br\/novoportal\/wp-json\/wp\/v2\/tags?post=60420"}],"curies":[{"name":"wp","href":"https:\/\/api.w.org\/{rel}","templated":true}]}}