
{"id":60404,"date":"2016-09-04T08:29:54","date_gmt":"2016-09-04T11:29:54","guid":{"rendered":"http:\/\/www.sudoestehoje.com.br\/novoportal\/?p=60404"},"modified":"2016-09-04T08:29:54","modified_gmt":"2016-09-04T11:29:54","slug":"eleicoes-tiquinho-e-leo-matos-realizam-mega-caminhada-pelas-ruas-de-itapetinga","status":"publish","type":"post","link":"https:\/\/www.sudoestehoje.com.br\/novoportal\/2016\/09\/04\/eleicoes-tiquinho-e-leo-matos-realizam-mega-caminhada-pelas-ruas-de-itapetinga\/","title":{"rendered":"ELEI\u00c7\u00d5ES: TIQUINHO E L\u00c9O MATOS REALIZAM MEGA CAMINHADA PELAS RUAS DE ITAPETINGA"},"content":{"rendered":"<p><a href=\"http:\/\/www.sudoestehoje.com.br\/novoportal\/wp-content\/uploads\/2016\/09\/t-7.jpg\" rel=\"attachment wp-att-60411\"><img loading=\"lazy\" decoding=\"async\" class=\"aligncenter size-medium wp-image-60411\" src=\"http:\/\/www.sudoestehoje.com.br\/novoportal\/wp-content\/uploads\/2016\/09\/t-7-500x333.jpg\" alt=\"t 7\" width=\"500\" height=\"333\" srcset=\"https:\/\/www.sudoestehoje.com.br\/novoportal\/wp-content\/uploads\/2016\/09\/t-7-500x333.jpg 500w, https:\/\/www.sudoestehoje.com.br\/novoportal\/wp-content\/uploads\/2016\/09\/t-7-768x512.jpg 768w, https:\/\/www.sudoestehoje.com.br\/novoportal\/wp-content\/uploads\/2016\/09\/t-7-700x467.jpg 700w, https:\/\/www.sudoestehoje.com.br\/novoportal\/wp-content\/uploads\/2016\/09\/t-7.jpg 960w\" sizes=\"auto, (max-width: 500px) 100vw, 500px\" \/><\/a><\/p>\n<p><em><strong>Ascom PR &#8211; Fotos F\u00e1bio Nogueira<\/strong><\/em><\/p>\n<p>Os candidatos da coliga\u00e7\u00e3o \u201cUm Novo Tempo\u201d, Hild\u00e9rico \u201cTiquinho\u201d Nogueira (PDT) e L\u00e9o Matos (PR) arrastaram uma multid\u00e3o, neste s\u00e1bado (3), das Casas Populares at\u00e9 o Primavera, demostrando mais uma vez, o crescimento da candidatura em toda a cidade.<\/p>\n<p>Num evento que impressionou a todos, a \u201cGrande Caminhada 12\u201d, mobilizou milhares de simpatizantes da chapa, que percorreram as ruas com muita anima\u00e7\u00e3o, contagiando a todos.<\/p>\n<p>Em seguida, acompanhados do deputado estadual Roberto Carlos (PDT), familiares e diversos aliados pol\u00edticos subiram ao palanque montado na Pra\u00e7a M\u00e1rio Rosa para agradecer a confian\u00e7a das milhares de pessoas que participaram do evento, classificado por observadores pol\u00edticos como uma grande demonstra\u00e7\u00e3o da vontade popular de construir \u201cUm Novo Tempo\u201d com Tiquinho e L\u00e9o Matos.<\/p>\n\n\t\t<style type=\"text\/css\">\n\t\t\t#gallery-1 {\n\t\t\t\tmargin: auto;\n\t\t\t}\n\t\t\t#gallery-1 .gallery-item {\n\t\t\t\tfloat: left;\n\t\t\t\tmargin-top: 10px;\n\t\t\t\ttext-align: center;\n\t\t\t\twidth: 33%;\n\t\t\t}\n\t\t\t#gallery-1 img {\n\t\t\t\tborder: 2px solid #cfcfcf;\n\t\t\t}\n\t\t\t#gallery-1 .gallery-caption {\n\t\t\t\tmargin-left: 0;\n\t\t\t}\n\t\t\t\/* see gallery_shortcode() in wp-includes\/media.php *\/\n\t\t<\/style>\n\t\t<div id='gallery-1' class='gallery galleryid-60404 gallery-columns-3 gallery-size-thumbnail'><dl class='gallery-item'>\n\t\t\t<dt class='gallery-icon landscape'>\n\t\t\t\t<a href='https:\/\/www.sudoestehoje.com.br\/novoportal\/2016\/09\/04\/eleicoes-tiquinho-e-leo-matos-realizam-mega-caminhada-pelas-ruas-de-itapetinga\/t-6-2\/'><img loading=\"lazy\" decoding=\"async\" width=\"150\" height=\"150\" src=\"https:\/\/www.sudoestehoje.com.br\/novoportal\/wp-content\/uploads\/2016\/09\/t-6-150x150.jpg\" class=\"attachment-thumbnail size-thumbnail\" alt=\"\" \/><\/a>\n\t\t\t<\/dt><\/dl><dl class='gallery-item'>\n\t\t\t<dt class='gallery-icon landscape'>\n\t\t\t\t<a href='https:\/\/www.sudoestehoje.com.br\/novoportal\/2016\/09\/04\/eleicoes-tiquinho-e-leo-matos-realizam-mega-caminhada-pelas-ruas-de-itapetinga\/t-5-3\/'><img loading=\"lazy\" decoding=\"async\" width=\"150\" height=\"150\" src=\"https:\/\/www.sudoestehoje.com.br\/novoportal\/wp-content\/uploads\/2016\/09\/t-5-1-150x150.jpg\" class=\"attachment-thumbnail size-thumbnail\" alt=\"\" \/><\/a>\n\t\t\t<\/dt><\/dl><dl class='gallery-item'>\n\t\t\t<dt class='gallery-icon landscape'>\n\t\t\t\t<a href='https:\/\/www.sudoestehoje.com.br\/novoportal\/2016\/09\/04\/eleicoes-tiquinho-e-leo-matos-realizam-mega-caminhada-pelas-ruas-de-itapetinga\/t-4-3\/'><img loading=\"lazy\" decoding=\"async\" width=\"150\" height=\"150\" src=\"https:\/\/www.sudoestehoje.com.br\/novoportal\/wp-content\/uploads\/2016\/09\/t-4-1-150x150.jpg\" class=\"attachment-thumbnail size-thumbnail\" alt=\"\" \/><\/a>\n\t\t\t<\/dt><\/dl><br style=\"clear: both\" \/><dl class='gallery-item'>\n\t\t\t<dt class='gallery-icon landscape'>\n\t\t\t\t<a href='https:\/\/www.sudoestehoje.com.br\/novoportal\/2016\/09\/04\/eleicoes-tiquinho-e-leo-matos-realizam-mega-caminhada-pelas-ruas-de-itapetinga\/t-3-3\/'><img loading=\"lazy\" decoding=\"async\" width=\"150\" height=\"150\" src=\"https:\/\/www.sudoestehoje.com.br\/novoportal\/wp-content\/uploads\/2016\/09\/t-3-1-150x150.jpg\" class=\"attachment-thumbnail size-thumbnail\" alt=\"\" \/><\/a>\n\t\t\t<\/dt><\/dl><dl class='gallery-item'>\n\t\t\t<dt class='gallery-icon landscape'>\n\t\t\t\t<a href='https:\/\/www.sudoestehoje.com.br\/novoportal\/2016\/09\/04\/eleicoes-tiquinho-e-leo-matos-realizam-mega-caminhada-pelas-ruas-de-itapetinga\/t-2-4\/'><img loading=\"lazy\" decoding=\"async\" width=\"150\" height=\"150\" src=\"https:\/\/www.sudoestehoje.com.br\/novoportal\/wp-content\/uploads\/2016\/09\/t-2-1-150x150.jpg\" class=\"attachment-thumbnail size-thumbnail\" alt=\"\" \/><\/a>\n\t\t\t<\/dt><\/dl><dl class='gallery-item'>\n\t\t\t<dt class='gallery-icon landscape'>\n\t\t\t\t<a href='https:\/\/www.sudoestehoje.com.br\/novoportal\/2016\/09\/04\/eleicoes-tiquinho-e-leo-matos-realizam-mega-caminhada-pelas-ruas-de-itapetinga\/t-1-4\/'><img loading=\"lazy\" decoding=\"async\" width=\"150\" height=\"150\" src=\"https:\/\/www.sudoestehoje.com.br\/novoportal\/wp-content\/uploads\/2016\/09\/t-1-1-150x150.jpg\" class=\"attachment-thumbnail size-thumbnail\" alt=\"\" \/><\/a>\n\t\t\t<\/dt><\/dl><br style=\"clear: both\" \/>\n\t\t<\/div>\n\n","protected":false},"excerpt":{"rendered":"<p>Ascom PR &#8211; Fotos F\u00e1bio Nogueira Os candidatos da coliga\u00e7\u00e3o \u201cUm Novo Tempo\u201d, Hild\u00e9rico \u201cTiquinho\u201d Nogueira (PDT) e L\u00e9o Matos (PR) arrastaram uma multid\u00e3o, neste s\u00e1bado (3), das Casas Populares at\u00e9 o Primavera, demostrando mais uma vez, o crescimento da candidatura em toda a cidade. Num evento que impressionou a todos, a \u201cGrande Caminhada 12\u201d, [&hellip;]<\/p>\n","protected":false},"author":2,"featured_media":0,"comment_status":"open","ping_status":"open","sticky":false,"template":"","format":"standard","meta":{"footnotes":"","_links_to":"","_links_to_target":""},"categories":[1],"tags":[],"class_list":["post-60404","post","type-post","status-publish","format-standard","hentry","category-geral"],"views":2022,"_links":{"self":[{"href":"https:\/\/www.sudoestehoje.com.br\/novoportal\/wp-json\/wp\/v2\/posts\/60404","targetHints":{"allow":["GET"]}}],"collection":[{"href":"https:\/\/www.sudoestehoje.com.br\/novoportal\/wp-json\/wp\/v2\/posts"}],"about":[{"href":"https:\/\/www.sudoestehoje.com.br\/novoportal\/wp-json\/wp\/v2\/types\/post"}],"author":[{"embeddable":true,"href":"https:\/\/www.sudoestehoje.com.br\/novoportal\/wp-json\/wp\/v2\/users\/2"}],"replies":[{"embeddable":true,"href":"https:\/\/www.sudoestehoje.com.br\/novoportal\/wp-json\/wp\/v2\/comments?post=60404"}],"version-history":[{"count":1,"href":"https:\/\/www.sudoestehoje.com.br\/novoportal\/wp-json\/wp\/v2\/posts\/60404\/revisions"}],"predecessor-version":[{"id":60412,"href":"https:\/\/www.sudoestehoje.com.br\/novoportal\/wp-json\/wp\/v2\/posts\/60404\/revisions\/60412"}],"wp:attachment":[{"href":"https:\/\/www.sudoestehoje.com.br\/novoportal\/wp-json\/wp\/v2\/media?parent=60404"}],"wp:term":[{"taxonomy":"category","embeddable":true,"href":"https:\/\/www.sudoestehoje.com.br\/novoportal\/wp-json\/wp\/v2\/categories?post=60404"},{"taxonomy":"post_tag","embeddable":true,"href":"https:\/\/www.sudoestehoje.com.br\/novoportal\/wp-json\/wp\/v2\/tags?post=60404"}],"curies":[{"name":"wp","href":"https:\/\/api.w.org\/{rel}","templated":true}]}}