
{"id":604,"date":"2010-09-24T22:27:38","date_gmt":"2010-09-25T01:27:38","guid":{"rendered":"http:\/\/sudoestehoje.tempsite.ws\/novoportal\/?p=604"},"modified":"2010-09-24T22:31:10","modified_gmt":"2010-09-25T01:31:10","slug":"geddel-tira-imagem-de-dilma-da-sua-campanha","status":"publish","type":"post","link":"https:\/\/www.sudoestehoje.com.br\/novoportal\/2010\/09\/24\/geddel-tira-imagem-de-dilma-da-sua-campanha\/","title":{"rendered":"GEDDEL TIRA IMAGEM DE DILMA DA SUA CAMPANHA"},"content":{"rendered":"<div>\n<div style=\"text-align: center;\"><img loading=\"lazy\" decoding=\"async\" src=\"http:\/\/www.bahianoticias.com.br\/fotos\/editor\/Image\/geddel_banner_novo.jpg\" border=\"0\" alt=\"\" width=\"463\" height=\"171\" \/><\/div>\n<div style=\"text-align: center;\">Imagem de Dilma foi &#8216;deletada&#8217; da propaganda de Geddel<\/div>\n<p>A\u00a0declara\u00e7\u00e3o da presidenci\u00e1vel Dilma Roussef (PT) na \u00faltima ter\u00e7a-feira (21), que negou apoio ao candidato ao governo da Bahia Geddel Vieira Lima (PMDB), fez com que a equipe do peemedebista desvinculasse nesta quinta-feira (23) as imagens de Dilma e Lula das pe\u00e7as publicit\u00e1rias de r\u00e1dio, TV e internet.\u00a0A petista ressaltou quando estava na capital baiana, que apenas <a href=\"http:\/\/www.bahianoticias.com.br\/noticias\/noticia\/2010\/09\/22\/74101,dilma-reafirma-que-na-bahia-prefere-wagner.html\" target=\"_blank\"><strong>subir\u00e1 ao palanque do governador e candidato a reelei\u00e7\u00e3o Jaques Wagner (PT)<\/strong><\/a>.\u00a0 A afirma\u00e7\u00e3o n\u00e3o agradou aos companheiros de Geddel, que alegaram que a presidenci\u00e1vel havia assumido o compromisso de apoiar os dois candidatos ao Pal\u00e1cio de Ondina. O aspirante a governador achou a declara\u00e7\u00e3o uma trai\u00e7\u00e3o pol\u00edtica.\u00a0Com informa\u00e7\u00f5es do A Tarde.<\/p>\n<\/div>\n","protected":false},"excerpt":{"rendered":"<p>Imagem de Dilma foi &#8216;deletada&#8217; da propaganda de Geddel A\u00a0declara\u00e7\u00e3o da presidenci\u00e1vel Dilma Roussef (PT) na \u00faltima ter\u00e7a-feira (21), que negou apoio ao candidato ao governo da Bahia Geddel Vieira Lima (PMDB), fez com que a equipe do peemedebista desvinculasse nesta quinta-feira (23) as imagens de Dilma e Lula das pe\u00e7as publicit\u00e1rias de r\u00e1dio, TV [&hellip;]<\/p>\n","protected":false},"author":1,"featured_media":0,"comment_status":"open","ping_status":"open","sticky":false,"template":"","format":"standard","meta":{"footnotes":"","_links_to":"","_links_to_target":""},"categories":[1],"tags":[],"class_list":["post-604","post","type-post","status-publish","format-standard","hentry","category-geral"],"views":1145,"_links":{"self":[{"href":"https:\/\/www.sudoestehoje.com.br\/novoportal\/wp-json\/wp\/v2\/posts\/604","targetHints":{"allow":["GET"]}}],"collection":[{"href":"https:\/\/www.sudoestehoje.com.br\/novoportal\/wp-json\/wp\/v2\/posts"}],"about":[{"href":"https:\/\/www.sudoestehoje.com.br\/novoportal\/wp-json\/wp\/v2\/types\/post"}],"author":[{"embeddable":true,"href":"https:\/\/www.sudoestehoje.com.br\/novoportal\/wp-json\/wp\/v2\/users\/1"}],"replies":[{"embeddable":true,"href":"https:\/\/www.sudoestehoje.com.br\/novoportal\/wp-json\/wp\/v2\/comments?post=604"}],"version-history":[{"count":2,"href":"https:\/\/www.sudoestehoje.com.br\/novoportal\/wp-json\/wp\/v2\/posts\/604\/revisions"}],"predecessor-version":[{"id":615,"href":"https:\/\/www.sudoestehoje.com.br\/novoportal\/wp-json\/wp\/v2\/posts\/604\/revisions\/615"}],"wp:attachment":[{"href":"https:\/\/www.sudoestehoje.com.br\/novoportal\/wp-json\/wp\/v2\/media?parent=604"}],"wp:term":[{"taxonomy":"category","embeddable":true,"href":"https:\/\/www.sudoestehoje.com.br\/novoportal\/wp-json\/wp\/v2\/categories?post=604"},{"taxonomy":"post_tag","embeddable":true,"href":"https:\/\/www.sudoestehoje.com.br\/novoportal\/wp-json\/wp\/v2\/tags?post=604"}],"curies":[{"name":"wp","href":"https:\/\/api.w.org\/{rel}","templated":true}]}}