
{"id":60317,"date":"2016-09-01T22:04:51","date_gmt":"2016-09-02T01:04:51","guid":{"rendered":"http:\/\/www.sudoestehoje.com.br\/novoportal\/?p=60317"},"modified":"2016-09-01T22:04:51","modified_gmt":"2016-09-02T01:04:51","slug":"eleicoes-juscelino-gomes-entre-os-mais-cotados-para-ocupar-uma-cadeira-na-camara-de-vereadores","status":"publish","type":"post","link":"https:\/\/www.sudoestehoje.com.br\/novoportal\/2016\/09\/01\/eleicoes-juscelino-gomes-entre-os-mais-cotados-para-ocupar-uma-cadeira-na-camara-de-vereadores\/","title":{"rendered":"ELEI\u00c7\u00d5ES: JUSCELINO GOMES ENTRE OS MAIS COTADOS PARA OCUPAR UMA CADEIRA NA C\u00c2MARA DE VEREADORES"},"content":{"rendered":"<p><a href=\"http:\/\/www.sudoestehoje.com.br\/novoportal\/wp-content\/uploads\/2016\/09\/jusc-1.jpg\" rel=\"attachment wp-att-60318\"><img loading=\"lazy\" decoding=\"async\" class=\"aligncenter size-medium wp-image-60318\" src=\"http:\/\/www.sudoestehoje.com.br\/novoportal\/wp-content\/uploads\/2016\/09\/jusc-1-500x281.jpg\" alt=\"jusc 1\" width=\"500\" height=\"281\" srcset=\"https:\/\/www.sudoestehoje.com.br\/novoportal\/wp-content\/uploads\/2016\/09\/jusc-1-500x281.jpg 500w, https:\/\/www.sudoestehoje.com.br\/novoportal\/wp-content\/uploads\/2016\/09\/jusc-1-768x432.jpg 768w, https:\/\/www.sudoestehoje.com.br\/novoportal\/wp-content\/uploads\/2016\/09\/jusc-1-700x394.jpg 700w, https:\/\/www.sudoestehoje.com.br\/novoportal\/wp-content\/uploads\/2016\/09\/jusc-1.jpg 960w\" sizes=\"auto, (max-width: 500px) 100vw, 500px\" \/><\/a><\/p>\n<p>Apesar da legisla\u00e7\u00e3o eleitoral n\u00e3o permitir a divulga\u00e7\u00e3o de pesquisas sem o devido registro no TRE, algumas consultas para avalia\u00e7\u00f5es internas dos partidos e coliga\u00e7\u00f5es t\u00eam chegado ao conhecimento do eleitorado, seja de boca em boca, ou pelas redes sociais.<\/p>\n<p>Nas consultas e avalia\u00e7\u00f5es at\u00e9 agora realizados, o nome do ex-vereador Juscelino Gomes (DEM) tem figurado com destaque, o que mostra o resultado do seu intenso trabalho, somado aos importantes apoios que tem recebido.<\/p>\n<p>Ciente de que est\u00e1 no caminho certo, Juscelino vem acompanhado passo a passo a campanha de Rodrigo Hagge e Renan Pereira pelos bairros de Itapetinga, conquistando cada vez mais votos e apoios.<\/p>\n<p>O nome de Juscelino \u00e9 leve e n\u00e3o ser\u00e1 surpresa para ningu\u00e9m a sua elei\u00e7\u00e3o para vereador, no pleito de outubro.\u00a0<strong><em>Por Davi Ferraz<\/em><\/strong><\/p>\n\n\t\t<style type=\"text\/css\">\n\t\t\t#gallery-1 {\n\t\t\t\tmargin: auto;\n\t\t\t}\n\t\t\t#gallery-1 .gallery-item {\n\t\t\t\tfloat: left;\n\t\t\t\tmargin-top: 10px;\n\t\t\t\ttext-align: center;\n\t\t\t\twidth: 33%;\n\t\t\t}\n\t\t\t#gallery-1 img {\n\t\t\t\tborder: 2px solid #cfcfcf;\n\t\t\t}\n\t\t\t#gallery-1 .gallery-caption {\n\t\t\t\tmargin-left: 0;\n\t\t\t}\n\t\t\t\/* see gallery_shortcode() in wp-includes\/media.php *\/\n\t\t<\/style>\n\t\t<div id='gallery-1' class='gallery galleryid-60317 gallery-columns-3 gallery-size-thumbnail'><dl class='gallery-item'>\n\t\t\t<dt class='gallery-icon landscape'>\n\t\t\t\t<a href='https:\/\/www.sudoestehoje.com.br\/novoportal\/2016\/09\/01\/eleicoes-juscelino-gomes-entre-os-mais-cotados-para-ocupar-uma-cadeira-na-camara-de-vereadores\/jusc-4-3\/'><img loading=\"lazy\" decoding=\"async\" width=\"150\" height=\"150\" src=\"https:\/\/www.sudoestehoje.com.br\/novoportal\/wp-content\/uploads\/2016\/09\/jusc-4-150x150.jpg\" class=\"attachment-thumbnail size-thumbnail\" alt=\"\" \/><\/a>\n\t\t\t<\/dt><\/dl><dl class='gallery-item'>\n\t\t\t<dt class='gallery-icon landscape'>\n\t\t\t\t<a href='https:\/\/www.sudoestehoje.com.br\/novoportal\/2016\/09\/01\/eleicoes-juscelino-gomes-entre-os-mais-cotados-para-ocupar-uma-cadeira-na-camara-de-vereadores\/jusc-3-2\/'><img loading=\"lazy\" decoding=\"async\" width=\"150\" height=\"150\" src=\"https:\/\/www.sudoestehoje.com.br\/novoportal\/wp-content\/uploads\/2016\/09\/jusc-3-150x150.jpg\" class=\"attachment-thumbnail size-thumbnail\" alt=\"\" \/><\/a>\n\t\t\t<\/dt><\/dl><dl class='gallery-item'>\n\t\t\t<dt class='gallery-icon landscape'>\n\t\t\t\t<a href='https:\/\/www.sudoestehoje.com.br\/novoportal\/2016\/09\/01\/eleicoes-juscelino-gomes-entre-os-mais-cotados-para-ocupar-uma-cadeira-na-camara-de-vereadores\/jusc-2-2\/'><img loading=\"lazy\" decoding=\"async\" width=\"150\" height=\"150\" src=\"https:\/\/www.sudoestehoje.com.br\/novoportal\/wp-content\/uploads\/2016\/09\/jusc-2-150x150.jpg\" class=\"attachment-thumbnail size-thumbnail\" alt=\"\" \/><\/a>\n\t\t\t<\/dt><\/dl><br style=\"clear: both\" \/>\n\t\t<\/div>\n\n","protected":false},"excerpt":{"rendered":"<p>Apesar da legisla\u00e7\u00e3o eleitoral n\u00e3o permitir a divulga\u00e7\u00e3o de pesquisas sem o devido registro no TRE, algumas consultas para avalia\u00e7\u00f5es internas dos partidos e coliga\u00e7\u00f5es t\u00eam chegado ao conhecimento do eleitorado, seja de boca em boca, ou pelas redes sociais. Nas consultas e avalia\u00e7\u00f5es at\u00e9 agora realizados, o nome do ex-vereador Juscelino Gomes (DEM) tem [&hellip;]<\/p>\n","protected":false},"author":2,"featured_media":0,"comment_status":"open","ping_status":"open","sticky":false,"template":"","format":"standard","meta":{"footnotes":"","_links_to":"","_links_to_target":""},"categories":[1],"tags":[],"class_list":["post-60317","post","type-post","status-publish","format-standard","hentry","category-geral"],"views":1176,"_links":{"self":[{"href":"https:\/\/www.sudoestehoje.com.br\/novoportal\/wp-json\/wp\/v2\/posts\/60317","targetHints":{"allow":["GET"]}}],"collection":[{"href":"https:\/\/www.sudoestehoje.com.br\/novoportal\/wp-json\/wp\/v2\/posts"}],"about":[{"href":"https:\/\/www.sudoestehoje.com.br\/novoportal\/wp-json\/wp\/v2\/types\/post"}],"author":[{"embeddable":true,"href":"https:\/\/www.sudoestehoje.com.br\/novoportal\/wp-json\/wp\/v2\/users\/2"}],"replies":[{"embeddable":true,"href":"https:\/\/www.sudoestehoje.com.br\/novoportal\/wp-json\/wp\/v2\/comments?post=60317"}],"version-history":[{"count":2,"href":"https:\/\/www.sudoestehoje.com.br\/novoportal\/wp-json\/wp\/v2\/posts\/60317\/revisions"}],"predecessor-version":[{"id":60323,"href":"https:\/\/www.sudoestehoje.com.br\/novoportal\/wp-json\/wp\/v2\/posts\/60317\/revisions\/60323"}],"wp:attachment":[{"href":"https:\/\/www.sudoestehoje.com.br\/novoportal\/wp-json\/wp\/v2\/media?parent=60317"}],"wp:term":[{"taxonomy":"category","embeddable":true,"href":"https:\/\/www.sudoestehoje.com.br\/novoportal\/wp-json\/wp\/v2\/categories?post=60317"},{"taxonomy":"post_tag","embeddable":true,"href":"https:\/\/www.sudoestehoje.com.br\/novoportal\/wp-json\/wp\/v2\/tags?post=60317"}],"curies":[{"name":"wp","href":"https:\/\/api.w.org\/{rel}","templated":true}]}}