
{"id":60306,"date":"2016-09-01T16:21:35","date_gmt":"2016-09-01T19:21:35","guid":{"rendered":"http:\/\/www.sudoestehoje.com.br\/novoportal\/?p=60306"},"modified":"2016-09-01T22:13:03","modified_gmt":"2016-09-02T01:13:03","slug":"eleicoes-rodrigo-hagge-mostrou-forca-e-conhecimento-em-debate-da-cdl","status":"publish","type":"post","link":"https:\/\/www.sudoestehoje.com.br\/novoportal\/2016\/09\/01\/eleicoes-rodrigo-hagge-mostrou-forca-e-conhecimento-em-debate-da-cdl\/","title":{"rendered":"ELEI\u00c7\u00d5ES: RODRIGO HAGGE MOSTROU FOR\u00c7A E CONHECIMENTO NO DEBATE DA CDL"},"content":{"rendered":"<p><a href=\"http:\/\/www.sudoestehoje.com.br\/novoportal\/wp-content\/uploads\/2016\/09\/ro-5.jpg\" rel=\"attachment wp-att-60311\"><img loading=\"lazy\" decoding=\"async\" class=\"aligncenter size-medium wp-image-60311\" src=\"http:\/\/www.sudoestehoje.com.br\/novoportal\/wp-content\/uploads\/2016\/09\/ro-5-500x354.jpg\" alt=\"ro 5\" width=\"500\" height=\"354\" srcset=\"https:\/\/www.sudoestehoje.com.br\/novoportal\/wp-content\/uploads\/2016\/09\/ro-5-500x354.jpg 500w, https:\/\/www.sudoestehoje.com.br\/novoportal\/wp-content\/uploads\/2016\/09\/ro-5-768x544.jpg 768w, https:\/\/www.sudoestehoje.com.br\/novoportal\/wp-content\/uploads\/2016\/09\/ro-5-700x496.jpg 700w, https:\/\/www.sudoestehoje.com.br\/novoportal\/wp-content\/uploads\/2016\/09\/ro-5.jpg 960w\" sizes=\"auto, (max-width: 500px) 100vw, 500px\" \/><\/a><\/p>\n<p>Economia, gera\u00e7\u00e3o de emprego e renda, crescimento e desenvolvimento sustent\u00e1vel do nosso munic\u00edpio foi o tema do debate promovido pela C\u00e2mara de Dirigentes Lojistas de Itapetinga \u2013 CDL, na noite desta ter\u00e7a-feira, reunindo os quatro candidatos a prefeito da cidade.<\/p>\n<p><a href=\"http:\/\/www.sudoestehoje.com.br\/novoportal\/wp-content\/uploads\/2016\/09\/ro-3.jpg\" rel=\"attachment wp-att-60309\"><img loading=\"lazy\" decoding=\"async\" class=\"aligncenter size-medium wp-image-60309\" src=\"http:\/\/www.sudoestehoje.com.br\/novoportal\/wp-content\/uploads\/2016\/09\/ro-3-500x298.jpg\" alt=\"ro 3\" width=\"500\" height=\"298\" srcset=\"https:\/\/www.sudoestehoje.com.br\/novoportal\/wp-content\/uploads\/2016\/09\/ro-3-500x298.jpg 500w, https:\/\/www.sudoestehoje.com.br\/novoportal\/wp-content\/uploads\/2016\/09\/ro-3-768x458.jpg 768w, https:\/\/www.sudoestehoje.com.br\/novoportal\/wp-content\/uploads\/2016\/09\/ro-3-700x417.jpg 700w, https:\/\/www.sudoestehoje.com.br\/novoportal\/wp-content\/uploads\/2016\/09\/ro-3.jpg 960w\" sizes=\"auto, (max-width: 500px) 100vw, 500px\" \/><\/a><\/p>\n<p>Com perguntas formuladas por entidades e institui\u00e7\u00f5es representativas de Itapetinga, como OAB, Rotary Clube, Sindicato Rural, CRI, Associa\u00e7\u00e3o dos Vendedores e Ambulantes de Itapetinga, Sindicato dos Comerci\u00e1rios, Sindicato de Verdade e da pr\u00f3pria C\u00e2mara de Lojistas, o debate foi dividido em blocos, tendo transcorrido em clima de muita tranquilidade e cordialidade.<\/p>\n<p><a href=\"http:\/\/www.sudoestehoje.com.br\/novoportal\/wp-content\/uploads\/2016\/09\/ro-2.jpg\" rel=\"attachment wp-att-60308\"><img loading=\"lazy\" decoding=\"async\" class=\"aligncenter size-medium wp-image-60308\" src=\"http:\/\/www.sudoestehoje.com.br\/novoportal\/wp-content\/uploads\/2016\/09\/ro-2-500x270.jpg\" alt=\"ro 2\" width=\"500\" height=\"270\" srcset=\"https:\/\/www.sudoestehoje.com.br\/novoportal\/wp-content\/uploads\/2016\/09\/ro-2-500x270.jpg 500w, https:\/\/www.sudoestehoje.com.br\/novoportal\/wp-content\/uploads\/2016\/09\/ro-2-768x414.jpg 768w, https:\/\/www.sudoestehoje.com.br\/novoportal\/wp-content\/uploads\/2016\/09\/ro-2-700x378.jpg 700w, https:\/\/www.sudoestehoje.com.br\/novoportal\/wp-content\/uploads\/2016\/09\/ro-2.jpg 960w\" sizes=\"auto, (max-width: 500px) 100vw, 500px\" \/><\/a><\/p>\n<p>Mediado por Eduardo Cruz Cardoso, foi aberto pelo presidente da institui\u00e7\u00e3o promotora, Oniel Brand\u00e3o, que falou da import\u00e2ncia do encontro e agradeceu aos prefeitur\u00e1veis \u201cpelo atendimento ao chamamento da classe lojista\u201d.<\/p>\n<p><a href=\"http:\/\/www.sudoestehoje.com.br\/novoportal\/wp-content\/uploads\/2016\/09\/ro-6.jpg\" rel=\"attachment wp-att-60312\"><img loading=\"lazy\" decoding=\"async\" class=\"aligncenter size-medium wp-image-60312\" src=\"http:\/\/www.sudoestehoje.com.br\/novoportal\/wp-content\/uploads\/2016\/09\/ro-6-500x313.jpg\" alt=\"ro 6\" width=\"500\" height=\"313\" srcset=\"https:\/\/www.sudoestehoje.com.br\/novoportal\/wp-content\/uploads\/2016\/09\/ro-6-500x313.jpg 500w, https:\/\/www.sudoestehoje.com.br\/novoportal\/wp-content\/uploads\/2016\/09\/ro-6-768x481.jpg 768w, https:\/\/www.sudoestehoje.com.br\/novoportal\/wp-content\/uploads\/2016\/09\/ro-6-700x438.jpg 700w, https:\/\/www.sudoestehoje.com.br\/novoportal\/wp-content\/uploads\/2016\/09\/ro-6.jpg 960w\" sizes=\"auto, (max-width: 500px) 100vw, 500px\" \/><\/a><\/p>\n<p>Seguro de suas propostas e se mostrando bastante preparado, Rodrigo Hagge, candidato da coliga\u00e7\u00e3o \u201cVamos Juntos Mudar Itapetinga\u201d, analisou o encontro como muito positivo e elogiou a media\u00e7\u00e3o e inten\u00e7\u00e3o da C\u00e2mara de Lojistas de ouvir a proposta dos candidatos.<\/p>\n<p><a href=\"http:\/\/www.sudoestehoje.com.br\/novoportal\/wp-content\/uploads\/2016\/09\/ro-4.jpg\" rel=\"attachment wp-att-60310\"><img loading=\"lazy\" decoding=\"async\" class=\"aligncenter size-medium wp-image-60310\" src=\"http:\/\/www.sudoestehoje.com.br\/novoportal\/wp-content\/uploads\/2016\/09\/ro-4-500x319.jpg\" alt=\"ro 4\" width=\"500\" height=\"319\" srcset=\"https:\/\/www.sudoestehoje.com.br\/novoportal\/wp-content\/uploads\/2016\/09\/ro-4-500x319.jpg 500w, https:\/\/www.sudoestehoje.com.br\/novoportal\/wp-content\/uploads\/2016\/09\/ro-4-768x490.jpg 768w, https:\/\/www.sudoestehoje.com.br\/novoportal\/wp-content\/uploads\/2016\/09\/ro-4-700x447.jpg 700w, https:\/\/www.sudoestehoje.com.br\/novoportal\/wp-content\/uploads\/2016\/09\/ro-4.jpg 960w\" sizes=\"auto, (max-width: 500px) 100vw, 500px\" \/><\/a><\/p>\n<p><em> \u201cAgrade\u00e7o a todos que estiveram na milit\u00e2ncia, nos dando apoio, aos que nos acompanharam pelas redes sociais, aos que nos mandaram mensagens de incentivo e pe\u00e7o para que continuem firmes, acreditando na nossa caminhada, na nossa candidatura, que se consolida por ter come\u00e7ado do zero, de forma inimagin\u00e1vel, forjada por um jovem tido como sonhador, mas que conseguiu com muito trabalho trilhar esse ideal. E \u00e9 esse trabalho que eu quero trazer para Itapetinga, com esp\u00edrito novo, com vontade de cuidar das pessoas, de melhorar a condi\u00e7\u00e3o de vida das fam\u00edlias de nossa cidade. Aproveito para convidar a todos para mais uma grande caminhada que faremos nesta sexta-feira, quando iremos valorizar as vilas. A concentra\u00e7\u00e3o ser\u00e1 na Vila Riach\u00e3o, na Pra\u00e7a Frank Aguiar, com destino \u00e0 Vila Isabel, onde faremos grande com\u00edcio na Pra\u00e7a Jorge Saliba\u201d, <\/em>concluiu Rodrigo<em>.<\/em><\/p>\n<p><strong><em><a href=\"http:\/\/www.sudoestehoje.com.br\/novoportal\/wp-content\/uploads\/2016\/09\/ro-7.jpg\" rel=\"attachment wp-att-60315\"><img loading=\"lazy\" decoding=\"async\" class=\"aligncenter size-medium wp-image-60315\" src=\"http:\/\/www.sudoestehoje.com.br\/novoportal\/wp-content\/uploads\/2016\/09\/ro-7-500x304.jpg\" alt=\"ro 7\" width=\"500\" height=\"304\" srcset=\"https:\/\/www.sudoestehoje.com.br\/novoportal\/wp-content\/uploads\/2016\/09\/ro-7-500x304.jpg 500w, https:\/\/www.sudoestehoje.com.br\/novoportal\/wp-content\/uploads\/2016\/09\/ro-7-768x466.jpg 768w, https:\/\/www.sudoestehoje.com.br\/novoportal\/wp-content\/uploads\/2016\/09\/ro-7-700x425.jpg 700w, https:\/\/www.sudoestehoje.com.br\/novoportal\/wp-content\/uploads\/2016\/09\/ro-7.jpg 960w\" sizes=\"auto, (max-width: 500px) 100vw, 500px\" \/><\/a>Ascom RR<\/em><\/strong><\/p>\n","protected":false},"excerpt":{"rendered":"<p>Economia, gera\u00e7\u00e3o de emprego e renda, crescimento e desenvolvimento sustent\u00e1vel do nosso munic\u00edpio foi o tema do debate promovido pela C\u00e2mara de Dirigentes Lojistas de Itapetinga \u2013 CDL, na noite desta ter\u00e7a-feira, reunindo os quatro candidatos a prefeito da cidade. Com perguntas formuladas por entidades e institui\u00e7\u00f5es representativas de Itapetinga, como OAB, Rotary Clube, Sindicato [&hellip;]<\/p>\n","protected":false},"author":2,"featured_media":0,"comment_status":"open","ping_status":"open","sticky":false,"template":"","format":"standard","meta":{"footnotes":"","_links_to":"","_links_to_target":""},"categories":[1],"tags":[],"class_list":["post-60306","post","type-post","status-publish","format-standard","hentry","category-geral"],"views":1674,"_links":{"self":[{"href":"https:\/\/www.sudoestehoje.com.br\/novoportal\/wp-json\/wp\/v2\/posts\/60306","targetHints":{"allow":["GET"]}}],"collection":[{"href":"https:\/\/www.sudoestehoje.com.br\/novoportal\/wp-json\/wp\/v2\/posts"}],"about":[{"href":"https:\/\/www.sudoestehoje.com.br\/novoportal\/wp-json\/wp\/v2\/types\/post"}],"author":[{"embeddable":true,"href":"https:\/\/www.sudoestehoje.com.br\/novoportal\/wp-json\/wp\/v2\/users\/2"}],"replies":[{"embeddable":true,"href":"https:\/\/www.sudoestehoje.com.br\/novoportal\/wp-json\/wp\/v2\/comments?post=60306"}],"version-history":[{"count":3,"href":"https:\/\/www.sudoestehoje.com.br\/novoportal\/wp-json\/wp\/v2\/posts\/60306\/revisions"}],"predecessor-version":[{"id":60324,"href":"https:\/\/www.sudoestehoje.com.br\/novoportal\/wp-json\/wp\/v2\/posts\/60306\/revisions\/60324"}],"wp:attachment":[{"href":"https:\/\/www.sudoestehoje.com.br\/novoportal\/wp-json\/wp\/v2\/media?parent=60306"}],"wp:term":[{"taxonomy":"category","embeddable":true,"href":"https:\/\/www.sudoestehoje.com.br\/novoportal\/wp-json\/wp\/v2\/categories?post=60306"},{"taxonomy":"post_tag","embeddable":true,"href":"https:\/\/www.sudoestehoje.com.br\/novoportal\/wp-json\/wp\/v2\/tags?post=60306"}],"curies":[{"name":"wp","href":"https:\/\/api.w.org\/{rel}","templated":true}]}}