
{"id":60292,"date":"2016-09-01T15:30:11","date_gmt":"2016-09-01T18:30:11","guid":{"rendered":"http:\/\/www.sudoestehoje.com.br\/novoportal\/?p=60292"},"modified":"2016-09-01T15:44:02","modified_gmt":"2016-09-01T18:44:02","slug":"eleicoes-debate-confirma-superioridade-tecnica-de-adriano","status":"publish","type":"post","link":"https:\/\/www.sudoestehoje.com.br\/novoportal\/2016\/09\/01\/eleicoes-debate-confirma-superioridade-tecnica-de-adriano\/","title":{"rendered":"ELEI\u00c7\u00d5ES: DEBATE CONFIRMA CAPACIDADE T\u00c9CNICA DE ADRIANO ALC\u00c2NTARA"},"content":{"rendered":"<p><a href=\"http:\/\/www.sudoestehoje.com.br\/novoportal\/wp-content\/uploads\/2016\/09\/IMG-20160901-WA0009.jpg\" rel=\"attachment wp-att-60297\"><img loading=\"lazy\" decoding=\"async\" class=\"aligncenter size-medium wp-image-60297\" src=\"http:\/\/www.sudoestehoje.com.br\/novoportal\/wp-content\/uploads\/2016\/09\/IMG-20160901-WA0009-500x315.jpg\" alt=\"IMG-20160901-WA0009\" width=\"500\" height=\"315\" srcset=\"https:\/\/www.sudoestehoje.com.br\/novoportal\/wp-content\/uploads\/2016\/09\/IMG-20160901-WA0009-500x315.jpg 500w, https:\/\/www.sudoestehoje.com.br\/novoportal\/wp-content\/uploads\/2016\/09\/IMG-20160901-WA0009-768x484.jpg 768w, https:\/\/www.sudoestehoje.com.br\/novoportal\/wp-content\/uploads\/2016\/09\/IMG-20160901-WA0009-700x441.jpg 700w, https:\/\/www.sudoestehoje.com.br\/novoportal\/wp-content\/uploads\/2016\/09\/IMG-20160901-WA0009.jpg 1280w\" sizes=\"auto, (max-width: 500px) 100vw, 500px\" \/><\/a><\/p>\n<p><strong><em>Ascom PSDB<\/em><\/strong><\/p>\n<p>A C\u00e2mara dos Dirigentes Lojistas, CDL Itapetinga realizou nesta quarta-feira\u00a0 31 de agosto debate com os candidatos a prefeito Adriano Alc\u00e2ntara PSDB, Al\u00e9cio Chaves PSD, Rodrigo Hagge PMDB, Hild\u00e9rico Nogueira PDT, no audit\u00f3rio da Ma\u00e7onaria, com objetivo de ajudar aos eleitores na escolha do candidato a prefeito.<\/p>\n<p><a href=\"http:\/\/www.sudoestehoje.com.br\/novoportal\/wp-content\/uploads\/2016\/09\/IMG-20160901-WA0016.jpg\" rel=\"attachment wp-att-60296\"><img loading=\"lazy\" decoding=\"async\" class=\"aligncenter size-medium wp-image-60296\" src=\"http:\/\/www.sudoestehoje.com.br\/novoportal\/wp-content\/uploads\/2016\/09\/IMG-20160901-WA0016-500x333.jpg\" alt=\"IMG-20160901-WA0016\" width=\"500\" height=\"333\" srcset=\"https:\/\/www.sudoestehoje.com.br\/novoportal\/wp-content\/uploads\/2016\/09\/IMG-20160901-WA0016-500x333.jpg 500w, https:\/\/www.sudoestehoje.com.br\/novoportal\/wp-content\/uploads\/2016\/09\/IMG-20160901-WA0016-768x512.jpg 768w, https:\/\/www.sudoestehoje.com.br\/novoportal\/wp-content\/uploads\/2016\/09\/IMG-20160901-WA0016-700x466.jpg 700w, https:\/\/www.sudoestehoje.com.br\/novoportal\/wp-content\/uploads\/2016\/09\/IMG-20160901-WA0016.jpg 1280w\" sizes=\"auto, (max-width: 500px) 100vw, 500px\" \/><\/a><\/p>\n<p>Com o tema \u201cEconomia, gera\u00e7\u00e3o de emprego e renda, crescimento e desenvolvimento sustent\u00e1vel de Itapetinga\u2019. Assuntos muito pertinentes no momento de crise que a cidade vive, onde o grande \u00edndice de desemprego afeta toda a economia local.<\/p>\n<p><a href=\"http:\/\/www.sudoestehoje.com.br\/novoportal\/wp-content\/uploads\/2016\/09\/IMG-20160901-WA0019.jpg\" rel=\"attachment wp-att-60294\"><img loading=\"lazy\" decoding=\"async\" class=\"aligncenter size-medium wp-image-60294\" src=\"http:\/\/www.sudoestehoje.com.br\/novoportal\/wp-content\/uploads\/2016\/09\/IMG-20160901-WA0019-500x333.jpg\" alt=\"IMG-20160901-WA0019\" width=\"500\" height=\"333\" srcset=\"https:\/\/www.sudoestehoje.com.br\/novoportal\/wp-content\/uploads\/2016\/09\/IMG-20160901-WA0019-500x333.jpg 500w, https:\/\/www.sudoestehoje.com.br\/novoportal\/wp-content\/uploads\/2016\/09\/IMG-20160901-WA0019-768x512.jpg 768w, https:\/\/www.sudoestehoje.com.br\/novoportal\/wp-content\/uploads\/2016\/09\/IMG-20160901-WA0019-700x466.jpg 700w, https:\/\/www.sudoestehoje.com.br\/novoportal\/wp-content\/uploads\/2016\/09\/IMG-20160901-WA0019.jpg 1280w\" sizes=\"auto, (max-width: 500px) 100vw, 500px\" \/><\/a><\/p>\n<p>J\u00e1 na apresenta\u00e7\u00e3o p\u00f4de-se perceber qual seria o tom do debate, ao posicionar-se firmemente com respostas t\u00e3o completas que j\u00e1 antecipavam as perguntas que viriam, Adriano Alc\u00e2ntara destacou-se mostrando grande conhecimento t\u00e9cnico em gest\u00e3o, flu\u00eancia impec\u00e1vel e acima de tudo propostas vi\u00e1veis que ap\u00f3iam o seu discurso que diz que \u201cOnde h\u00e1 seriedade e dinamismo as coisas acontecem.\u201d E que\u201d Independ\u00eancia, trabalho e compet\u00eancia s\u00e3o atitudes necess\u00e1rias para mudar a cidade de Itapetinga.\u201d<\/p>\n<p><a href=\"http:\/\/www.sudoestehoje.com.br\/novoportal\/wp-content\/uploads\/2016\/09\/IMG-20160901-WA0007.jpg\" rel=\"attachment wp-att-60298\"><img loading=\"lazy\" decoding=\"async\" class=\"aligncenter size-medium wp-image-60298\" src=\"http:\/\/www.sudoestehoje.com.br\/novoportal\/wp-content\/uploads\/2016\/09\/IMG-20160901-WA0007-500x333.jpg\" alt=\"IMG-20160901-WA0007\" width=\"500\" height=\"333\" srcset=\"https:\/\/www.sudoestehoje.com.br\/novoportal\/wp-content\/uploads\/2016\/09\/IMG-20160901-WA0007-500x333.jpg 500w, https:\/\/www.sudoestehoje.com.br\/novoportal\/wp-content\/uploads\/2016\/09\/IMG-20160901-WA0007-768x512.jpg 768w, https:\/\/www.sudoestehoje.com.br\/novoportal\/wp-content\/uploads\/2016\/09\/IMG-20160901-WA0007-700x467.jpg 700w, https:\/\/www.sudoestehoje.com.br\/novoportal\/wp-content\/uploads\/2016\/09\/IMG-20160901-WA0007.jpg 1056w\" sizes=\"auto, (max-width: 500px) 100vw, 500px\" \/><\/a><\/p>\n<p>Durante todo o bloco de perguntas feitas entre os candidatos Adriano mostrou ser o mais preparado ao direcionar aos demais perguntas bem elaboradas e cobrar de cada um deles respostas plaus\u00edveis colocando-os,\u00a0 muitas vezes em situa\u00e7\u00e3o dif\u00edcil ao expor suas defici\u00eancias fossem elas na administra\u00e7\u00e3o p\u00fablica ou no desenrolar da campanha.<\/p>\n<p><a href=\"http:\/\/www.sudoestehoje.com.br\/novoportal\/wp-content\/uploads\/2016\/09\/IMG-20160901-WA0020.jpg\" rel=\"attachment wp-att-60293\"><img loading=\"lazy\" decoding=\"async\" class=\"aligncenter size-medium wp-image-60293\" src=\"http:\/\/www.sudoestehoje.com.br\/novoportal\/wp-content\/uploads\/2016\/09\/IMG-20160901-WA0020-500x349.jpg\" alt=\"IMG-20160901-WA0020\" width=\"500\" height=\"349\" srcset=\"https:\/\/www.sudoestehoje.com.br\/novoportal\/wp-content\/uploads\/2016\/09\/IMG-20160901-WA0020-500x349.jpg 500w, https:\/\/www.sudoestehoje.com.br\/novoportal\/wp-content\/uploads\/2016\/09\/IMG-20160901-WA0020-768x536.jpg 768w, https:\/\/www.sudoestehoje.com.br\/novoportal\/wp-content\/uploads\/2016\/09\/IMG-20160901-WA0020-700x488.jpg 700w, https:\/\/www.sudoestehoje.com.br\/novoportal\/wp-content\/uploads\/2016\/09\/IMG-20160901-WA0020.jpg 1280w\" sizes=\"auto, (max-width: 500px) 100vw, 500px\" \/><\/a><\/p>\n<p>O povo que lotava a pra\u00e7a Dairy Valley, em grande parte vestido com o verdadeiro azul,\u00a0 vibrava a cada resposta e de longe podia-se ouvir o coro que ovacionava as coloca\u00e7\u00f5es do candidato Adriano. Este mesmo povo, recebeu Adriano calorosamente e demonstrou imenso orgulho por ter sido t\u00e3o bem representado neste debate.<\/p>\n<p><a href=\"http:\/\/www.sudoestehoje.com.br\/novoportal\/wp-content\/uploads\/2016\/09\/IMG-20160901-WA0017.jpg\" rel=\"attachment wp-att-60295\"><img loading=\"lazy\" decoding=\"async\" class=\"aligncenter size-medium wp-image-60295\" src=\"http:\/\/www.sudoestehoje.com.br\/novoportal\/wp-content\/uploads\/2016\/09\/IMG-20160901-WA0017-500x288.jpg\" alt=\"IMG-20160901-WA0017\" width=\"500\" height=\"288\" srcset=\"https:\/\/www.sudoestehoje.com.br\/novoportal\/wp-content\/uploads\/2016\/09\/IMG-20160901-WA0017-500x288.jpg 500w, https:\/\/www.sudoestehoje.com.br\/novoportal\/wp-content\/uploads\/2016\/09\/IMG-20160901-WA0017-768x442.jpg 768w, https:\/\/www.sudoestehoje.com.br\/novoportal\/wp-content\/uploads\/2016\/09\/IMG-20160901-WA0017-700x403.jpg 700w, https:\/\/www.sudoestehoje.com.br\/novoportal\/wp-content\/uploads\/2016\/09\/IMG-20160901-WA0017.jpg 1280w\" sizes=\"auto, (max-width: 500px) 100vw, 500px\" \/><\/a><\/p>\n","protected":false},"excerpt":{"rendered":"<p>Ascom PSDB A C\u00e2mara dos Dirigentes Lojistas, CDL Itapetinga realizou nesta quarta-feira\u00a0 31 de agosto debate com os candidatos a prefeito Adriano Alc\u00e2ntara PSDB, Al\u00e9cio Chaves PSD, Rodrigo Hagge PMDB, Hild\u00e9rico Nogueira PDT, no audit\u00f3rio da Ma\u00e7onaria, com objetivo de ajudar aos eleitores na escolha do candidato a prefeito. Com o tema \u201cEconomia, gera\u00e7\u00e3o de [&hellip;]<\/p>\n","protected":false},"author":2,"featured_media":0,"comment_status":"open","ping_status":"open","sticky":false,"template":"","format":"standard","meta":{"footnotes":"","_links_to":"","_links_to_target":""},"categories":[1],"tags":[],"class_list":["post-60292","post","type-post","status-publish","format-standard","hentry","category-geral"],"views":1451,"_links":{"self":[{"href":"https:\/\/www.sudoestehoje.com.br\/novoportal\/wp-json\/wp\/v2\/posts\/60292","targetHints":{"allow":["GET"]}}],"collection":[{"href":"https:\/\/www.sudoestehoje.com.br\/novoportal\/wp-json\/wp\/v2\/posts"}],"about":[{"href":"https:\/\/www.sudoestehoje.com.br\/novoportal\/wp-json\/wp\/v2\/types\/post"}],"author":[{"embeddable":true,"href":"https:\/\/www.sudoestehoje.com.br\/novoportal\/wp-json\/wp\/v2\/users\/2"}],"replies":[{"embeddable":true,"href":"https:\/\/www.sudoestehoje.com.br\/novoportal\/wp-json\/wp\/v2\/comments?post=60292"}],"version-history":[{"count":3,"href":"https:\/\/www.sudoestehoje.com.br\/novoportal\/wp-json\/wp\/v2\/posts\/60292\/revisions"}],"predecessor-version":[{"id":60301,"href":"https:\/\/www.sudoestehoje.com.br\/novoportal\/wp-json\/wp\/v2\/posts\/60292\/revisions\/60301"}],"wp:attachment":[{"href":"https:\/\/www.sudoestehoje.com.br\/novoportal\/wp-json\/wp\/v2\/media?parent=60292"}],"wp:term":[{"taxonomy":"category","embeddable":true,"href":"https:\/\/www.sudoestehoje.com.br\/novoportal\/wp-json\/wp\/v2\/categories?post=60292"},{"taxonomy":"post_tag","embeddable":true,"href":"https:\/\/www.sudoestehoje.com.br\/novoportal\/wp-json\/wp\/v2\/tags?post=60292"}],"curies":[{"name":"wp","href":"https:\/\/api.w.org\/{rel}","templated":true}]}}