
{"id":60282,"date":"2016-09-01T14:37:40","date_gmt":"2016-09-01T17:37:40","guid":{"rendered":"http:\/\/www.sudoestehoje.com.br\/novoportal\/?p=60282"},"modified":"2016-09-01T14:59:10","modified_gmt":"2016-09-01T17:59:10","slug":"eleicoes-alecio-chaves-foi-destaque-no-debate-da-cdl","status":"publish","type":"post","link":"https:\/\/www.sudoestehoje.com.br\/novoportal\/2016\/09\/01\/eleicoes-alecio-chaves-foi-destaque-no-debate-da-cdl\/","title":{"rendered":"ELEI\u00c7\u00d5ES: AL\u00c9CIO CHAVES FOI DESTAQUE NO DEBATE DA CDL"},"content":{"rendered":"<p><a href=\"http:\/\/www.sudoestehoje.com.br\/novoportal\/wp-content\/uploads\/2016\/09\/ALECIO-DEBATE.jpg\" rel=\"attachment wp-att-60284\"><img loading=\"lazy\" decoding=\"async\" class=\"aligncenter size-medium wp-image-60284\" src=\"http:\/\/www.sudoestehoje.com.br\/novoportal\/wp-content\/uploads\/2016\/09\/ALECIO-DEBATE-500x281.jpg\" alt=\"ALECIO DEBATE\" width=\"500\" height=\"281\" srcset=\"https:\/\/www.sudoestehoje.com.br\/novoportal\/wp-content\/uploads\/2016\/09\/ALECIO-DEBATE-500x281.jpg 500w, https:\/\/www.sudoestehoje.com.br\/novoportal\/wp-content\/uploads\/2016\/09\/ALECIO-DEBATE-768x432.jpg 768w, https:\/\/www.sudoestehoje.com.br\/novoportal\/wp-content\/uploads\/2016\/09\/ALECIO-DEBATE-700x394.jpg 700w, https:\/\/www.sudoestehoje.com.br\/novoportal\/wp-content\/uploads\/2016\/09\/ALECIO-DEBATE.jpg 960w\" sizes=\"auto, (max-width: 500px) 100vw, 500px\" \/><\/a><\/p>\n<p>A participa\u00e7\u00e3o de Al\u00e9cio Chaves no debate promovido pela CDL foi um sucesso, e ficou claro que ele \u00e9 o candidato mais bem preparado para governar Itapetinga, ao demonstrar com serenidade que tem um vasto conhecimento sobre a regi\u00e3o, ra\u00edzes das suas problem\u00e1ticas e como deve realmente ser estudado e tratado cada caso em espec\u00edfico para a nossa cidade.<\/p>\n<p><a href=\"http:\/\/www.sudoestehoje.com.br\/novoportal\/wp-content\/uploads\/2016\/09\/Boa-essa.jpg\" rel=\"attachment wp-att-60283\"><img loading=\"lazy\" decoding=\"async\" class=\"aligncenter size-medium wp-image-60283\" src=\"http:\/\/www.sudoestehoje.com.br\/novoportal\/wp-content\/uploads\/2016\/09\/Boa-essa-500x375.jpg\" alt=\"Boa essa\" width=\"500\" height=\"375\" srcset=\"https:\/\/www.sudoestehoje.com.br\/novoportal\/wp-content\/uploads\/2016\/09\/Boa-essa-500x375.jpg 500w, https:\/\/www.sudoestehoje.com.br\/novoportal\/wp-content\/uploads\/2016\/09\/Boa-essa.jpg 640w\" sizes=\"auto, (max-width: 500px) 100vw, 500px\" \/><\/a><\/p>\n<p>Al\u00e9cio deu um show de experi\u00eancia e sabedoria, sempre firme nas suas respostas e como j\u00e1 era de se esperar ouvia-se seu nome sendo clamado pelas ruas de Itapetinga no momento do debate, o calor, a alegria e o respeito da popula\u00e7\u00e3o j\u00e1 \u00e9 um grande presente para Al\u00e9cio.<\/p>\n<p><a href=\"http:\/\/www.sudoestehoje.com.br\/novoportal\/wp-content\/uploads\/2016\/09\/ALECIO-GRUPO.jpg\" rel=\"attachment wp-att-60289\"><img loading=\"lazy\" decoding=\"async\" class=\"aligncenter size-medium wp-image-60289\" src=\"http:\/\/www.sudoestehoje.com.br\/novoportal\/wp-content\/uploads\/2016\/09\/ALECIO-GRUPO-500x333.jpg\" alt=\"ALECIO GRUPO\" width=\"500\" height=\"333\" srcset=\"https:\/\/www.sudoestehoje.com.br\/novoportal\/wp-content\/uploads\/2016\/09\/ALECIO-GRUPO-500x333.jpg 500w, https:\/\/www.sudoestehoje.com.br\/novoportal\/wp-content\/uploads\/2016\/09\/ALECIO-GRUPO-768x511.jpg 768w, https:\/\/www.sudoestehoje.com.br\/novoportal\/wp-content\/uploads\/2016\/09\/ALECIO-GRUPO-700x466.jpg 700w, https:\/\/www.sudoestehoje.com.br\/novoportal\/wp-content\/uploads\/2016\/09\/ALECIO-GRUPO.jpg 960w\" sizes=\"auto, (max-width: 500px) 100vw, 500px\" \/><\/a><\/p>\n<p>Ao lado do seu vice Miraldo Mota, ele agradece a todos que o prestigiaram. A mudan\u00e7a \u00e9 a gente que faz! <strong><em>Ascom PSD<\/em><\/strong><\/p>\n<p>&nbsp;<\/p>\n","protected":false},"excerpt":{"rendered":"<p>A participa\u00e7\u00e3o de Al\u00e9cio Chaves no debate promovido pela CDL foi um sucesso, e ficou claro que ele \u00e9 o candidato mais bem preparado para governar Itapetinga, ao demonstrar com serenidade que tem um vasto conhecimento sobre a regi\u00e3o, ra\u00edzes das suas problem\u00e1ticas e como deve realmente ser estudado e tratado cada caso em espec\u00edfico [&hellip;]<\/p>\n","protected":false},"author":2,"featured_media":0,"comment_status":"open","ping_status":"open","sticky":false,"template":"","format":"standard","meta":{"footnotes":"","_links_to":"","_links_to_target":""},"categories":[1],"tags":[],"class_list":["post-60282","post","type-post","status-publish","format-standard","hentry","category-geral"],"views":2517,"_links":{"self":[{"href":"https:\/\/www.sudoestehoje.com.br\/novoportal\/wp-json\/wp\/v2\/posts\/60282","targetHints":{"allow":["GET"]}}],"collection":[{"href":"https:\/\/www.sudoestehoje.com.br\/novoportal\/wp-json\/wp\/v2\/posts"}],"about":[{"href":"https:\/\/www.sudoestehoje.com.br\/novoportal\/wp-json\/wp\/v2\/types\/post"}],"author":[{"embeddable":true,"href":"https:\/\/www.sudoestehoje.com.br\/novoportal\/wp-json\/wp\/v2\/users\/2"}],"replies":[{"embeddable":true,"href":"https:\/\/www.sudoestehoje.com.br\/novoportal\/wp-json\/wp\/v2\/comments?post=60282"}],"version-history":[{"count":4,"href":"https:\/\/www.sudoestehoje.com.br\/novoportal\/wp-json\/wp\/v2\/posts\/60282\/revisions"}],"predecessor-version":[{"id":60290,"href":"https:\/\/www.sudoestehoje.com.br\/novoportal\/wp-json\/wp\/v2\/posts\/60282\/revisions\/60290"}],"wp:attachment":[{"href":"https:\/\/www.sudoestehoje.com.br\/novoportal\/wp-json\/wp\/v2\/media?parent=60282"}],"wp:term":[{"taxonomy":"category","embeddable":true,"href":"https:\/\/www.sudoestehoje.com.br\/novoportal\/wp-json\/wp\/v2\/categories?post=60282"},{"taxonomy":"post_tag","embeddable":true,"href":"https:\/\/www.sudoestehoje.com.br\/novoportal\/wp-json\/wp\/v2\/tags?post=60282"}],"curies":[{"name":"wp","href":"https:\/\/api.w.org\/{rel}","templated":true}]}}