
{"id":60269,"date":"2016-09-01T09:31:10","date_gmt":"2016-09-01T12:31:10","guid":{"rendered":"http:\/\/www.sudoestehoje.com.br\/novoportal\/?p=60269"},"modified":"2016-09-01T09:31:10","modified_gmt":"2016-09-01T12:31:10","slug":"itapetinga-cdl-realiza-debate-entre-candidatos-a-prefeito","status":"publish","type":"post","link":"https:\/\/www.sudoestehoje.com.br\/novoportal\/2016\/09\/01\/itapetinga-cdl-realiza-debate-entre-candidatos-a-prefeito\/","title":{"rendered":"ITAPETINGA: CDL REALIZA DEBATE ENTRE CANDIDATOS A PREFEITO"},"content":{"rendered":"<p><a href=\"http:\/\/www.sudoestehoje.com.br\/novoportal\/wp-content\/uploads\/2016\/09\/d.jpg\" rel=\"attachment wp-att-60270\"><img loading=\"lazy\" decoding=\"async\" class=\"aligncenter size-medium wp-image-60270\" src=\"http:\/\/www.sudoestehoje.com.br\/novoportal\/wp-content\/uploads\/2016\/09\/d-500x300.jpg\" alt=\"d\" width=\"500\" height=\"300\" srcset=\"https:\/\/www.sudoestehoje.com.br\/novoportal\/wp-content\/uploads\/2016\/09\/d-500x300.jpg 500w, https:\/\/www.sudoestehoje.com.br\/novoportal\/wp-content\/uploads\/2016\/09\/d-768x461.jpg 768w, https:\/\/www.sudoestehoje.com.br\/novoportal\/wp-content\/uploads\/2016\/09\/d-700x420.jpg 700w, https:\/\/www.sudoestehoje.com.br\/novoportal\/wp-content\/uploads\/2016\/09\/d.jpg 960w\" sizes=\"auto, (max-width: 500px) 100vw, 500px\" \/><\/a><\/p>\n<p>Na noite desta quarta-feira (31), foi realizado no sal\u00e3o nobre da Loja Ma\u00e7\u00f4nica de Itapetinga, um importante debate entre os candidatos a prefeito das quatro coliga\u00e7\u00f5es que disputam as elei\u00e7\u00f5es deste ano, para discutirem sobre o tema<em> &#8216;Economia, gera\u00e7\u00e3o de emprego e renda, crescimento e desenvolvimento sustent\u00e1vel de Itapetinga&#8217;<\/em>.<\/p>\n<p><a href=\"http:\/\/www.sudoestehoje.com.br\/novoportal\/wp-content\/uploads\/2016\/09\/d-2.jpg\" rel=\"attachment wp-att-60271\"><img loading=\"lazy\" decoding=\"async\" class=\"aligncenter size-medium wp-image-60271\" src=\"http:\/\/www.sudoestehoje.com.br\/novoportal\/wp-content\/uploads\/2016\/09\/d-2-500x300.jpg\" alt=\"d 2\" width=\"500\" height=\"300\" srcset=\"https:\/\/www.sudoestehoje.com.br\/novoportal\/wp-content\/uploads\/2016\/09\/d-2-500x300.jpg 500w, https:\/\/www.sudoestehoje.com.br\/novoportal\/wp-content\/uploads\/2016\/09\/d-2-768x461.jpg 768w, https:\/\/www.sudoestehoje.com.br\/novoportal\/wp-content\/uploads\/2016\/09\/d-2-700x420.jpg 700w, https:\/\/www.sudoestehoje.com.br\/novoportal\/wp-content\/uploads\/2016\/09\/d-2.jpg 960w\" sizes=\"auto, (max-width: 500px) 100vw, 500px\" \/><\/a><\/p>\n<p>O debate foi uma iniciativa da CDL e contou com a participa\u00e7\u00e3o dos candidatos Al\u00e9cio Chaves (PSD), Adriano Alc\u00e2ntara (PSDB), Hild\u00e9rico Nogueira (PDT) e Rodrigo Hagge (PMDB), que debateram o tema e responderam aos questionamentos, sob os olhares atentos dos convidados que ocuparam todo o audit\u00f3rio, e dos apoiadores dos candidatos que lotaram a Pra\u00e7a Dairy Valley para assistirem ao debate atrav\u00e9s de um tel\u00e3o.<\/p>\n<p><a href=\"http:\/\/www.sudoestehoje.com.br\/novoportal\/wp-content\/uploads\/2016\/09\/d-3.jpg\" rel=\"attachment wp-att-60272\"><img loading=\"lazy\" decoding=\"async\" class=\"aligncenter size-medium wp-image-60272\" src=\"http:\/\/www.sudoestehoje.com.br\/novoportal\/wp-content\/uploads\/2016\/09\/d-3-500x300.jpg\" alt=\"d 3\" width=\"500\" height=\"300\" srcset=\"https:\/\/www.sudoestehoje.com.br\/novoportal\/wp-content\/uploads\/2016\/09\/d-3-500x300.jpg 500w, https:\/\/www.sudoestehoje.com.br\/novoportal\/wp-content\/uploads\/2016\/09\/d-3-768x461.jpg 768w, https:\/\/www.sudoestehoje.com.br\/novoportal\/wp-content\/uploads\/2016\/09\/d-3-700x420.jpg 700w, https:\/\/www.sudoestehoje.com.br\/novoportal\/wp-content\/uploads\/2016\/09\/d-3.jpg 960w\" sizes=\"auto, (max-width: 500px) 100vw, 500px\" \/><\/a><\/p>\n<p>A organiza\u00e7\u00e3o do evento foi primorosa, tanto na metodologia adotada no debate, quanto na estrutura instalada no audit\u00f3rio onde o debate se realizou.<\/p>\n<p><a href=\"http:\/\/www.sudoestehoje.com.br\/novoportal\/wp-content\/uploads\/2016\/09\/d-4.jpg\" rel=\"attachment wp-att-60273\"><img loading=\"lazy\" decoding=\"async\" class=\"aligncenter size-medium wp-image-60273\" src=\"http:\/\/www.sudoestehoje.com.br\/novoportal\/wp-content\/uploads\/2016\/09\/d-4-500x300.jpg\" alt=\"d 4\" width=\"500\" height=\"300\" srcset=\"https:\/\/www.sudoestehoje.com.br\/novoportal\/wp-content\/uploads\/2016\/09\/d-4-500x300.jpg 500w, https:\/\/www.sudoestehoje.com.br\/novoportal\/wp-content\/uploads\/2016\/09\/d-4-768x461.jpg 768w, https:\/\/www.sudoestehoje.com.br\/novoportal\/wp-content\/uploads\/2016\/09\/d-4-700x420.jpg 700w, https:\/\/www.sudoestehoje.com.br\/novoportal\/wp-content\/uploads\/2016\/09\/d-4.jpg 960w\" sizes=\"auto, (max-width: 500px) 100vw, 500px\" \/><\/a><\/p>\n<p>O debate foi dividido em 4 blocos, sendo que nos dois primeiros os candidatos responderam perguntas previamente elaboras pelos organizadores. No terceiro bloco, os candidatos debateram entre si, respondendo questionamentos uns dos outros. No \u00faltimo bloco, cada candidato fez as suas considera\u00e7\u00f5es finais.<\/p>\n<p><a href=\"http:\/\/www.sudoestehoje.com.br\/novoportal\/wp-content\/uploads\/2016\/09\/d-5.jpg\" rel=\"attachment wp-att-60274\"><img loading=\"lazy\" decoding=\"async\" class=\"aligncenter size-medium wp-image-60274\" src=\"http:\/\/www.sudoestehoje.com.br\/novoportal\/wp-content\/uploads\/2016\/09\/d-5-500x300.jpg\" alt=\"d 5\" width=\"500\" height=\"300\" srcset=\"https:\/\/www.sudoestehoje.com.br\/novoportal\/wp-content\/uploads\/2016\/09\/d-5-500x300.jpg 500w, https:\/\/www.sudoestehoje.com.br\/novoportal\/wp-content\/uploads\/2016\/09\/d-5-768x461.jpg 768w, https:\/\/www.sudoestehoje.com.br\/novoportal\/wp-content\/uploads\/2016\/09\/d-5-700x420.jpg 700w, https:\/\/www.sudoestehoje.com.br\/novoportal\/wp-content\/uploads\/2016\/09\/d-5.jpg 960w\" sizes=\"auto, (max-width: 500px) 100vw, 500px\" \/><\/a><\/p>\n<p>O resultado foi considerado positivo pelas assessorias dos quatro candidatos, com destaque para o equil\u00edbrio e respeito entre os debatedores, que se ativerem ao tema, com muito respeito entre si e ao p\u00fablico.<\/p>\n<p><a href=\"http:\/\/www.sudoestehoje.com.br\/novoportal\/wp-content\/uploads\/2016\/09\/d-6.jpg\" rel=\"attachment wp-att-60275\"><img loading=\"lazy\" decoding=\"async\" class=\"aligncenter size-medium wp-image-60275\" src=\"http:\/\/www.sudoestehoje.com.br\/novoportal\/wp-content\/uploads\/2016\/09\/d-6-500x300.jpg\" alt=\"d 6\" width=\"500\" height=\"300\" srcset=\"https:\/\/www.sudoestehoje.com.br\/novoportal\/wp-content\/uploads\/2016\/09\/d-6-500x300.jpg 500w, https:\/\/www.sudoestehoje.com.br\/novoportal\/wp-content\/uploads\/2016\/09\/d-6-768x461.jpg 768w, https:\/\/www.sudoestehoje.com.br\/novoportal\/wp-content\/uploads\/2016\/09\/d-6-700x420.jpg 700w, https:\/\/www.sudoestehoje.com.br\/novoportal\/wp-content\/uploads\/2016\/09\/d-6.jpg 960w\" sizes=\"auto, (max-width: 500px) 100vw, 500px\" \/><\/a><\/p>\n<p>No final, o presidente da CDL, Oniel Brand\u00e3o, fez o encerramento, agradecendo aos candidatos, aos partidos e ao p\u00fablico que compareceu em massa ao evento.<\/p>\n<p><a href=\"http:\/\/www.sudoestehoje.com.br\/novoportal\/wp-content\/uploads\/2016\/09\/d-8.jpg\" rel=\"attachment wp-att-60278\"><img loading=\"lazy\" decoding=\"async\" class=\"aligncenter size-medium wp-image-60278\" src=\"http:\/\/www.sudoestehoje.com.br\/novoportal\/wp-content\/uploads\/2016\/09\/d-8-500x300.jpg\" alt=\"d 8\" width=\"500\" height=\"300\" srcset=\"https:\/\/www.sudoestehoje.com.br\/novoportal\/wp-content\/uploads\/2016\/09\/d-8-500x300.jpg 500w, https:\/\/www.sudoestehoje.com.br\/novoportal\/wp-content\/uploads\/2016\/09\/d-8-768x461.jpg 768w, https:\/\/www.sudoestehoje.com.br\/novoportal\/wp-content\/uploads\/2016\/09\/d-8-700x420.jpg 700w, https:\/\/www.sudoestehoje.com.br\/novoportal\/wp-content\/uploads\/2016\/09\/d-8.jpg 960w\" sizes=\"auto, (max-width: 500px) 100vw, 500px\" \/><\/a><\/p>\n<p><strong><em>Por Davi Ferraz\u00a0<\/em><\/strong><\/p>\n","protected":false},"excerpt":{"rendered":"<p>Na noite desta quarta-feira (31), foi realizado no sal\u00e3o nobre da Loja Ma\u00e7\u00f4nica de Itapetinga, um importante debate entre os candidatos a prefeito das quatro coliga\u00e7\u00f5es que disputam as elei\u00e7\u00f5es deste ano, para discutirem sobre o tema &#8216;Economia, gera\u00e7\u00e3o de emprego e renda, crescimento e desenvolvimento sustent\u00e1vel de Itapetinga&#8217;. O debate foi uma iniciativa da [&hellip;]<\/p>\n","protected":false},"author":2,"featured_media":0,"comment_status":"open","ping_status":"open","sticky":false,"template":"","format":"standard","meta":{"footnotes":"","_links_to":"","_links_to_target":""},"categories":[1],"tags":[],"class_list":["post-60269","post","type-post","status-publish","format-standard","hentry","category-geral"],"views":1844,"_links":{"self":[{"href":"https:\/\/www.sudoestehoje.com.br\/novoportal\/wp-json\/wp\/v2\/posts\/60269","targetHints":{"allow":["GET"]}}],"collection":[{"href":"https:\/\/www.sudoestehoje.com.br\/novoportal\/wp-json\/wp\/v2\/posts"}],"about":[{"href":"https:\/\/www.sudoestehoje.com.br\/novoportal\/wp-json\/wp\/v2\/types\/post"}],"author":[{"embeddable":true,"href":"https:\/\/www.sudoestehoje.com.br\/novoportal\/wp-json\/wp\/v2\/users\/2"}],"replies":[{"embeddable":true,"href":"https:\/\/www.sudoestehoje.com.br\/novoportal\/wp-json\/wp\/v2\/comments?post=60269"}],"version-history":[{"count":3,"href":"https:\/\/www.sudoestehoje.com.br\/novoportal\/wp-json\/wp\/v2\/posts\/60269\/revisions"}],"predecessor-version":[{"id":60280,"href":"https:\/\/www.sudoestehoje.com.br\/novoportal\/wp-json\/wp\/v2\/posts\/60269\/revisions\/60280"}],"wp:attachment":[{"href":"https:\/\/www.sudoestehoje.com.br\/novoportal\/wp-json\/wp\/v2\/media?parent=60269"}],"wp:term":[{"taxonomy":"category","embeddable":true,"href":"https:\/\/www.sudoestehoje.com.br\/novoportal\/wp-json\/wp\/v2\/categories?post=60269"},{"taxonomy":"post_tag","embeddable":true,"href":"https:\/\/www.sudoestehoje.com.br\/novoportal\/wp-json\/wp\/v2\/tags?post=60269"}],"curies":[{"name":"wp","href":"https:\/\/api.w.org\/{rel}","templated":true}]}}