
{"id":60158,"date":"2016-08-29T00:18:00","date_gmt":"2016-08-29T03:18:00","guid":{"rendered":"http:\/\/www.sudoestehoje.com.br\/novoportal\/?p=60158"},"modified":"2016-08-29T00:35:00","modified_gmt":"2016-08-29T03:35:00","slug":"macarani-arrancada-de-armando-e-zeneldo-comecou-com-grande-comicio-no-benito-gama","status":"publish","type":"post","link":"https:\/\/www.sudoestehoje.com.br\/novoportal\/2016\/08\/29\/macarani-arrancada-de-armando-e-zeneldo-comecou-com-grande-comicio-no-benito-gama\/","title":{"rendered":"MACARANI: ARRANCADA DE ARMANDO COME\u00c7OU COM GRANDE COM\u00cdCIO NO BENITO GAMA"},"content":{"rendered":"<p><a href=\"http:\/\/www.sudoestehoje.com.br\/novoportal\/wp-content\/uploads\/2016\/08\/mac-1.jpg\" rel=\"attachment wp-att-60159\"><img loading=\"lazy\" decoding=\"async\" class=\"aligncenter size-medium wp-image-60159\" src=\"http:\/\/www.sudoestehoje.com.br\/novoportal\/wp-content\/uploads\/2016\/08\/mac-1-500x281.jpg\" alt=\"mac 1\" width=\"500\" height=\"281\" srcset=\"https:\/\/www.sudoestehoje.com.br\/novoportal\/wp-content\/uploads\/2016\/08\/mac-1-500x281.jpg 500w, https:\/\/www.sudoestehoje.com.br\/novoportal\/wp-content\/uploads\/2016\/08\/mac-1-768x432.jpg 768w, https:\/\/www.sudoestehoje.com.br\/novoportal\/wp-content\/uploads\/2016\/08\/mac-1-700x394.jpg 700w, https:\/\/www.sudoestehoje.com.br\/novoportal\/wp-content\/uploads\/2016\/08\/mac-1.jpg 960w\" sizes=\"auto, (max-width: 500px) 100vw, 500px\" \/><\/a><\/p>\n<p>Na noite desta sexta-feira (26), os candidatos Armando Porto e Zeneudo abriram a campanha eleitoral para prefeito e vice de Macarani, com a realiza\u00e7\u00e3o de um grande com\u00edcio no bairro Benito Gama, evento que contou com a presen\u00e7a maci\u00e7a da popula\u00e7\u00e3o, que foi ouvir as propostas daquele que \u00e9 considerado o melhor prefeito da hist\u00f3ria do munic\u00edpio.<\/p>\n<p><a href=\"http:\/\/www.sudoestehoje.com.br\/novoportal\/wp-content\/uploads\/2016\/08\/mac-2.jpg\" rel=\"attachment wp-att-60160\"><img loading=\"lazy\" decoding=\"async\" class=\"aligncenter size-medium wp-image-60160\" src=\"http:\/\/www.sudoestehoje.com.br\/novoportal\/wp-content\/uploads\/2016\/08\/mac-2-500x281.jpg\" alt=\"mac 2\" width=\"500\" height=\"281\" srcset=\"https:\/\/www.sudoestehoje.com.br\/novoportal\/wp-content\/uploads\/2016\/08\/mac-2-500x281.jpg 500w, https:\/\/www.sudoestehoje.com.br\/novoportal\/wp-content\/uploads\/2016\/08\/mac-2-768x432.jpg 768w, https:\/\/www.sudoestehoje.com.br\/novoportal\/wp-content\/uploads\/2016\/08\/mac-2-700x394.jpg 700w, https:\/\/www.sudoestehoje.com.br\/novoportal\/wp-content\/uploads\/2016\/08\/mac-2.jpg 960w\" sizes=\"auto, (max-width: 500px) 100vw, 500px\" \/><\/a><\/p>\n<p>Em seu discurso, o prefeito e candidato \u00e0 reelei\u00e7\u00e3o Armando Porto ressaltou que tem dedicado todos os seus esfor\u00e7os na tentativa de recuperar o munic\u00edpio do caos administrativo deixado pelo seu antecessor, e que busca a reelei\u00e7\u00e3o para dar ao munic\u00edpio de Macarani o mesmo ritmo de desenvolvimento que implantou durante o seu primeiro mandato como prefeito.<\/p>\n<p><a href=\"http:\/\/www.sudoestehoje.com.br\/novoportal\/wp-content\/uploads\/2016\/08\/com-arm.jpg\" rel=\"attachment wp-att-60163\"><img loading=\"lazy\" decoding=\"async\" class=\"aligncenter size-medium wp-image-60163\" src=\"http:\/\/www.sudoestehoje.com.br\/novoportal\/wp-content\/uploads\/2016\/08\/com-arm-500x500.jpg\" alt=\"com arm\" width=\"500\" height=\"500\" srcset=\"https:\/\/www.sudoestehoje.com.br\/novoportal\/wp-content\/uploads\/2016\/08\/com-arm-500x500.jpg 500w, https:\/\/www.sudoestehoje.com.br\/novoportal\/wp-content\/uploads\/2016\/08\/com-arm-150x150.jpg 150w, https:\/\/www.sudoestehoje.com.br\/novoportal\/wp-content\/uploads\/2016\/08\/com-arm-768x768.jpg 768w, https:\/\/www.sudoestehoje.com.br\/novoportal\/wp-content\/uploads\/2016\/08\/com-arm-700x700.jpg 700w, https:\/\/www.sudoestehoje.com.br\/novoportal\/wp-content\/uploads\/2016\/08\/com-arm.jpg 960w\" sizes=\"auto, (max-width: 500px) 100vw, 500px\" \/><\/a><\/p>\n<p>Segundo Armando, os que hoje se dizem oposi\u00e7\u00e3o j\u00e1 tiveram oportunidade de assumir a prefeitura, deixando-a totalmente endividada e sem credibilidade junto \u00e0 popula\u00e7\u00e3o, parceiros e fornecedores, e que agora que a sua gest\u00e3o est\u00e1 colocando tudo em ordem, querem retornar ao comando do mesmo executivo que n\u00e3o deram conta no passado.<\/p>\n<p><a href=\"http:\/\/www.sudoestehoje.com.br\/novoportal\/wp-content\/uploads\/2016\/08\/mac-4.jpg\" rel=\"attachment wp-att-60162\"><img loading=\"lazy\" decoding=\"async\" class=\"aligncenter size-medium wp-image-60162\" src=\"http:\/\/www.sudoestehoje.com.br\/novoportal\/wp-content\/uploads\/2016\/08\/mac-4-500x281.jpg\" alt=\"mac 4\" width=\"500\" height=\"281\" srcset=\"https:\/\/www.sudoestehoje.com.br\/novoportal\/wp-content\/uploads\/2016\/08\/mac-4-500x281.jpg 500w, https:\/\/www.sudoestehoje.com.br\/novoportal\/wp-content\/uploads\/2016\/08\/mac-4-768x432.jpg 768w, https:\/\/www.sudoestehoje.com.br\/novoportal\/wp-content\/uploads\/2016\/08\/mac-4-700x394.jpg 700w, https:\/\/www.sudoestehoje.com.br\/novoportal\/wp-content\/uploads\/2016\/08\/mac-4.jpg 960w\" sizes=\"auto, (max-width: 500px) 100vw, 500px\" \/><\/a><\/p>\n<p><span class=\"text_exposed_show\">Armando e Zeneudo foram aplaudidos e aclamados pela popula\u00e7\u00e3o, o que deixou os seus advers\u00e1rios extremamente preocupados com a arrancada e crescimento da campanha situacionista, interrompendo a onda de exagerado otimismo da oposi\u00e7\u00e3o, que perde terreno a cada dia. <strong><em>Ascom PSD<\/em><\/strong><\/span><\/p>\n","protected":false},"excerpt":{"rendered":"<p>Na noite desta sexta-feira (26), os candidatos Armando Porto e Zeneudo abriram a campanha eleitoral para prefeito e vice de Macarani, com a realiza\u00e7\u00e3o de um grande com\u00edcio no bairro Benito Gama, evento que contou com a presen\u00e7a maci\u00e7a da popula\u00e7\u00e3o, que foi ouvir as propostas daquele que \u00e9 considerado o melhor prefeito da hist\u00f3ria [&hellip;]<\/p>\n","protected":false},"author":2,"featured_media":0,"comment_status":"open","ping_status":"open","sticky":false,"template":"","format":"standard","meta":{"footnotes":"","_links_to":"","_links_to_target":""},"categories":[1],"tags":[],"class_list":["post-60158","post","type-post","status-publish","format-standard","hentry","category-geral"],"views":2524,"_links":{"self":[{"href":"https:\/\/www.sudoestehoje.com.br\/novoportal\/wp-json\/wp\/v2\/posts\/60158","targetHints":{"allow":["GET"]}}],"collection":[{"href":"https:\/\/www.sudoestehoje.com.br\/novoportal\/wp-json\/wp\/v2\/posts"}],"about":[{"href":"https:\/\/www.sudoestehoje.com.br\/novoportal\/wp-json\/wp\/v2\/types\/post"}],"author":[{"embeddable":true,"href":"https:\/\/www.sudoestehoje.com.br\/novoportal\/wp-json\/wp\/v2\/users\/2"}],"replies":[{"embeddable":true,"href":"https:\/\/www.sudoestehoje.com.br\/novoportal\/wp-json\/wp\/v2\/comments?post=60158"}],"version-history":[{"count":4,"href":"https:\/\/www.sudoestehoje.com.br\/novoportal\/wp-json\/wp\/v2\/posts\/60158\/revisions"}],"predecessor-version":[{"id":60167,"href":"https:\/\/www.sudoestehoje.com.br\/novoportal\/wp-json\/wp\/v2\/posts\/60158\/revisions\/60167"}],"wp:attachment":[{"href":"https:\/\/www.sudoestehoje.com.br\/novoportal\/wp-json\/wp\/v2\/media?parent=60158"}],"wp:term":[{"taxonomy":"category","embeddable":true,"href":"https:\/\/www.sudoestehoje.com.br\/novoportal\/wp-json\/wp\/v2\/categories?post=60158"},{"taxonomy":"post_tag","embeddable":true,"href":"https:\/\/www.sudoestehoje.com.br\/novoportal\/wp-json\/wp\/v2\/tags?post=60158"}],"curies":[{"name":"wp","href":"https:\/\/api.w.org\/{rel}","templated":true}]}}