
{"id":60062,"date":"2016-08-27T18:31:16","date_gmt":"2016-08-27T21:31:16","guid":{"rendered":"http:\/\/www.sudoestehoje.com.br\/novoportal\/?p=60062"},"modified":"2016-08-27T18:31:16","modified_gmt":"2016-08-27T21:31:16","slug":"eleicoes-resumo-da-semana-do-candidato-a-prefeito-adriano-alcantara","status":"publish","type":"post","link":"https:\/\/www.sudoestehoje.com.br\/novoportal\/2016\/08\/27\/eleicoes-resumo-da-semana-do-candidato-a-prefeito-adriano-alcantara\/","title":{"rendered":"ELEI\u00c7\u00d5ES: RESUMO DA SEMANA DO CANDIDATO A PREFEITO ADRIANO ALC\u00c2NTARA"},"content":{"rendered":"<p><a href=\"http:\/\/www.sudoestehoje.com.br\/novoportal\/wp-content\/uploads\/2016\/08\/cox-8-1.jpg\" rel=\"attachment wp-att-60066\"><img loading=\"lazy\" decoding=\"async\" class=\"aligncenter size-medium wp-image-60066\" src=\"http:\/\/www.sudoestehoje.com.br\/novoportal\/wp-content\/uploads\/2016\/08\/cox-8-1-500x294.jpg\" alt=\"cox 8\" width=\"500\" height=\"294\" srcset=\"https:\/\/www.sudoestehoje.com.br\/novoportal\/wp-content\/uploads\/2016\/08\/cox-8-1-500x294.jpg 500w, https:\/\/www.sudoestehoje.com.br\/novoportal\/wp-content\/uploads\/2016\/08\/cox-8-1-768x451.jpg 768w, https:\/\/www.sudoestehoje.com.br\/novoportal\/wp-content\/uploads\/2016\/08\/cox-8-1-700x411.jpg 700w, https:\/\/www.sudoestehoje.com.br\/novoportal\/wp-content\/uploads\/2016\/08\/cox-8-1.jpg 960w\" sizes=\"auto, (max-width: 500px) 100vw, 500px\" \/><\/a><\/p>\n<p>Em uma semana extremamente positiva, o candidato a prefeito Adriano Alc\u00e2ntara PSDB e o candidato a vice-prefeito Henrique Brugni comemoram o crescimento da campanha.\u00a0Durante a segunda-feira os candidatos que comp\u00f5em a chapa \u201cUnidos por Itapetinga\u201d se reuniram com sua equipe e lideran\u00e7as dos bairros pela manh\u00e3 e a tarde gravaram v\u00eddeos e programas eleitorais, a noite participaram de reuni\u00e3o no bairro Clodoaldo Costa.<\/p>\n<p><a href=\"http:\/\/www.sudoestehoje.com.br\/novoportal\/wp-content\/uploads\/2016\/08\/cox-7.jpg\" rel=\"attachment wp-att-60067\"><img loading=\"lazy\" decoding=\"async\" class=\"aligncenter size-medium wp-image-60067\" src=\"http:\/\/www.sudoestehoje.com.br\/novoportal\/wp-content\/uploads\/2016\/08\/cox-7-500x333.jpg\" alt=\"cox 7\" width=\"500\" height=\"333\" srcset=\"https:\/\/www.sudoestehoje.com.br\/novoportal\/wp-content\/uploads\/2016\/08\/cox-7-500x333.jpg 500w, https:\/\/www.sudoestehoje.com.br\/novoportal\/wp-content\/uploads\/2016\/08\/cox-7-768x511.jpg 768w, https:\/\/www.sudoestehoje.com.br\/novoportal\/wp-content\/uploads\/2016\/08\/cox-7-700x466.jpg 700w, https:\/\/www.sudoestehoje.com.br\/novoportal\/wp-content\/uploads\/2016\/08\/cox-7.jpg 960w\" sizes=\"auto, (max-width: 500px) 100vw, 500px\" \/><\/a><\/p>\n<p>Na ter\u00e7a, quarta e quinta-feira visitaram o bairro da Nova Itapetinga,ouvindo o povo convidando os moradores para a inaugura\u00e7\u00e3o do comit\u00ea da avenida Gerson de Oliveira. Evento que ganhou imensas propor\u00e7\u00f5es devido a multid\u00e3o que compareceu espontaneamente e manifestou o seu apoio total e irrestrito aos candidatos.<\/p>\n<p><a href=\"http:\/\/www.sudoestehoje.com.br\/novoportal\/wp-content\/uploads\/2016\/08\/cox-3.jpg\" rel=\"attachment wp-att-60070\"><img loading=\"lazy\" decoding=\"async\" class=\"aligncenter size-medium wp-image-60070\" src=\"http:\/\/www.sudoestehoje.com.br\/novoportal\/wp-content\/uploads\/2016\/08\/cox-3-500x333.jpg\" alt=\"cox 3\" width=\"500\" height=\"333\" srcset=\"https:\/\/www.sudoestehoje.com.br\/novoportal\/wp-content\/uploads\/2016\/08\/cox-3-500x333.jpg 500w, https:\/\/www.sudoestehoje.com.br\/novoportal\/wp-content\/uploads\/2016\/08\/cox-3-768x511.jpg 768w, https:\/\/www.sudoestehoje.com.br\/novoportal\/wp-content\/uploads\/2016\/08\/cox-3-700x466.jpg 700w, https:\/\/www.sudoestehoje.com.br\/novoportal\/wp-content\/uploads\/2016\/08\/cox-3.jpg 960w\" sizes=\"auto, (max-width: 500px) 100vw, 500px\" \/><\/a><\/p>\n<p>Participaram nestes dias tamb\u00e9m de reuni\u00f5es com os funcion\u00e1rios da Zorzo, no bairro Am\u00e9rico Nogueira, no bairro Hilda Gama e com a Cooperativa dos catadores de materiais recicl\u00e1veis Itair\u00f3. E em todas perceberam a grande onda de ades\u00f5es \u00e0 campanha.<\/p>\n<p><a href=\"http:\/\/www.sudoestehoje.com.br\/novoportal\/wp-content\/uploads\/2016\/08\/cox-5.jpg\" rel=\"attachment wp-att-60071\"><img loading=\"lazy\" decoding=\"async\" class=\"aligncenter size-medium wp-image-60071\" src=\"http:\/\/www.sudoestehoje.com.br\/novoportal\/wp-content\/uploads\/2016\/08\/cox-5-500x333.jpg\" alt=\"cox 5\" width=\"500\" height=\"333\" srcset=\"https:\/\/www.sudoestehoje.com.br\/novoportal\/wp-content\/uploads\/2016\/08\/cox-5-500x333.jpg 500w, https:\/\/www.sudoestehoje.com.br\/novoportal\/wp-content\/uploads\/2016\/08\/cox-5-768x512.jpg 768w, https:\/\/www.sudoestehoje.com.br\/novoportal\/wp-content\/uploads\/2016\/08\/cox-5-700x467.jpg 700w, https:\/\/www.sudoestehoje.com.br\/novoportal\/wp-content\/uploads\/2016\/08\/cox-5.jpg 960w\" sizes=\"auto, (max-width: 500px) 100vw, 500px\" \/><\/a><\/p>\n<p>Sexta-feira, ainda mais motivados pelo evento da noite anterior, come\u00e7aram o dia no bairro S\u00e3o Francisco, colocando em pr\u00e1tica o modelo pr\u00f3prio de campanha que vem sendo a marca de Adriano e Henrique.<\/p>\n<p><a href=\"http:\/\/www.sudoestehoje.com.br\/novoportal\/wp-content\/uploads\/2016\/08\/cox-6.jpg\" rel=\"attachment wp-att-60072\"><img loading=\"lazy\" decoding=\"async\" class=\"aligncenter size-medium wp-image-60072\" src=\"http:\/\/www.sudoestehoje.com.br\/novoportal\/wp-content\/uploads\/2016\/08\/cox-6-500x375.jpg\" alt=\"cox 6\" width=\"500\" height=\"375\" srcset=\"https:\/\/www.sudoestehoje.com.br\/novoportal\/wp-content\/uploads\/2016\/08\/cox-6-500x375.jpg 500w, https:\/\/www.sudoestehoje.com.br\/novoportal\/wp-content\/uploads\/2016\/08\/cox-6-768x576.jpg 768w, https:\/\/www.sudoestehoje.com.br\/novoportal\/wp-content\/uploads\/2016\/08\/cox-6-700x525.jpg 700w, https:\/\/www.sudoestehoje.com.br\/novoportal\/wp-content\/uploads\/2016\/08\/cox-6.jpg 960w\" sizes=\"auto, (max-width: 500px) 100vw, 500px\" \/><\/a><\/p>\n<p>A tarde, reuniram-se com os feirantes da Central de abastecimento que insatisfeitos com as p\u00e9ssimas condi\u00e7\u00f5es de trabalho buscam mudan\u00e7a e apoiam a chapa. Encerrando o dia encontraram-se com os moradores de Tr\u00eas Lagoas. E seguem ganhando cada vez mais for\u00e7a e expressividade na disputa pela prefeitura de Itapetinga. <strong><em>Ascom PSDB<\/em><\/strong><\/p>\n<p><a href=\"http:\/\/www.sudoestehoje.com.br\/novoportal\/wp-content\/uploads\/2016\/08\/cox.jpg\" rel=\"attachment wp-att-60074\"><img loading=\"lazy\" decoding=\"async\" class=\"aligncenter size-medium wp-image-60074\" src=\"http:\/\/www.sudoestehoje.com.br\/novoportal\/wp-content\/uploads\/2016\/08\/cox-500x318.jpg\" alt=\"cox\" width=\"500\" height=\"318\" srcset=\"https:\/\/www.sudoestehoje.com.br\/novoportal\/wp-content\/uploads\/2016\/08\/cox-500x318.jpg 500w, https:\/\/www.sudoestehoje.com.br\/novoportal\/wp-content\/uploads\/2016\/08\/cox-768x489.jpg 768w, https:\/\/www.sudoestehoje.com.br\/novoportal\/wp-content\/uploads\/2016\/08\/cox-700x446.jpg 700w, https:\/\/www.sudoestehoje.com.br\/novoportal\/wp-content\/uploads\/2016\/08\/cox.jpg 960w\" sizes=\"auto, (max-width: 500px) 100vw, 500px\" \/><\/a><\/p>\n<p><a href=\"http:\/\/www.sudoestehoje.com.br\/novoportal\/wp-content\/uploads\/2016\/08\/coxinhas.jpg\" rel=\"attachment wp-att-60075\"><img loading=\"lazy\" decoding=\"async\" class=\"aligncenter size-medium wp-image-60075\" src=\"http:\/\/www.sudoestehoje.com.br\/novoportal\/wp-content\/uploads\/2016\/08\/coxinhas-500x333.jpg\" alt=\"coxinhas\" width=\"500\" height=\"333\" srcset=\"https:\/\/www.sudoestehoje.com.br\/novoportal\/wp-content\/uploads\/2016\/08\/coxinhas-500x333.jpg 500w, https:\/\/www.sudoestehoje.com.br\/novoportal\/wp-content\/uploads\/2016\/08\/coxinhas.jpg 641w\" sizes=\"auto, (max-width: 500px) 100vw, 500px\" \/><\/a><\/p>\n","protected":false},"excerpt":{"rendered":"<p>Em uma semana extremamente positiva, o candidato a prefeito Adriano Alc\u00e2ntara PSDB e o candidato a vice-prefeito Henrique Brugni comemoram o crescimento da campanha.\u00a0Durante a segunda-feira os candidatos que comp\u00f5em a chapa \u201cUnidos por Itapetinga\u201d se reuniram com sua equipe e lideran\u00e7as dos bairros pela manh\u00e3 e a tarde gravaram v\u00eddeos e programas eleitorais, a [&hellip;]<\/p>\n","protected":false},"author":2,"featured_media":0,"comment_status":"open","ping_status":"open","sticky":false,"template":"","format":"standard","meta":{"footnotes":"","_links_to":"","_links_to_target":""},"categories":[1],"tags":[],"class_list":["post-60062","post","type-post","status-publish","format-standard","hentry","category-geral"],"views":1721,"_links":{"self":[{"href":"https:\/\/www.sudoestehoje.com.br\/novoportal\/wp-json\/wp\/v2\/posts\/60062","targetHints":{"allow":["GET"]}}],"collection":[{"href":"https:\/\/www.sudoestehoje.com.br\/novoportal\/wp-json\/wp\/v2\/posts"}],"about":[{"href":"https:\/\/www.sudoestehoje.com.br\/novoportal\/wp-json\/wp\/v2\/types\/post"}],"author":[{"embeddable":true,"href":"https:\/\/www.sudoestehoje.com.br\/novoportal\/wp-json\/wp\/v2\/users\/2"}],"replies":[{"embeddable":true,"href":"https:\/\/www.sudoestehoje.com.br\/novoportal\/wp-json\/wp\/v2\/comments?post=60062"}],"version-history":[{"count":1,"href":"https:\/\/www.sudoestehoje.com.br\/novoportal\/wp-json\/wp\/v2\/posts\/60062\/revisions"}],"predecessor-version":[{"id":60076,"href":"https:\/\/www.sudoestehoje.com.br\/novoportal\/wp-json\/wp\/v2\/posts\/60062\/revisions\/60076"}],"wp:attachment":[{"href":"https:\/\/www.sudoestehoje.com.br\/novoportal\/wp-json\/wp\/v2\/media?parent=60062"}],"wp:term":[{"taxonomy":"category","embeddable":true,"href":"https:\/\/www.sudoestehoje.com.br\/novoportal\/wp-json\/wp\/v2\/categories?post=60062"},{"taxonomy":"post_tag","embeddable":true,"href":"https:\/\/www.sudoestehoje.com.br\/novoportal\/wp-json\/wp\/v2\/tags?post=60062"}],"curies":[{"name":"wp","href":"https:\/\/api.w.org\/{rel}","templated":true}]}}