
{"id":59981,"date":"2016-08-26T18:08:19","date_gmt":"2016-08-26T21:08:19","guid":{"rendered":"http:\/\/www.sudoestehoje.com.br\/novoportal\/?p=59981"},"modified":"2016-08-26T18:19:56","modified_gmt":"2016-08-26T21:19:56","slug":"itororo-marco-brito-e-marcelo-realizam-hoje-primeiro-comicio-de-campanha","status":"publish","type":"post","link":"https:\/\/www.sudoestehoje.com.br\/novoportal\/2016\/08\/26\/itororo-marco-brito-e-marcelo-realizam-hoje-primeiro-comicio-de-campanha\/","title":{"rendered":"ITOROR\u00d3: MARCO BRITO E MARCELO REALIZAM HOJE PRIMEIRO COM\u00cdCIO DE CAMPANHA"},"content":{"rendered":"<p><a href=\"http:\/\/www.sudoestehoje.com.br\/novoportal\/wp-content\/uploads\/2016\/08\/marco-2-1.jpg\" rel=\"attachment wp-att-59982\"><img loading=\"lazy\" decoding=\"async\" class=\"aligncenter size-medium wp-image-59982\" src=\"http:\/\/www.sudoestehoje.com.br\/novoportal\/wp-content\/uploads\/2016\/08\/marco-2-1-500x333.jpg\" alt=\"marco-2\" width=\"500\" height=\"333\" srcset=\"https:\/\/www.sudoestehoje.com.br\/novoportal\/wp-content\/uploads\/2016\/08\/marco-2-1-500x333.jpg 500w, https:\/\/www.sudoestehoje.com.br\/novoportal\/wp-content\/uploads\/2016\/08\/marco-2-1.jpg 612w\" sizes=\"auto, (max-width: 500px) 100vw, 500px\" \/><\/a><\/p>\n<p>A campanha eleitoral em Itoror\u00f3 come\u00e7a pra valer a partir desta sexta-feira (26), com o primeiro grande com\u00edcio de Marco Brito (PMDB) e Marcelo Andrade, candidatos a prefeito e vice na &#8216;terra da carne do sol&#8217;.<\/p>\n<p>Marco, que j\u00e1 exerce o seu terceiro mandato de prefeito, \u00e9 a maior for\u00e7a pol\u00edtica do munic\u00edpio e promete partir com toda for\u00e7a para o seu quarto mandato, respaldado pela grande administra\u00e7\u00e3o que vem realizando neste mandato.<\/p>\n<p><a href=\"http:\/\/www.sudoestehoje.com.br\/novoportal\/wp-content\/uploads\/2016\/08\/le\u00e3o.jpg\" rel=\"attachment wp-att-59985\"><img loading=\"lazy\" decoding=\"async\" class=\"aligncenter size-medium wp-image-59985\" src=\"http:\/\/www.sudoestehoje.com.br\/novoportal\/wp-content\/uploads\/2016\/08\/le\u00e3o-500x284.jpg\" alt=\"le\u00e3o\" width=\"500\" height=\"284\" srcset=\"https:\/\/www.sudoestehoje.com.br\/novoportal\/wp-content\/uploads\/2016\/08\/le\u00e3o-500x284.jpg 500w, https:\/\/www.sudoestehoje.com.br\/novoportal\/wp-content\/uploads\/2016\/08\/le\u00e3o-700x398.jpg 700w, https:\/\/www.sudoestehoje.com.br\/novoportal\/wp-content\/uploads\/2016\/08\/le\u00e3o.jpg 733w\" sizes=\"auto, (max-width: 500px) 100vw, 500px\" \/><\/a><\/p>\n<p>O ponto forte do peemedebista \u00e9 a sua luta pela gera\u00e7\u00e3o de empregos no munic\u00edpio e o compromisso de manter sempre em dia a folha de pagamento dos servidores, o que jamais foi cumprido pelos seus antecessores.<\/p>\n<p>A partir de hoje, o &#8216;Le\u00e3o&#8217; promete rugir forte, afastando de vez a possibilidade dos seus advers\u00e1rios virem a conquistar o poder.<\/p>\n<p>O com\u00edcio ser\u00e1 nesta sexta-feira, a partir das 19hs na Rua 1\u00ba de Maio.<\/p>\n<p><strong><em>Por Davi Ferraz\u00a0<\/em><\/strong><\/p>\n","protected":false},"excerpt":{"rendered":"<p>A campanha eleitoral em Itoror\u00f3 come\u00e7a pra valer a partir desta sexta-feira (26), com o primeiro grande com\u00edcio de Marco Brito (PMDB) e Marcelo Andrade, candidatos a prefeito e vice na &#8216;terra da carne do sol&#8217;. Marco, que j\u00e1 exerce o seu terceiro mandato de prefeito, \u00e9 a maior for\u00e7a pol\u00edtica do munic\u00edpio e promete [&hellip;]<\/p>\n","protected":false},"author":2,"featured_media":0,"comment_status":"open","ping_status":"open","sticky":false,"template":"","format":"standard","meta":{"footnotes":"","_links_to":"","_links_to_target":""},"categories":[1],"tags":[],"class_list":["post-59981","post","type-post","status-publish","format-standard","hentry","category-geral"],"views":1494,"_links":{"self":[{"href":"https:\/\/www.sudoestehoje.com.br\/novoportal\/wp-json\/wp\/v2\/posts\/59981","targetHints":{"allow":["GET"]}}],"collection":[{"href":"https:\/\/www.sudoestehoje.com.br\/novoportal\/wp-json\/wp\/v2\/posts"}],"about":[{"href":"https:\/\/www.sudoestehoje.com.br\/novoportal\/wp-json\/wp\/v2\/types\/post"}],"author":[{"embeddable":true,"href":"https:\/\/www.sudoestehoje.com.br\/novoportal\/wp-json\/wp\/v2\/users\/2"}],"replies":[{"embeddable":true,"href":"https:\/\/www.sudoestehoje.com.br\/novoportal\/wp-json\/wp\/v2\/comments?post=59981"}],"version-history":[{"count":3,"href":"https:\/\/www.sudoestehoje.com.br\/novoportal\/wp-json\/wp\/v2\/posts\/59981\/revisions"}],"predecessor-version":[{"id":59986,"href":"https:\/\/www.sudoestehoje.com.br\/novoportal\/wp-json\/wp\/v2\/posts\/59981\/revisions\/59986"}],"wp:attachment":[{"href":"https:\/\/www.sudoestehoje.com.br\/novoportal\/wp-json\/wp\/v2\/media?parent=59981"}],"wp:term":[{"taxonomy":"category","embeddable":true,"href":"https:\/\/www.sudoestehoje.com.br\/novoportal\/wp-json\/wp\/v2\/categories?post=59981"},{"taxonomy":"post_tag","embeddable":true,"href":"https:\/\/www.sudoestehoje.com.br\/novoportal\/wp-json\/wp\/v2\/tags?post=59981"}],"curies":[{"name":"wp","href":"https:\/\/api.w.org\/{rel}","templated":true}]}}