
{"id":5994,"date":"2011-06-21T19:35:33","date_gmt":"2011-06-21T22:35:33","guid":{"rendered":"http:\/\/www.sudoestehoje.com.br\/novoportal\/?p=5994"},"modified":"2011-06-21T19:35:33","modified_gmt":"2011-06-21T22:35:33","slug":"visitantes","status":"publish","type":"post","link":"https:\/\/www.sudoestehoje.com.br\/novoportal\/2011\/06\/21\/visitantes\/","title":{"rendered":"VISITANTES"},"content":{"rendered":"<p><a id=\"apf1\" href=\"http:\/\/www.google.com.br\/imgres?imgurl=http:\/\/www.sudoestehoje.com.br\/novoportal\/wp-content\/uploads\/2010\/11\/100_41591.jpg&amp;imgrefurl=http:\/\/www.sudoestehoje.com.br\/novoportal\/2010\/11\/27\/&amp;usg=__ro7nGKD_J4Mdw0Dwbu2hwnyJSRk=&amp;h=2748&amp;w=3664&amp;sz=1364&amp;hl=pt-BR&amp;start=2&amp;zoom=1&amp;um=1&amp;itbs=1&amp;tbnid=JJAklhNijKSewM:&amp;tbnh=113&amp;tbnw=150&amp;prev=\/search%3Fq%3DJOS%25C3%2589%2BELIAS%2BRIBEIRO%26um%3D1%26hl%3Dpt-BR%26sa%3DN%26rlz%3D1T4SKPB_pt-BRBR354BR359%26tbm%3Disch&amp;ei=TRsBTrbaJMrTgQfF_6jLDQ\"><img loading=\"lazy\" decoding=\"async\" id=\"ipfJJAklhNijKSewM:\" class=\"alignleft\" src=\"http:\/\/t0.gstatic.com\/images?q=tbn:ANd9GcR5XcGyfNaYEqbXWKoIALEaAkZ1Sr2-ENNN6fDDtiyrKd__iAtcW0LEhrX1\" alt=\"\" width=\"150\" height=\"113\" \/><\/a>Itapetinga acolher\u00e1 milhares de visitantes para os festejos juninos. O S\u00e3o Jo\u00e3o de Itapetinga apresenta op\u00e7\u00f5es para todos os gostos. Festa no parque da lagoa, Vaca L\u00f4ca, Coroas, j\u00e1 s\u00e3o festas tradicionais e com p\u00fablico cativo. O que o turista verificar\u00e1 de novo na nossa cidade? Tenho dificuldade de lembrar algo que possa ser apresentado ao visitante como novidade.<\/p>\n<p>A obra de duplica\u00e7\u00e3o da avenida Julio Jos\u00e9 Rodrigues continua inacabada. A constru\u00e7\u00e3o da UPA na Nova Itapetinga se arrasta sem previs\u00e3o de inaugura\u00e7\u00e3o. Se o turista entrar na cidade pela via do distrito industrial ver\u00e1 como novidade as casas do Minha Casa, Minha Vida, que foram constru\u00eddas ao lado da antiga Itadistral. Como s\u00e3o turistas de v\u00e1rias partes do Brasil n\u00e3o se impressionar\u00e3o com as casas pois nas cidades que eles moram tamb\u00e9m tiveram este projeto do governo federal. Se entrarem pelo parque da lagoa ou pelo parque de exposi\u00e7\u00e3o, n\u00e3o encontrar\u00e3o nada de novo.<\/p>\n<p>O artigo foi escrito pautado em uma breve observa\u00e7\u00e3o de dois amigos de Salvador que vieram passar o S\u00e3o Jo\u00e3o em nossa cidade. Um amigo que \u00e9 advogado disse: sua cidade est\u00e1 em um bom ritmo de crescimento. No ano passado n\u00e3o existiam estas casas ao longo desta pista (apontando para as casas que est\u00e3o sendo constru\u00eddas logo ap\u00f3s a Dires em dire\u00e7\u00e3o ao Coroas). Tamb\u00e9m n\u00e3o existia o pr\u00e9dio ao lado da escola (Cooedita). \u00c9 um bom sinal quando a iniciativa privada puxa o desenvolvimento.<\/p>\n<p>O outro amigo que \u00e9 professor de educa\u00e7\u00e3o f\u00edsica disse: faz um ano que estive aqu\u00ed e n\u00e3o terminaram a entrada da cidade. Parece que o poder p\u00fablico n\u00e3o consegue acompanhar a velocidade dos investimentos privados. A constata\u00e7\u00e3o dos meus amigos \u00e9 verdade. O poder p\u00fablico n\u00e3o est\u00e1 conseguindo atender as demandas da popula\u00e7\u00e3o.<\/p>\n<p>O que leva um cidad\u00e3o pleitear ser prefeito de sua cidade? A resposta pol\u00edticamente correta seria; ser reconhecido por sua atua\u00e7\u00e3o eficiente e eficaz, no controle e aperfei\u00e7oamento da gest\u00e3o p\u00fablica objetivando o bem estar social do cidad\u00e3o e a prosperidade do seu munic\u00edpio.<\/p>\n<p>Tema para reflex\u00e3o (baseado no que disseram meus amigos): comparando a atividade privada dos itapetinguenses com a gest\u00e3o p\u00fablica do munic\u00edpio, quem t\u00e1 merecendo nota dez?<\/p>\n<p><em><strong>Por JOS\u00c9 ELIAS RIBEIRO<\/strong><\/em><\/p>\n","protected":false},"excerpt":{"rendered":"<p>Itapetinga acolher\u00e1 milhares de visitantes para os festejos juninos. O S\u00e3o Jo\u00e3o de Itapetinga apresenta op\u00e7\u00f5es para todos os gostos. Festa no parque da lagoa, Vaca L\u00f4ca, Coroas, j\u00e1 s\u00e3o festas tradicionais e com p\u00fablico cativo. O que o turista verificar\u00e1 de novo na nossa cidade? Tenho dificuldade de lembrar algo que possa ser apresentado [&hellip;]<\/p>\n","protected":false},"author":2,"featured_media":0,"comment_status":"open","ping_status":"open","sticky":false,"template":"","format":"standard","meta":{"footnotes":"","_links_to":"","_links_to_target":""},"categories":[1],"tags":[],"class_list":["post-5994","post","type-post","status-publish","format-standard","hentry","category-geral"],"views":1216,"_links":{"self":[{"href":"https:\/\/www.sudoestehoje.com.br\/novoportal\/wp-json\/wp\/v2\/posts\/5994","targetHints":{"allow":["GET"]}}],"collection":[{"href":"https:\/\/www.sudoestehoje.com.br\/novoportal\/wp-json\/wp\/v2\/posts"}],"about":[{"href":"https:\/\/www.sudoestehoje.com.br\/novoportal\/wp-json\/wp\/v2\/types\/post"}],"author":[{"embeddable":true,"href":"https:\/\/www.sudoestehoje.com.br\/novoportal\/wp-json\/wp\/v2\/users\/2"}],"replies":[{"embeddable":true,"href":"https:\/\/www.sudoestehoje.com.br\/novoportal\/wp-json\/wp\/v2\/comments?post=5994"}],"version-history":[{"count":2,"href":"https:\/\/www.sudoestehoje.com.br\/novoportal\/wp-json\/wp\/v2\/posts\/5994\/revisions"}],"predecessor-version":[{"id":5996,"href":"https:\/\/www.sudoestehoje.com.br\/novoportal\/wp-json\/wp\/v2\/posts\/5994\/revisions\/5996"}],"wp:attachment":[{"href":"https:\/\/www.sudoestehoje.com.br\/novoportal\/wp-json\/wp\/v2\/media?parent=5994"}],"wp:term":[{"taxonomy":"category","embeddable":true,"href":"https:\/\/www.sudoestehoje.com.br\/novoportal\/wp-json\/wp\/v2\/categories?post=5994"},{"taxonomy":"post_tag","embeddable":true,"href":"https:\/\/www.sudoestehoje.com.br\/novoportal\/wp-json\/wp\/v2\/tags?post=5994"}],"curies":[{"name":"wp","href":"https:\/\/api.w.org\/{rel}","templated":true}]}}