
{"id":59905,"date":"2016-08-25T18:51:55","date_gmt":"2016-08-25T21:51:55","guid":{"rendered":"http:\/\/www.sudoestehoje.com.br\/novoportal\/?p=59905"},"modified":"2016-08-25T18:51:55","modified_gmt":"2016-08-25T21:51:55","slug":"urgente-secretaria-veronica-e-exonerada-por-postagem-infeliz-nas-redes-sociais","status":"publish","type":"post","link":"https:\/\/www.sudoestehoje.com.br\/novoportal\/2016\/08\/25\/urgente-secretaria-veronica-e-exonerada-por-postagem-infeliz-nas-redes-sociais\/","title":{"rendered":"URGENTE! SECRET\u00c1RIA VER\u00d4NICA \u00c9 EXONERADA POR POSTAGEM INFELIZ NAS REDES SOCIAIS"},"content":{"rendered":"<div id=\"attachment_59907\" style=\"width: 510px\" class=\"wp-caption aligncenter\"><a href=\"http:\/\/www.sudoestehoje.com.br\/novoportal\/wp-content\/uploads\/2016\/08\/VER.jpg\" rel=\"attachment wp-att-59907\"><img loading=\"lazy\" decoding=\"async\" aria-describedby=\"caption-attachment-59907\" class=\"size-medium wp-image-59907\" src=\"http:\/\/www.sudoestehoje.com.br\/novoportal\/wp-content\/uploads\/2016\/08\/VER-500x334.jpg\" alt=\"VER\u00d4NICA RODRIGUES OCUPAVA O CARGO DE SECRET\u00c1RIA NA COTA DA PRIMEIRA DAMA CIDA MOURA \" width=\"500\" height=\"334\" srcset=\"https:\/\/www.sudoestehoje.com.br\/novoportal\/wp-content\/uploads\/2016\/08\/VER-500x334.jpg 500w, https:\/\/www.sudoestehoje.com.br\/novoportal\/wp-content\/uploads\/2016\/08\/VER-768x513.jpg 768w, https:\/\/www.sudoestehoje.com.br\/novoportal\/wp-content\/uploads\/2016\/08\/VER-700x467.jpg 700w, https:\/\/www.sudoestehoje.com.br\/novoportal\/wp-content\/uploads\/2016\/08\/VER.jpg 1600w\" sizes=\"auto, (max-width: 500px) 100vw, 500px\" \/><\/a><p id=\"caption-attachment-59907\" class=\"wp-caption-text\">VER\u00d4NICA RODRIGUES OCUPAVA O CARGO DE SECRET\u00c1RIA NA COTA DA PRIMEIRA DAMA CIDA MOURA<\/p><\/div>\n<p>Nesta quarta-feira (24) os meios pol\u00edticos de Itapetinga foram sacudidos por uma grava\u00e7\u00e3o de autoria da secret\u00e1ria municipal de Desenvolvimento Social, Ver\u00f4nica Rodrigues, exercendo press\u00e3o e amea\u00e7as veladas contra servidores municipais, para participarem dos eventos pol\u00edticos da chapa de situa\u00e7\u00e3o, para estas elei\u00e7\u00f5es.<\/p>\n<p>Postada pela pr\u00f3pria Ver\u00f4nica em um grupo do Whatsapp, a grava\u00e7\u00e3o vazou para outros grupos e viralizou na rede, causando um verdadeiro rebuli\u00e7o na cidade, com um misto de revolta e indigna\u00e7\u00e3o, pela atitude inconsequente da secret\u00e1ria.<\/p>\n<p>A mancada da secret\u00e1ria pegou a todos de surpresa e foi a gota d&#8217;\u00e1gua para que o prefeito, sob forte press\u00e3o, a demitisse do cargo que exercia h\u00e1 mais de 3 anos, ato que foi confirmado pela publica\u00e7\u00e3o no Di\u00e1rio Oficial do Munic\u00edpio, que nesta quinta trouxe o Decreto de Exonera\u00e7\u00e3o baixado pelo prefeito.<\/p>\n<p>Al\u00e9m de ter lhe custado a cabe\u00e7a, o ato inconsequente da ex-secret\u00e1ria pode tamb\u00e9m causar problemas \u00e0 chapa de Tiquinho e Leo Matos, e a ela pr\u00f3pria, se os candidatos da oposi\u00e7\u00e3o ingressarem com alguma a\u00e7\u00e3o na Justi\u00e7a Eleitoral.<\/p>\n<p>CONFIRA A PUBLICA\u00c7\u00c3O NO DO:<\/p>\n<p><a href=\"http:\/\/www.sudoestehoje.com.br\/novoportal\/wp-content\/uploads\/2016\/08\/veronica.jpg\" rel=\"attachment wp-att-59906\"><img loading=\"lazy\" decoding=\"async\" class=\"aligncenter size-medium wp-image-59906\" src=\"http:\/\/www.sudoestehoje.com.br\/novoportal\/wp-content\/uploads\/2016\/08\/veronica-500x381.jpg\" alt=\"veronica\" width=\"500\" height=\"381\" srcset=\"https:\/\/www.sudoestehoje.com.br\/novoportal\/wp-content\/uploads\/2016\/08\/veronica-500x381.jpg 500w, https:\/\/www.sudoestehoje.com.br\/novoportal\/wp-content\/uploads\/2016\/08\/veronica-768x586.jpg 768w, https:\/\/www.sudoestehoje.com.br\/novoportal\/wp-content\/uploads\/2016\/08\/veronica-700x534.jpg 700w, https:\/\/www.sudoestehoje.com.br\/novoportal\/wp-content\/uploads\/2016\/08\/veronica.jpg 944w\" sizes=\"auto, (max-width: 500px) 100vw, 500px\" \/><\/a><\/p>\n<p><strong><em>Por Davi Ferraz \u00a0\u00a0<\/em><\/strong><\/p>\n","protected":false},"excerpt":{"rendered":"<p>Nesta quarta-feira (24) os meios pol\u00edticos de Itapetinga foram sacudidos por uma grava\u00e7\u00e3o de autoria da secret\u00e1ria municipal de Desenvolvimento Social, Ver\u00f4nica Rodrigues, exercendo press\u00e3o e amea\u00e7as veladas contra servidores municipais, para participarem dos eventos pol\u00edticos da chapa de situa\u00e7\u00e3o, para estas elei\u00e7\u00f5es. Postada pela pr\u00f3pria Ver\u00f4nica em um grupo do Whatsapp, a grava\u00e7\u00e3o vazou [&hellip;]<\/p>\n","protected":false},"author":2,"featured_media":0,"comment_status":"open","ping_status":"open","sticky":false,"template":"","format":"standard","meta":{"footnotes":"","_links_to":"","_links_to_target":""},"categories":[1],"tags":[],"class_list":["post-59905","post","type-post","status-publish","format-standard","hentry","category-geral"],"views":4333,"_links":{"self":[{"href":"https:\/\/www.sudoestehoje.com.br\/novoportal\/wp-json\/wp\/v2\/posts\/59905","targetHints":{"allow":["GET"]}}],"collection":[{"href":"https:\/\/www.sudoestehoje.com.br\/novoportal\/wp-json\/wp\/v2\/posts"}],"about":[{"href":"https:\/\/www.sudoestehoje.com.br\/novoportal\/wp-json\/wp\/v2\/types\/post"}],"author":[{"embeddable":true,"href":"https:\/\/www.sudoestehoje.com.br\/novoportal\/wp-json\/wp\/v2\/users\/2"}],"replies":[{"embeddable":true,"href":"https:\/\/www.sudoestehoje.com.br\/novoportal\/wp-json\/wp\/v2\/comments?post=59905"}],"version-history":[{"count":2,"href":"https:\/\/www.sudoestehoje.com.br\/novoportal\/wp-json\/wp\/v2\/posts\/59905\/revisions"}],"predecessor-version":[{"id":59910,"href":"https:\/\/www.sudoestehoje.com.br\/novoportal\/wp-json\/wp\/v2\/posts\/59905\/revisions\/59910"}],"wp:attachment":[{"href":"https:\/\/www.sudoestehoje.com.br\/novoportal\/wp-json\/wp\/v2\/media?parent=59905"}],"wp:term":[{"taxonomy":"category","embeddable":true,"href":"https:\/\/www.sudoestehoje.com.br\/novoportal\/wp-json\/wp\/v2\/categories?post=59905"},{"taxonomy":"post_tag","embeddable":true,"href":"https:\/\/www.sudoestehoje.com.br\/novoportal\/wp-json\/wp\/v2\/tags?post=59905"}],"curies":[{"name":"wp","href":"https:\/\/api.w.org\/{rel}","templated":true}]}}