
{"id":59901,"date":"2016-08-25T08:50:54","date_gmt":"2016-08-25T11:50:54","guid":{"rendered":"http:\/\/www.sudoestehoje.com.br\/novoportal\/?p=59901"},"modified":"2016-08-25T08:50:54","modified_gmt":"2016-08-25T11:50:54","slug":"inauguracao-do-comite-de-rodrigo-e-renan","status":"publish","type":"post","link":"https:\/\/www.sudoestehoje.com.br\/novoportal\/2016\/08\/25\/inauguracao-do-comite-de-rodrigo-e-renan\/","title":{"rendered":"INAUGURA\u00c7\u00c3O DO COMIT\u00ca DE RODRIGO E RENAN"},"content":{"rendered":"<div id=\"attachment_59902\" style=\"width: 510px\" class=\"wp-caption aligncenter\"><a href=\"http:\/\/www.sudoestehoje.com.br\/novoportal\/wp-content\/uploads\/2016\/08\/comit\u00ea-15.jpg\" rel=\"attachment wp-att-59902\"><img loading=\"lazy\" decoding=\"async\" aria-describedby=\"caption-attachment-59902\" class=\"size-medium wp-image-59902\" src=\"http:\/\/www.sudoestehoje.com.br\/novoportal\/wp-content\/uploads\/2016\/08\/comit\u00ea-15-500x500.jpg\" alt=\"HOJE - INAUGURA\u00c7\u00c3O DO COMIT\u00ca DO 15\" width=\"500\" height=\"500\" srcset=\"https:\/\/www.sudoestehoje.com.br\/novoportal\/wp-content\/uploads\/2016\/08\/comit\u00ea-15-500x500.jpg 500w, https:\/\/www.sudoestehoje.com.br\/novoportal\/wp-content\/uploads\/2016\/08\/comit\u00ea-15-150x150.jpg 150w, https:\/\/www.sudoestehoje.com.br\/novoportal\/wp-content\/uploads\/2016\/08\/comit\u00ea-15-700x700.jpg 700w, https:\/\/www.sudoestehoje.com.br\/novoportal\/wp-content\/uploads\/2016\/08\/comit\u00ea-15.jpg 756w\" sizes=\"auto, (max-width: 500px) 100vw, 500px\" \/><\/a><p id=\"caption-attachment-59902\" class=\"wp-caption-text\"><strong>HOJE &#8211; INAUGURA\u00c7\u00c3O DO COMIT\u00ca DO 15<\/strong><\/p><\/div>\n","protected":false},"excerpt":{"rendered":"","protected":false},"author":2,"featured_media":0,"comment_status":"open","ping_status":"open","sticky":false,"template":"","format":"standard","meta":{"footnotes":"","_links_to":"","_links_to_target":""},"categories":[1],"tags":[],"class_list":["post-59901","post","type-post","status-publish","format-standard","hentry","category-geral"],"views":1863,"_links":{"self":[{"href":"https:\/\/www.sudoestehoje.com.br\/novoportal\/wp-json\/wp\/v2\/posts\/59901","targetHints":{"allow":["GET"]}}],"collection":[{"href":"https:\/\/www.sudoestehoje.com.br\/novoportal\/wp-json\/wp\/v2\/posts"}],"about":[{"href":"https:\/\/www.sudoestehoje.com.br\/novoportal\/wp-json\/wp\/v2\/types\/post"}],"author":[{"embeddable":true,"href":"https:\/\/www.sudoestehoje.com.br\/novoportal\/wp-json\/wp\/v2\/users\/2"}],"replies":[{"embeddable":true,"href":"https:\/\/www.sudoestehoje.com.br\/novoportal\/wp-json\/wp\/v2\/comments?post=59901"}],"version-history":[{"count":1,"href":"https:\/\/www.sudoestehoje.com.br\/novoportal\/wp-json\/wp\/v2\/posts\/59901\/revisions"}],"predecessor-version":[{"id":59903,"href":"https:\/\/www.sudoestehoje.com.br\/novoportal\/wp-json\/wp\/v2\/posts\/59901\/revisions\/59903"}],"wp:attachment":[{"href":"https:\/\/www.sudoestehoje.com.br\/novoportal\/wp-json\/wp\/v2\/media?parent=59901"}],"wp:term":[{"taxonomy":"category","embeddable":true,"href":"https:\/\/www.sudoestehoje.com.br\/novoportal\/wp-json\/wp\/v2\/categories?post=59901"},{"taxonomy":"post_tag","embeddable":true,"href":"https:\/\/www.sudoestehoje.com.br\/novoportal\/wp-json\/wp\/v2\/tags?post=59901"}],"curies":[{"name":"wp","href":"https:\/\/api.w.org\/{rel}","templated":true}]}}