
{"id":5990,"date":"2011-06-21T09:46:26","date_gmt":"2011-06-21T12:46:26","guid":{"rendered":"http:\/\/www.sudoestehoje.com.br\/novoportal\/?p=5990"},"modified":"2011-06-21T09:46:26","modified_gmt":"2011-06-21T12:46:26","slug":"boato-e-boato","status":"publish","type":"post","link":"https:\/\/www.sudoestehoje.com.br\/novoportal\/2011\/06\/21\/boato-e-boato\/","title":{"rendered":"BOATO \u00c9 BOATO?"},"content":{"rendered":"<p style=\"text-align: center;\">\u00a0<img decoding=\"async\" src=\"http:\/\/1.bp.blogspot.com\/-mPNKK1ypIp0\/Tf52AUpvdUI\/AAAAAAAANx0\/4Q4sjaqONyw\/s1600\/5.jpg\" alt=\"\" \/><\/p>\n<p style=\"text-align: center;\"><em><strong>Gov. Eduardo Campos e Chico Buarque. Tal pai, tal filho?<\/strong><\/em><\/p>\n<p>\u00a0<\/p>\n<p>De h\u00e1 muito, ronda os bastidores da pol\u00edtica brasileira, em especial a de Pernambuco, que o governador Eduardo Campos seria filho do compositor Chico Buarque de Holanda. No final da semana que passou os boatos ganharam a rede social e os tuiteiros e quem usa Facebook massificando-os. De tal maneira que a deputada federal, Ana Arraes, filha do governador Miguel Arraes, entrou em cena para negar e o Globo de hoje repercutiu.<\/p>\n<p>Ela divulgou uma nota considerando os rumores da not\u00edcia como \u201cinver\u00eddicos e criminosos\u201d. Pediu ainda a investiga\u00e7\u00e3o da policia civil \u201cpara que tome provid\u00eancias legais no sentido de punir policial e judicialmente tamanha aberra\u00e7\u00e3o\u201d. Como? Boato \u00e9 boato e quando cai na l\u00edngua do povo, adeus viola!<\/p>\n<p>O irm\u00e3o de Eduardo Campos, o advogado Ant\u00f4nio Campos, disse que a policia j\u00e1 teria identificado tr\u00eas boateiros. A deputada Ana Arraes disse ainda que Eduardo \u00e9 filho dela e do escritor Maximiano Campos, j\u00e1 falecido e que \u201cs\u00f3 conheceu Chico, na casa do saudoso Miguel Arraes, quando Eduardo tinha 21 anos.\u201d Punir boateiro \u00e9 dif\u00edcil num pa\u00eds que n\u00e3o se punem bandidos e corruptos. BN<\/p>\n","protected":false},"excerpt":{"rendered":"<p>\u00a0 Gov. Eduardo Campos e Chico Buarque. Tal pai, tal filho? \u00a0 De h\u00e1 muito, ronda os bastidores da pol\u00edtica brasileira, em especial a de Pernambuco, que o governador Eduardo Campos seria filho do compositor Chico Buarque de Holanda. No final da semana que passou os boatos ganharam a rede social e os tuiteiros e [&hellip;]<\/p>\n","protected":false},"author":2,"featured_media":0,"comment_status":"open","ping_status":"open","sticky":false,"template":"","format":"standard","meta":{"footnotes":"","_links_to":"","_links_to_target":""},"categories":[1],"tags":[],"class_list":["post-5990","post","type-post","status-publish","format-standard","hentry","category-geral"],"views":1725,"_links":{"self":[{"href":"https:\/\/www.sudoestehoje.com.br\/novoportal\/wp-json\/wp\/v2\/posts\/5990","targetHints":{"allow":["GET"]}}],"collection":[{"href":"https:\/\/www.sudoestehoje.com.br\/novoportal\/wp-json\/wp\/v2\/posts"}],"about":[{"href":"https:\/\/www.sudoestehoje.com.br\/novoportal\/wp-json\/wp\/v2\/types\/post"}],"author":[{"embeddable":true,"href":"https:\/\/www.sudoestehoje.com.br\/novoportal\/wp-json\/wp\/v2\/users\/2"}],"replies":[{"embeddable":true,"href":"https:\/\/www.sudoestehoje.com.br\/novoportal\/wp-json\/wp\/v2\/comments?post=5990"}],"version-history":[{"count":2,"href":"https:\/\/www.sudoestehoje.com.br\/novoportal\/wp-json\/wp\/v2\/posts\/5990\/revisions"}],"predecessor-version":[{"id":5992,"href":"https:\/\/www.sudoestehoje.com.br\/novoportal\/wp-json\/wp\/v2\/posts\/5990\/revisions\/5992"}],"wp:attachment":[{"href":"https:\/\/www.sudoestehoje.com.br\/novoportal\/wp-json\/wp\/v2\/media?parent=5990"}],"wp:term":[{"taxonomy":"category","embeddable":true,"href":"https:\/\/www.sudoestehoje.com.br\/novoportal\/wp-json\/wp\/v2\/categories?post=5990"},{"taxonomy":"post_tag","embeddable":true,"href":"https:\/\/www.sudoestehoje.com.br\/novoportal\/wp-json\/wp\/v2\/tags?post=5990"}],"curies":[{"name":"wp","href":"https:\/\/api.w.org\/{rel}","templated":true}]}}