
{"id":59883,"date":"2016-08-25T00:22:59","date_gmt":"2016-08-25T03:22:59","guid":{"rendered":"http:\/\/www.sudoestehoje.com.br\/novoportal\/?p=59883"},"modified":"2016-08-25T00:22:59","modified_gmt":"2016-08-25T03:22:59","slug":"eleicoes-tiquinho-e-leo-sao-recebidos-de-forma-carinhosa-no-vitoria-regia","status":"publish","type":"post","link":"https:\/\/www.sudoestehoje.com.br\/novoportal\/2016\/08\/25\/eleicoes-tiquinho-e-leo-sao-recebidos-de-forma-carinhosa-no-vitoria-regia\/","title":{"rendered":"ELEI\u00c7\u00d5ES: TIQUINHO E L\u00c9O S\u00c3O RECEBIDOS DE FORMA CARINHOSA NO VIT\u00d3RIA R\u00c9GIA"},"content":{"rendered":"<p><a href=\"http:\/\/www.sudoestehoje.com.br\/novoportal\/wp-content\/uploads\/2016\/08\/tico-1.jpg\" rel=\"attachment wp-att-59884\"><img loading=\"lazy\" decoding=\"async\" class=\"aligncenter size-medium wp-image-59884\" src=\"http:\/\/www.sudoestehoje.com.br\/novoportal\/wp-content\/uploads\/2016\/08\/tico-1-500x308.jpg\" alt=\"tico 1\" width=\"500\" height=\"308\" srcset=\"https:\/\/www.sudoestehoje.com.br\/novoportal\/wp-content\/uploads\/2016\/08\/tico-1-500x308.jpg 500w, https:\/\/www.sudoestehoje.com.br\/novoportal\/wp-content\/uploads\/2016\/08\/tico-1.jpg 640w\" sizes=\"auto, (max-width: 500px) 100vw, 500px\" \/><\/a><\/p>\n<p>O candidato a prefeito, Hilderico Nogueira &#8211; Tiquinho \u00a0(PDT) realizou na tarde desta quarta \u00a0(24) visita ao bairro vit\u00f3ria R\u00e9gia. Foram duas horas de caminhada pelas principais ruas do Bairro, Acompanho pelo candidato a Vice Prefeito L\u00e9o Matos.<\/p>\n<p>Participaram da caminhada, candidatos a vereadores e presidentes de partidos aliados.<\/p>\n<p>No final caminhada, tiquinho e Leo agradeceram o grande n\u00famero de apoiadores presentes. \u201cEsse \u00e9 apenas o inicio de uma longa caminhada e que ser\u00e1 vitoriosa no dia 02 de Outubro, podem ter certeza\u201d, disse Tiquinho. <strong><em>Ascom PR<\/em><\/strong><\/p>\n\n\t\t<style type=\"text\/css\">\n\t\t\t#gallery-1 {\n\t\t\t\tmargin: auto;\n\t\t\t}\n\t\t\t#gallery-1 .gallery-item {\n\t\t\t\tfloat: left;\n\t\t\t\tmargin-top: 10px;\n\t\t\t\ttext-align: center;\n\t\t\t\twidth: 33%;\n\t\t\t}\n\t\t\t#gallery-1 img {\n\t\t\t\tborder: 2px solid #cfcfcf;\n\t\t\t}\n\t\t\t#gallery-1 .gallery-caption {\n\t\t\t\tmargin-left: 0;\n\t\t\t}\n\t\t\t\/* see gallery_shortcode() in wp-includes\/media.php *\/\n\t\t<\/style>\n\t\t<div id='gallery-1' class='gallery galleryid-59883 gallery-columns-3 gallery-size-thumbnail'><dl class='gallery-item'>\n\t\t\t<dt class='gallery-icon landscape'>\n\t\t\t\t<a href='https:\/\/www.sudoestehoje.com.br\/novoportal\/2016\/08\/25\/eleicoes-tiquinho-e-leo-sao-recebidos-de-forma-carinhosa-no-vitoria-regia\/tico-3-2\/'><img loading=\"lazy\" decoding=\"async\" width=\"150\" height=\"150\" src=\"https:\/\/www.sudoestehoje.com.br\/novoportal\/wp-content\/uploads\/2016\/08\/tico-3-150x150.jpg\" class=\"attachment-thumbnail size-thumbnail\" alt=\"\" \/><\/a>\n\t\t\t<\/dt><\/dl><dl class='gallery-item'>\n\t\t\t<dt class='gallery-icon landscape'>\n\t\t\t\t<a href='https:\/\/www.sudoestehoje.com.br\/novoportal\/2016\/08\/25\/eleicoes-tiquinho-e-leo-sao-recebidos-de-forma-carinhosa-no-vitoria-regia\/tico-4-2\/'><img loading=\"lazy\" decoding=\"async\" width=\"150\" height=\"150\" src=\"https:\/\/www.sudoestehoje.com.br\/novoportal\/wp-content\/uploads\/2016\/08\/tico-4-150x150.jpg\" class=\"attachment-thumbnail size-thumbnail\" alt=\"\" \/><\/a>\n\t\t\t<\/dt><\/dl><dl class='gallery-item'>\n\t\t\t<dt class='gallery-icon landscape'>\n\t\t\t\t<a href='https:\/\/www.sudoestehoje.com.br\/novoportal\/2016\/08\/25\/eleicoes-tiquinho-e-leo-sao-recebidos-de-forma-carinhosa-no-vitoria-regia\/tico-5\/'><img loading=\"lazy\" decoding=\"async\" width=\"150\" height=\"150\" src=\"https:\/\/www.sudoestehoje.com.br\/novoportal\/wp-content\/uploads\/2016\/08\/tico-5-150x150.jpg\" class=\"attachment-thumbnail size-thumbnail\" alt=\"\" \/><\/a>\n\t\t\t<\/dt><\/dl><br style=\"clear: both\" \/><dl class='gallery-item'>\n\t\t\t<dt class='gallery-icon landscape'>\n\t\t\t\t<a href='https:\/\/www.sudoestehoje.com.br\/novoportal\/2016\/08\/25\/eleicoes-tiquinho-e-leo-sao-recebidos-de-forma-carinhosa-no-vitoria-regia\/tico-6\/'><img loading=\"lazy\" decoding=\"async\" width=\"150\" height=\"150\" src=\"https:\/\/www.sudoestehoje.com.br\/novoportal\/wp-content\/uploads\/2016\/08\/tico-6-150x150.jpg\" class=\"attachment-thumbnail size-thumbnail\" alt=\"\" \/><\/a>\n\t\t\t<\/dt><\/dl><dl class='gallery-item'>\n\t\t\t<dt class='gallery-icon landscape'>\n\t\t\t\t<a href='https:\/\/www.sudoestehoje.com.br\/novoportal\/2016\/08\/25\/eleicoes-tiquinho-e-leo-sao-recebidos-de-forma-carinhosa-no-vitoria-regia\/tico-7\/'><img loading=\"lazy\" decoding=\"async\" width=\"150\" height=\"150\" src=\"https:\/\/www.sudoestehoje.com.br\/novoportal\/wp-content\/uploads\/2016\/08\/tico-7-150x150.jpg\" class=\"attachment-thumbnail size-thumbnail\" alt=\"\" \/><\/a>\n\t\t\t<\/dt><\/dl><dl class='gallery-item'>\n\t\t\t<dt class='gallery-icon landscape'>\n\t\t\t\t<a href='https:\/\/www.sudoestehoje.com.br\/novoportal\/2016\/08\/25\/eleicoes-tiquinho-e-leo-sao-recebidos-de-forma-carinhosa-no-vitoria-regia\/tico-8\/'><img loading=\"lazy\" decoding=\"async\" width=\"150\" height=\"150\" src=\"https:\/\/www.sudoestehoje.com.br\/novoportal\/wp-content\/uploads\/2016\/08\/tico-8-150x150.jpg\" class=\"attachment-thumbnail size-thumbnail\" alt=\"\" \/><\/a>\n\t\t\t<\/dt><\/dl><br style=\"clear: both\" \/>\n\t\t<\/div>\n\n","protected":false},"excerpt":{"rendered":"<p>O candidato a prefeito, Hilderico Nogueira &#8211; Tiquinho \u00a0(PDT) realizou na tarde desta quarta \u00a0(24) visita ao bairro vit\u00f3ria R\u00e9gia. Foram duas horas de caminhada pelas principais ruas do Bairro, Acompanho pelo candidato a Vice Prefeito L\u00e9o Matos. Participaram da caminhada, candidatos a vereadores e presidentes de partidos aliados. No final caminhada, tiquinho e Leo [&hellip;]<\/p>\n","protected":false},"author":2,"featured_media":0,"comment_status":"open","ping_status":"open","sticky":false,"template":"","format":"standard","meta":{"footnotes":"","_links_to":"","_links_to_target":""},"categories":[1],"tags":[],"class_list":["post-59883","post","type-post","status-publish","format-standard","hentry","category-geral"],"views":1703,"_links":{"self":[{"href":"https:\/\/www.sudoestehoje.com.br\/novoportal\/wp-json\/wp\/v2\/posts\/59883","targetHints":{"allow":["GET"]}}],"collection":[{"href":"https:\/\/www.sudoestehoje.com.br\/novoportal\/wp-json\/wp\/v2\/posts"}],"about":[{"href":"https:\/\/www.sudoestehoje.com.br\/novoportal\/wp-json\/wp\/v2\/types\/post"}],"author":[{"embeddable":true,"href":"https:\/\/www.sudoestehoje.com.br\/novoportal\/wp-json\/wp\/v2\/users\/2"}],"replies":[{"embeddable":true,"href":"https:\/\/www.sudoestehoje.com.br\/novoportal\/wp-json\/wp\/v2\/comments?post=59883"}],"version-history":[{"count":2,"href":"https:\/\/www.sudoestehoje.com.br\/novoportal\/wp-json\/wp\/v2\/posts\/59883\/revisions"}],"predecessor-version":[{"id":59892,"href":"https:\/\/www.sudoestehoje.com.br\/novoportal\/wp-json\/wp\/v2\/posts\/59883\/revisions\/59892"}],"wp:attachment":[{"href":"https:\/\/www.sudoestehoje.com.br\/novoportal\/wp-json\/wp\/v2\/media?parent=59883"}],"wp:term":[{"taxonomy":"category","embeddable":true,"href":"https:\/\/www.sudoestehoje.com.br\/novoportal\/wp-json\/wp\/v2\/categories?post=59883"},{"taxonomy":"post_tag","embeddable":true,"href":"https:\/\/www.sudoestehoje.com.br\/novoportal\/wp-json\/wp\/v2\/tags?post=59883"}],"curies":[{"name":"wp","href":"https:\/\/api.w.org\/{rel}","templated":true}]}}