
{"id":59873,"date":"2016-08-25T00:50:32","date_gmt":"2016-08-25T03:50:32","guid":{"rendered":"http:\/\/www.sudoestehoje.com.br\/novoportal\/?p=59873"},"modified":"2016-08-25T09:02:25","modified_gmt":"2016-08-25T12:02:25","slug":"eleicoes-dupla-rodrigo-e-renan-mostra-forca-em-visita-ao-agarradinho","status":"publish","type":"post","link":"https:\/\/www.sudoestehoje.com.br\/novoportal\/2016\/08\/25\/eleicoes-dupla-rodrigo-e-renan-mostra-forca-em-visita-ao-agarradinho\/","title":{"rendered":"ELEI\u00c7\u00d5ES: DUPLA RODRIGO E RENAN MOSTRA FOR\u00c7A EM VISITA AO AGARRADINHO"},"content":{"rendered":"<p><a href=\"http:\/\/www.sudoestehoje.com.br\/novoportal\/wp-content\/uploads\/2016\/08\/agarradinho.jpg\" rel=\"attachment wp-att-59874\"><img loading=\"lazy\" decoding=\"async\" class=\"aligncenter size-medium wp-image-59874\" src=\"http:\/\/www.sudoestehoje.com.br\/novoportal\/wp-content\/uploads\/2016\/08\/agarradinho-500x291.jpg\" alt=\"agarradinho\" width=\"500\" height=\"291\" srcset=\"https:\/\/www.sudoestehoje.com.br\/novoportal\/wp-content\/uploads\/2016\/08\/agarradinho-500x291.jpg 500w, https:\/\/www.sudoestehoje.com.br\/novoportal\/wp-content\/uploads\/2016\/08\/agarradinho-768x446.jpg 768w, https:\/\/www.sudoestehoje.com.br\/novoportal\/wp-content\/uploads\/2016\/08\/agarradinho-700x407.jpg 700w, https:\/\/www.sudoestehoje.com.br\/novoportal\/wp-content\/uploads\/2016\/08\/agarradinho.jpg 960w\" sizes=\"auto, (max-width: 500px) 100vw, 500px\" \/><\/a><\/p>\n<p>Mais uma vez o candidato Rodrigo Hagge mostrou a for\u00e7a da oposi\u00e7\u00e3o no corpo a corpo que realizou na tarde desta quarta-feira, ao N\u00facleo Habitacional Osvaldo Brito, conhecido popularmente como &#8220;Agarradinho&#8221;, localizado entre a Nova Itapetinga e o Clodoaldo Costa.<\/p>\n<p>Ao lado do seu vice Renan Pereira, candidatos a vereador, militantes e apoiadores, Rodrigo percorreu as ruas do &#8216;Agarradinho&#8217; debaixo de palmas e abra\u00e7os dos moradores, o que comprova o r\u00e1pido crescimento da sua candidatura, fato que vem surpreendendo at\u00e9 os seus advers\u00e1rios, que n\u00e3o esperavam um candidato de oposi\u00e7\u00e3o t\u00e3o competitivo e forte, logo na largada do processo eleitoral.<\/p>\n\n\t\t<style type=\"text\/css\">\n\t\t\t#gallery-1 {\n\t\t\t\tmargin: auto;\n\t\t\t}\n\t\t\t#gallery-1 .gallery-item {\n\t\t\t\tfloat: left;\n\t\t\t\tmargin-top: 10px;\n\t\t\t\ttext-align: center;\n\t\t\t\twidth: 33%;\n\t\t\t}\n\t\t\t#gallery-1 img {\n\t\t\t\tborder: 2px solid #cfcfcf;\n\t\t\t}\n\t\t\t#gallery-1 .gallery-caption {\n\t\t\t\tmargin-left: 0;\n\t\t\t}\n\t\t\t\/* see gallery_shortcode() in wp-includes\/media.php *\/\n\t\t<\/style>\n\t\t<div id='gallery-1' class='gallery galleryid-59873 gallery-columns-3 gallery-size-thumbnail'><dl class='gallery-item'>\n\t\t\t<dt class='gallery-icon landscape'>\n\t\t\t\t<a href='https:\/\/www.sudoestehoje.com.br\/novoportal\/2016\/08\/25\/eleicoes-dupla-rodrigo-e-renan-mostra-forca-em-visita-ao-agarradinho\/rr-1-6\/'><img loading=\"lazy\" decoding=\"async\" width=\"150\" height=\"150\" src=\"https:\/\/www.sudoestehoje.com.br\/novoportal\/wp-content\/uploads\/2016\/08\/RR-1-3-150x150.jpg\" class=\"attachment-thumbnail size-thumbnail\" alt=\"\" \/><\/a>\n\t\t\t<\/dt><\/dl><dl class='gallery-item'>\n\t\t\t<dt class='gallery-icon landscape'>\n\t\t\t\t<a href='https:\/\/www.sudoestehoje.com.br\/novoportal\/2016\/08\/25\/eleicoes-dupla-rodrigo-e-renan-mostra-forca-em-visita-ao-agarradinho\/rr-2-5\/'><img loading=\"lazy\" decoding=\"async\" width=\"150\" height=\"150\" src=\"https:\/\/www.sudoestehoje.com.br\/novoportal\/wp-content\/uploads\/2016\/08\/RR-2-3-150x150.jpg\" class=\"attachment-thumbnail size-thumbnail\" alt=\"\" \/><\/a>\n\t\t\t<\/dt><\/dl><dl class='gallery-item'>\n\t\t\t<dt class='gallery-icon landscape'>\n\t\t\t\t<a href='https:\/\/www.sudoestehoje.com.br\/novoportal\/2016\/08\/25\/eleicoes-dupla-rodrigo-e-renan-mostra-forca-em-visita-ao-agarradinho\/rr-3-5\/'><img loading=\"lazy\" decoding=\"async\" width=\"150\" height=\"150\" src=\"https:\/\/www.sudoestehoje.com.br\/novoportal\/wp-content\/uploads\/2016\/08\/RR-3-2-150x150.jpg\" class=\"attachment-thumbnail size-thumbnail\" alt=\"\" \/><\/a>\n\t\t\t<\/dt><\/dl><br style=\"clear: both\" \/><dl class='gallery-item'>\n\t\t\t<dt class='gallery-icon landscape'>\n\t\t\t\t<a href='https:\/\/www.sudoestehoje.com.br\/novoportal\/2016\/08\/25\/eleicoes-dupla-rodrigo-e-renan-mostra-forca-em-visita-ao-agarradinho\/rr-4-2\/'><img loading=\"lazy\" decoding=\"async\" width=\"150\" height=\"150\" src=\"https:\/\/www.sudoestehoje.com.br\/novoportal\/wp-content\/uploads\/2016\/08\/RR-4-150x150.jpg\" class=\"attachment-thumbnail size-thumbnail\" alt=\"\" \/><\/a>\n\t\t\t<\/dt><\/dl><dl class='gallery-item'>\n\t\t\t<dt class='gallery-icon landscape'>\n\t\t\t\t<a href='https:\/\/www.sudoestehoje.com.br\/novoportal\/2016\/08\/25\/eleicoes-dupla-rodrigo-e-renan-mostra-forca-em-visita-ao-agarradinho\/rr-5-3\/'><img loading=\"lazy\" decoding=\"async\" width=\"150\" height=\"150\" src=\"https:\/\/www.sudoestehoje.com.br\/novoportal\/wp-content\/uploads\/2016\/08\/RR-5-150x150.jpg\" class=\"attachment-thumbnail size-thumbnail\" alt=\"\" \/><\/a>\n\t\t\t<\/dt><\/dl><dl class='gallery-item'>\n\t\t\t<dt class='gallery-icon landscape'>\n\t\t\t\t<a href='https:\/\/www.sudoestehoje.com.br\/novoportal\/2016\/08\/25\/eleicoes-dupla-rodrigo-e-renan-mostra-forca-em-visita-ao-agarradinho\/rr-6-2\/'><img loading=\"lazy\" decoding=\"async\" width=\"150\" height=\"150\" src=\"https:\/\/www.sudoestehoje.com.br\/novoportal\/wp-content\/uploads\/2016\/08\/RR-6-1-150x150.jpg\" class=\"attachment-thumbnail size-thumbnail\" alt=\"\" \/><\/a>\n\t\t\t<\/dt><\/dl><br style=\"clear: both\" \/>\n\t\t<\/div>\n\n<p><strong>CAMINHADA NO S\u00c1BADO<\/strong><\/p>\n<p>Abrindo os grandes eventos desta elei\u00e7\u00e3o, Rodrigo e Renan realizam no pr\u00f3ximo s\u00e1bado uma grande caminhada, com sa\u00edda da Nova Itapetinga e chegada no bairro Primavera, passando pelo Clodoaldo Costa.<\/p>\n<p>A milit\u00e2ncia do 15 est\u00e1 animada e promete comparecer em massa para o esperado evento, que servir\u00e1 de largada para a t\u00e3o esperada vit\u00f3ria em 2 de outubro. <strong><em>Ascom RR<\/em><\/strong><\/p>\n","protected":false},"excerpt":{"rendered":"<p>Mais uma vez o candidato Rodrigo Hagge mostrou a for\u00e7a da oposi\u00e7\u00e3o no corpo a corpo que realizou na tarde desta quarta-feira, ao N\u00facleo Habitacional Osvaldo Brito, conhecido popularmente como &#8220;Agarradinho&#8221;, localizado entre a Nova Itapetinga e o Clodoaldo Costa. Ao lado do seu vice Renan Pereira, candidatos a vereador, militantes e apoiadores, Rodrigo percorreu [&hellip;]<\/p>\n","protected":false},"author":2,"featured_media":0,"comment_status":"open","ping_status":"open","sticky":false,"template":"","format":"standard","meta":{"footnotes":"","_links_to":"","_links_to_target":""},"categories":[1],"tags":[],"class_list":["post-59873","post","type-post","status-publish","format-standard","hentry","category-geral"],"views":1513,"_links":{"self":[{"href":"https:\/\/www.sudoestehoje.com.br\/novoportal\/wp-json\/wp\/v2\/posts\/59873","targetHints":{"allow":["GET"]}}],"collection":[{"href":"https:\/\/www.sudoestehoje.com.br\/novoportal\/wp-json\/wp\/v2\/posts"}],"about":[{"href":"https:\/\/www.sudoestehoje.com.br\/novoportal\/wp-json\/wp\/v2\/types\/post"}],"author":[{"embeddable":true,"href":"https:\/\/www.sudoestehoje.com.br\/novoportal\/wp-json\/wp\/v2\/users\/2"}],"replies":[{"embeddable":true,"href":"https:\/\/www.sudoestehoje.com.br\/novoportal\/wp-json\/wp\/v2\/comments?post=59873"}],"version-history":[{"count":4,"href":"https:\/\/www.sudoestehoje.com.br\/novoportal\/wp-json\/wp\/v2\/posts\/59873\/revisions"}],"predecessor-version":[{"id":59900,"href":"https:\/\/www.sudoestehoje.com.br\/novoportal\/wp-json\/wp\/v2\/posts\/59873\/revisions\/59900"}],"wp:attachment":[{"href":"https:\/\/www.sudoestehoje.com.br\/novoportal\/wp-json\/wp\/v2\/media?parent=59873"}],"wp:term":[{"taxonomy":"category","embeddable":true,"href":"https:\/\/www.sudoestehoje.com.br\/novoportal\/wp-json\/wp\/v2\/categories?post=59873"},{"taxonomy":"post_tag","embeddable":true,"href":"https:\/\/www.sudoestehoje.com.br\/novoportal\/wp-json\/wp\/v2\/tags?post=59873"}],"curies":[{"name":"wp","href":"https:\/\/api.w.org\/{rel}","templated":true}]}}