
{"id":59861,"date":"2016-08-24T08:30:03","date_gmt":"2016-08-24T11:30:03","guid":{"rendered":"http:\/\/www.sudoestehoje.com.br\/novoportal\/?p=59861"},"modified":"2016-08-25T22:24:06","modified_gmt":"2016-08-26T01:24:06","slug":"eleicoes-visita-de-rodrigo-e-renan-leva-esperanca-ao-clodoaldo-cosa","status":"publish","type":"post","link":"https:\/\/www.sudoestehoje.com.br\/novoportal\/2016\/08\/24\/eleicoes-visita-de-rodrigo-e-renan-leva-esperanca-ao-clodoaldo-cosa\/","title":{"rendered":"ELEI\u00c7\u00d5ES: VISITA DE RODRIGO E RENAN LEVA ESPERAN\u00c7A AO CLODOALDO COSTA"},"content":{"rendered":"<p><a href=\"http:\/\/www.sudoestehoje.com.br\/novoportal\/wp-content\/uploads\/2016\/08\/rr-1.jpg\" rel=\"attachment wp-att-59862\"><img loading=\"lazy\" decoding=\"async\" class=\"aligncenter size-medium wp-image-59862\" src=\"http:\/\/www.sudoestehoje.com.br\/novoportal\/wp-content\/uploads\/2016\/08\/rr-1-500x292.jpg\" alt=\"rr 1\" width=\"500\" height=\"292\" srcset=\"https:\/\/www.sudoestehoje.com.br\/novoportal\/wp-content\/uploads\/2016\/08\/rr-1-500x292.jpg 500w, https:\/\/www.sudoestehoje.com.br\/novoportal\/wp-content\/uploads\/2016\/08\/rr-1-768x449.jpg 768w, https:\/\/www.sudoestehoje.com.br\/novoportal\/wp-content\/uploads\/2016\/08\/rr-1-700x409.jpg 700w, https:\/\/www.sudoestehoje.com.br\/novoportal\/wp-content\/uploads\/2016\/08\/rr-1.jpg 960w\" sizes=\"auto, (max-width: 500px) 100vw, 500px\" \/><\/a><\/p>\n<p>O corpo a corpo dos candidatos da oposi\u00e7\u00e3o, Rodrigo e Renan, foi recebido com muita alegria e esperan\u00e7a pelos moradores do bairro Clodoaldo Costa, na tarde desta ter\u00e7a-feira (23), quando uma legi\u00e3o de apoiadores, candidatos a vereador e militantes do PMDB\/DEM visitaram o bairro.<\/p>\n<p><a href=\"http:\/\/www.sudoestehoje.com.br\/novoportal\/wp-content\/uploads\/2016\/08\/rr-2.jpg\" rel=\"attachment wp-att-59863\"><img loading=\"lazy\" decoding=\"async\" class=\"aligncenter size-medium wp-image-59863\" src=\"http:\/\/www.sudoestehoje.com.br\/novoportal\/wp-content\/uploads\/2016\/08\/rr-2-500x303.jpg\" alt=\"rr 2\" width=\"500\" height=\"303\" srcset=\"https:\/\/www.sudoestehoje.com.br\/novoportal\/wp-content\/uploads\/2016\/08\/rr-2-500x303.jpg 500w, https:\/\/www.sudoestehoje.com.br\/novoportal\/wp-content\/uploads\/2016\/08\/rr-2-768x465.jpg 768w, https:\/\/www.sudoestehoje.com.br\/novoportal\/wp-content\/uploads\/2016\/08\/rr-2-700x424.jpg 700w, https:\/\/www.sudoestehoje.com.br\/novoportal\/wp-content\/uploads\/2016\/08\/rr-2.jpg 960w\" sizes=\"auto, (max-width: 500px) 100vw, 500px\" \/><\/a><\/p>\n<p>Apesar de relativamente bem estruturado, por m\u00e9rito de administra\u00e7\u00f5es anteriores \u00e0 atual, o Clodoaldo Costa tem uma extensa pauta de reivindica\u00e7\u00f5es, passando por sa\u00fade, educa\u00e7\u00e3o, lazer e, principalmente, seguran\u00e7a. Nos \u00faltimos anos o bairro vem sendo palco de assassinatos de jovens, a maioria deles por envolvimento com o uso e tr\u00e1fico de drogas.<\/p>\n<p><a href=\"http:\/\/www.sudoestehoje.com.br\/novoportal\/wp-content\/uploads\/2016\/08\/rr-3.jpg\" rel=\"attachment wp-att-59864\"><img loading=\"lazy\" decoding=\"async\" class=\"aligncenter size-medium wp-image-59864\" src=\"http:\/\/www.sudoestehoje.com.br\/novoportal\/wp-content\/uploads\/2016\/08\/rr-3-500x331.jpg\" alt=\"rr 3\" width=\"500\" height=\"331\" srcset=\"https:\/\/www.sudoestehoje.com.br\/novoportal\/wp-content\/uploads\/2016\/08\/rr-3-500x331.jpg 500w, https:\/\/www.sudoestehoje.com.br\/novoportal\/wp-content\/uploads\/2016\/08\/rr-3-768x508.jpg 768w, https:\/\/www.sudoestehoje.com.br\/novoportal\/wp-content\/uploads\/2016\/08\/rr-3-700x463.jpg 700w, https:\/\/www.sudoestehoje.com.br\/novoportal\/wp-content\/uploads\/2016\/08\/rr-3.jpg 960w\" sizes=\"auto, (max-width: 500px) 100vw, 500px\" \/><\/a><\/p>\n<p>Rodrigo e Renan ouviram atentamente as demandas dos moradores do bairro e garantiram, caso eleitos, encontrar solu\u00e7\u00f5es para as quest\u00f5es mais urgentes da popula\u00e7\u00e3o do Clodoaldo.<\/p>\n<p><a href=\"http:\/\/www.sudoestehoje.com.br\/novoportal\/wp-content\/uploads\/2016\/08\/rr-4.jpg\" rel=\"attachment wp-att-59865\"><img loading=\"lazy\" decoding=\"async\" class=\"aligncenter size-medium wp-image-59865\" src=\"http:\/\/www.sudoestehoje.com.br\/novoportal\/wp-content\/uploads\/2016\/08\/rr-4-500x331.jpg\" alt=\"rr 4\" width=\"500\" height=\"331\" srcset=\"https:\/\/www.sudoestehoje.com.br\/novoportal\/wp-content\/uploads\/2016\/08\/rr-4-500x331.jpg 500w, https:\/\/www.sudoestehoje.com.br\/novoportal\/wp-content\/uploads\/2016\/08\/rr-4-768x508.jpg 768w, https:\/\/www.sudoestehoje.com.br\/novoportal\/wp-content\/uploads\/2016\/08\/rr-4-700x463.jpg 700w, https:\/\/www.sudoestehoje.com.br\/novoportal\/wp-content\/uploads\/2016\/08\/rr-4.jpg 960w\" sizes=\"auto, (max-width: 500px) 100vw, 500px\" \/><\/a><\/p>\n<p>Uma antiga reivindica\u00e7\u00e3o dos moradores \u00e9 a revitaliza\u00e7\u00e3o da &#8216;Pracinha do Forr\u00f3&#8217;, que foi totalmente abandonada pelo atual prefeito e que vem servindo de espa\u00e7o para o uso de drogas, dado \u00e0 sua depreda\u00e7\u00e3o.<\/p>\n<p><a href=\"http:\/\/www.sudoestehoje.com.br\/novoportal\/wp-content\/uploads\/2016\/08\/rr-5.jpg\" rel=\"attachment wp-att-59866\"><img loading=\"lazy\" decoding=\"async\" class=\"aligncenter size-medium wp-image-59866\" src=\"http:\/\/www.sudoestehoje.com.br\/novoportal\/wp-content\/uploads\/2016\/08\/rr-5-500x427.jpg\" alt=\"rr 5\" width=\"500\" height=\"427\" srcset=\"https:\/\/www.sudoestehoje.com.br\/novoportal\/wp-content\/uploads\/2016\/08\/rr-5-500x427.jpg 500w, https:\/\/www.sudoestehoje.com.br\/novoportal\/wp-content\/uploads\/2016\/08\/rr-5-768x655.jpg 768w, https:\/\/www.sudoestehoje.com.br\/novoportal\/wp-content\/uploads\/2016\/08\/rr-5-700x597.jpg 700w, https:\/\/www.sudoestehoje.com.br\/novoportal\/wp-content\/uploads\/2016\/08\/rr-5.jpg 960w\" sizes=\"auto, (max-width: 500px) 100vw, 500px\" \/><\/a><\/p>\n<p>Como j\u00e1 vinha ocorrendo em outras visitas aos bairros, o corpo a corpo do Clodoaldo se transformou em uma verdadeira &#8216;caminhada&#8217;, pelo grande n\u00famero de participantes, cada vez crescente.<\/p>\n<p>HOJE \u00c9 NO &#8216;AGARRADINHO&#8217;<\/p>\n<p>Nesta quarta a dupla RR visita o &#8216;Agarradinho&#8217;, conjunto habitacional constru\u00eddo na primeira administra\u00e7\u00e3o de Michel Hagge, para os servidores municipais.<strong><em> Ascom\u00a0<\/em><\/strong><\/p>\n<p><span style=\"text-decoration: underline;\"><span style=\"color: #0000ff;\"><a style=\"color: #0000ff; text-decoration: underline;\" href=\"https:\/\/www.facebook.com\/photo.php?fbid=170369723390139&amp;set=pcb.170370666723378&amp;type=3&amp;theater\">MAIS FOTOS&#8230;<\/a><\/span><\/span><\/p>\n","protected":false},"excerpt":{"rendered":"<p>O corpo a corpo dos candidatos da oposi\u00e7\u00e3o, Rodrigo e Renan, foi recebido com muita alegria e esperan\u00e7a pelos moradores do bairro Clodoaldo Costa, na tarde desta ter\u00e7a-feira (23), quando uma legi\u00e3o de apoiadores, candidatos a vereador e militantes do PMDB\/DEM visitaram o bairro. Apesar de relativamente bem estruturado, por m\u00e9rito de administra\u00e7\u00f5es anteriores \u00e0 [&hellip;]<\/p>\n","protected":false},"author":2,"featured_media":0,"comment_status":"open","ping_status":"open","sticky":false,"template":"","format":"standard","meta":{"footnotes":"","_links_to":"","_links_to_target":""},"categories":[1],"tags":[],"class_list":["post-59861","post","type-post","status-publish","format-standard","hentry","category-geral"],"views":1604,"_links":{"self":[{"href":"https:\/\/www.sudoestehoje.com.br\/novoportal\/wp-json\/wp\/v2\/posts\/59861","targetHints":{"allow":["GET"]}}],"collection":[{"href":"https:\/\/www.sudoestehoje.com.br\/novoportal\/wp-json\/wp\/v2\/posts"}],"about":[{"href":"https:\/\/www.sudoestehoje.com.br\/novoportal\/wp-json\/wp\/v2\/types\/post"}],"author":[{"embeddable":true,"href":"https:\/\/www.sudoestehoje.com.br\/novoportal\/wp-json\/wp\/v2\/users\/2"}],"replies":[{"embeddable":true,"href":"https:\/\/www.sudoestehoje.com.br\/novoportal\/wp-json\/wp\/v2\/comments?post=59861"}],"version-history":[{"count":4,"href":"https:\/\/www.sudoestehoje.com.br\/novoportal\/wp-json\/wp\/v2\/posts\/59861\/revisions"}],"predecessor-version":[{"id":59911,"href":"https:\/\/www.sudoestehoje.com.br\/novoportal\/wp-json\/wp\/v2\/posts\/59861\/revisions\/59911"}],"wp:attachment":[{"href":"https:\/\/www.sudoestehoje.com.br\/novoportal\/wp-json\/wp\/v2\/media?parent=59861"}],"wp:term":[{"taxonomy":"category","embeddable":true,"href":"https:\/\/www.sudoestehoje.com.br\/novoportal\/wp-json\/wp\/v2\/categories?post=59861"},{"taxonomy":"post_tag","embeddable":true,"href":"https:\/\/www.sudoestehoje.com.br\/novoportal\/wp-json\/wp\/v2\/tags?post=59861"}],"curies":[{"name":"wp","href":"https:\/\/api.w.org\/{rel}","templated":true}]}}