
{"id":59847,"date":"2016-08-23T23:38:14","date_gmt":"2016-08-24T02:38:14","guid":{"rendered":"http:\/\/www.sudoestehoje.com.br\/novoportal\/?p=59847"},"modified":"2016-08-23T23:38:14","modified_gmt":"2016-08-24T02:38:14","slug":"eleicoes-multidao-acompanha-corpo-a-corpo-da-coligacao-novo-tempo-no-americo-nogueira","status":"publish","type":"post","link":"https:\/\/www.sudoestehoje.com.br\/novoportal\/2016\/08\/23\/eleicoes-multidao-acompanha-corpo-a-corpo-da-coligacao-novo-tempo-no-americo-nogueira\/","title":{"rendered":"ELEI\u00c7\u00d5ES: MULTID\u00c3O ACOMPANHA CORPO A CORPO DA COLIGA\u00c7\u00c3O &#8220;NOVO TEMPO&#8221; NO AM\u00c9RICO NOGUEIRA"},"content":{"rendered":"<p><a href=\"http:\/\/www.sudoestehoje.com.br\/novoportal\/wp-content\/uploads\/2016\/08\/t-1.jpg\" rel=\"attachment wp-att-59848\"><img loading=\"lazy\" decoding=\"async\" class=\"aligncenter size-medium wp-image-59848\" src=\"http:\/\/www.sudoestehoje.com.br\/novoportal\/wp-content\/uploads\/2016\/08\/t-1-500x333.jpg\" alt=\"t 1\" width=\"500\" height=\"333\" srcset=\"https:\/\/www.sudoestehoje.com.br\/novoportal\/wp-content\/uploads\/2016\/08\/t-1-500x333.jpg 500w, https:\/\/www.sudoestehoje.com.br\/novoportal\/wp-content\/uploads\/2016\/08\/t-1-768x512.jpg 768w, https:\/\/www.sudoestehoje.com.br\/novoportal\/wp-content\/uploads\/2016\/08\/t-1-700x467.jpg 700w, https:\/\/www.sudoestehoje.com.br\/novoportal\/wp-content\/uploads\/2016\/08\/t-1.jpg 960w\" sizes=\"auto, (max-width: 500px) 100vw, 500px\" \/><\/a><\/p>\n<p>Uma multid\u00e3o de populares, l\u00edderes comunit\u00e1rios e candidatos a vereador acompanhou a caminhada do candidato \u00e0 prefeito Hilderico Nogueira o &#8216;Tiquinho&#8217; (PDT) e do Vice L\u00e9o Matos (PR), nesta ter\u00e7a feira, 23 de agosto.<\/p>\n<p>A aproxima\u00e7\u00e3o com a popula\u00e7\u00e3o no corpo a corpo j\u00e1 \u00e9 rotina na agenda da campanha.<\/p>\n<p>Na caminhada pelo Am\u00e9rico Nogueira a moradora do bairro e dona de casa Marta Oliveira, 53, disse que o contato com os candidatos \u00e9 importante para conhecer de perto as inten\u00e7\u00f5es dos postulantes.\u00a0\u201cOuvir e olhar o candidato cara a cara ajuda a decidir em quem queremos votar\u201d, avaliou.<\/p>\n<p>A recep\u00e7\u00e3o sempre calorosa dos populares por onde a &#8216;Caravana do 12&#8217; tem passado, estimula cada vez mais o candidato Tiquinho. <strong><em>Ascom PR<\/em><\/strong><\/p>\n\n\t\t<style type=\"text\/css\">\n\t\t\t#gallery-1 {\n\t\t\t\tmargin: auto;\n\t\t\t}\n\t\t\t#gallery-1 .gallery-item {\n\t\t\t\tfloat: left;\n\t\t\t\tmargin-top: 10px;\n\t\t\t\ttext-align: center;\n\t\t\t\twidth: 33%;\n\t\t\t}\n\t\t\t#gallery-1 img {\n\t\t\t\tborder: 2px solid #cfcfcf;\n\t\t\t}\n\t\t\t#gallery-1 .gallery-caption {\n\t\t\t\tmargin-left: 0;\n\t\t\t}\n\t\t\t\/* see gallery_shortcode() in wp-includes\/media.php *\/\n\t\t<\/style>\n\t\t<div id='gallery-1' class='gallery galleryid-59847 gallery-columns-3 gallery-size-thumbnail'><dl class='gallery-item'>\n\t\t\t<dt class='gallery-icon landscape'>\n\t\t\t\t<a href='https:\/\/www.sudoestehoje.com.br\/novoportal\/2016\/08\/23\/eleicoes-multidao-acompanha-corpo-a-corpo-da-coligacao-novo-tempo-no-americo-nogueira\/t-8\/'><img loading=\"lazy\" decoding=\"async\" width=\"150\" height=\"150\" src=\"https:\/\/www.sudoestehoje.com.br\/novoportal\/wp-content\/uploads\/2016\/08\/t-8-150x150.jpg\" class=\"attachment-thumbnail size-thumbnail\" alt=\"\" \/><\/a>\n\t\t\t<\/dt><\/dl><dl class='gallery-item'>\n\t\t\t<dt class='gallery-icon landscape'>\n\t\t\t\t<a href='https:\/\/www.sudoestehoje.com.br\/novoportal\/2016\/08\/23\/eleicoes-multidao-acompanha-corpo-a-corpo-da-coligacao-novo-tempo-no-americo-nogueira\/t-9\/'><img loading=\"lazy\" decoding=\"async\" width=\"150\" height=\"150\" src=\"https:\/\/www.sudoestehoje.com.br\/novoportal\/wp-content\/uploads\/2016\/08\/t-9-150x150.jpg\" class=\"attachment-thumbnail size-thumbnail\" alt=\"\" \/><\/a>\n\t\t\t<\/dt><\/dl><dl class='gallery-item'>\n\t\t\t<dt class='gallery-icon landscape'>\n\t\t\t\t<a href='https:\/\/www.sudoestehoje.com.br\/novoportal\/2016\/08\/23\/eleicoes-multidao-acompanha-corpo-a-corpo-da-coligacao-novo-tempo-no-americo-nogueira\/t-10-2\/'><img loading=\"lazy\" decoding=\"async\" width=\"150\" height=\"150\" src=\"https:\/\/www.sudoestehoje.com.br\/novoportal\/wp-content\/uploads\/2016\/08\/t-10-150x150.jpg\" class=\"attachment-thumbnail size-thumbnail\" alt=\"\" \/><\/a>\n\t\t\t<\/dt><\/dl><br style=\"clear: both\" \/><dl class='gallery-item'>\n\t\t\t<dt class='gallery-icon landscape'>\n\t\t\t\t<a href='https:\/\/www.sudoestehoje.com.br\/novoportal\/2016\/08\/23\/eleicoes-multidao-acompanha-corpo-a-corpo-da-coligacao-novo-tempo-no-americo-nogueira\/t-7\/'><img loading=\"lazy\" decoding=\"async\" width=\"150\" height=\"150\" src=\"https:\/\/www.sudoestehoje.com.br\/novoportal\/wp-content\/uploads\/2016\/08\/t-7-150x150.jpg\" class=\"attachment-thumbnail size-thumbnail\" alt=\"\" \/><\/a>\n\t\t\t<\/dt><\/dl><dl class='gallery-item'>\n\t\t\t<dt class='gallery-icon landscape'>\n\t\t\t\t<a href='https:\/\/www.sudoestehoje.com.br\/novoportal\/2016\/08\/23\/eleicoes-multidao-acompanha-corpo-a-corpo-da-coligacao-novo-tempo-no-americo-nogueira\/t-6\/'><img loading=\"lazy\" decoding=\"async\" width=\"150\" height=\"150\" src=\"https:\/\/www.sudoestehoje.com.br\/novoportal\/wp-content\/uploads\/2016\/08\/t-6-150x150.jpg\" class=\"attachment-thumbnail size-thumbnail\" alt=\"\" \/><\/a>\n\t\t\t<\/dt><\/dl><dl class='gallery-item'>\n\t\t\t<dt class='gallery-icon landscape'>\n\t\t\t\t<a href='https:\/\/www.sudoestehoje.com.br\/novoportal\/2016\/08\/23\/eleicoes-multidao-acompanha-corpo-a-corpo-da-coligacao-novo-tempo-no-americo-nogueira\/t-4\/'><img loading=\"lazy\" decoding=\"async\" width=\"150\" height=\"150\" src=\"https:\/\/www.sudoestehoje.com.br\/novoportal\/wp-content\/uploads\/2016\/08\/t-4-150x150.jpg\" class=\"attachment-thumbnail size-thumbnail\" alt=\"\" \/><\/a>\n\t\t\t<\/dt><\/dl><br style=\"clear: both\" \/><dl class='gallery-item'>\n\t\t\t<dt class='gallery-icon landscape'>\n\t\t\t\t<a href='https:\/\/www.sudoestehoje.com.br\/novoportal\/2016\/08\/23\/eleicoes-multidao-acompanha-corpo-a-corpo-da-coligacao-novo-tempo-no-americo-nogueira\/t-3\/'><img loading=\"lazy\" decoding=\"async\" width=\"150\" height=\"150\" src=\"https:\/\/www.sudoestehoje.com.br\/novoportal\/wp-content\/uploads\/2016\/08\/t-3-150x150.jpg\" class=\"attachment-thumbnail size-thumbnail\" alt=\"\" \/><\/a>\n\t\t\t<\/dt><\/dl><dl class='gallery-item'>\n\t\t\t<dt class='gallery-icon landscape'>\n\t\t\t\t<a href='https:\/\/www.sudoestehoje.com.br\/novoportal\/2016\/08\/23\/eleicoes-multidao-acompanha-corpo-a-corpo-da-coligacao-novo-tempo-no-americo-nogueira\/t-2-2\/'><img loading=\"lazy\" decoding=\"async\" width=\"150\" height=\"150\" src=\"https:\/\/www.sudoestehoje.com.br\/novoportal\/wp-content\/uploads\/2016\/08\/t-2-150x150.jpg\" class=\"attachment-thumbnail size-thumbnail\" alt=\"\" \/><\/a>\n\t\t\t<\/dt><\/dl><dl class='gallery-item'>\n\t\t\t<dt class='gallery-icon landscape'>\n\t\t\t\t<a href='https:\/\/www.sudoestehoje.com.br\/novoportal\/2016\/08\/23\/eleicoes-multidao-acompanha-corpo-a-corpo-da-coligacao-novo-tempo-no-americo-nogueira\/t-1-2\/'><img loading=\"lazy\" decoding=\"async\" width=\"150\" height=\"150\" src=\"https:\/\/www.sudoestehoje.com.br\/novoportal\/wp-content\/uploads\/2016\/08\/t-1-150x150.jpg\" class=\"attachment-thumbnail size-thumbnail\" alt=\"\" \/><\/a>\n\t\t\t<\/dt><\/dl><br style=\"clear: both\" \/>\n\t\t<\/div>\n\n","protected":false},"excerpt":{"rendered":"<p>Uma multid\u00e3o de populares, l\u00edderes comunit\u00e1rios e candidatos a vereador acompanhou a caminhada do candidato \u00e0 prefeito Hilderico Nogueira o &#8216;Tiquinho&#8217; (PDT) e do Vice L\u00e9o Matos (PR), nesta ter\u00e7a feira, 23 de agosto. A aproxima\u00e7\u00e3o com a popula\u00e7\u00e3o no corpo a corpo j\u00e1 \u00e9 rotina na agenda da campanha. Na caminhada pelo Am\u00e9rico Nogueira [&hellip;]<\/p>\n","protected":false},"author":2,"featured_media":0,"comment_status":"open","ping_status":"open","sticky":false,"template":"","format":"standard","meta":{"footnotes":"","_links_to":"","_links_to_target":""},"categories":[1],"tags":[],"class_list":["post-59847","post","type-post","status-publish","format-standard","hentry","category-geral"],"views":1563,"_links":{"self":[{"href":"https:\/\/www.sudoestehoje.com.br\/novoportal\/wp-json\/wp\/v2\/posts\/59847","targetHints":{"allow":["GET"]}}],"collection":[{"href":"https:\/\/www.sudoestehoje.com.br\/novoportal\/wp-json\/wp\/v2\/posts"}],"about":[{"href":"https:\/\/www.sudoestehoje.com.br\/novoportal\/wp-json\/wp\/v2\/types\/post"}],"author":[{"embeddable":true,"href":"https:\/\/www.sudoestehoje.com.br\/novoportal\/wp-json\/wp\/v2\/users\/2"}],"replies":[{"embeddable":true,"href":"https:\/\/www.sudoestehoje.com.br\/novoportal\/wp-json\/wp\/v2\/comments?post=59847"}],"version-history":[{"count":2,"href":"https:\/\/www.sudoestehoje.com.br\/novoportal\/wp-json\/wp\/v2\/posts\/59847\/revisions"}],"predecessor-version":[{"id":59859,"href":"https:\/\/www.sudoestehoje.com.br\/novoportal\/wp-json\/wp\/v2\/posts\/59847\/revisions\/59859"}],"wp:attachment":[{"href":"https:\/\/www.sudoestehoje.com.br\/novoportal\/wp-json\/wp\/v2\/media?parent=59847"}],"wp:term":[{"taxonomy":"category","embeddable":true,"href":"https:\/\/www.sudoestehoje.com.br\/novoportal\/wp-json\/wp\/v2\/categories?post=59847"},{"taxonomy":"post_tag","embeddable":true,"href":"https:\/\/www.sudoestehoje.com.br\/novoportal\/wp-json\/wp\/v2\/tags?post=59847"}],"curies":[{"name":"wp","href":"https:\/\/api.w.org\/{rel}","templated":true}]}}