
{"id":59829,"date":"2016-08-23T14:16:48","date_gmt":"2016-08-23T17:16:48","guid":{"rendered":"http:\/\/www.sudoestehoje.com.br\/novoportal\/?p=59829"},"modified":"2016-08-23T21:30:19","modified_gmt":"2016-08-24T00:30:19","slug":"confira-imagens-dos-segurancas-de-rui-costa-agredindo-professores-da-uesb","status":"publish","type":"post","link":"https:\/\/www.sudoestehoje.com.br\/novoportal\/2016\/08\/23\/confira-imagens-dos-segurancas-de-rui-costa-agredindo-professores-da-uesb\/","title":{"rendered":"CONFIRA IMAGENS DOS SEGURAN\u00c7AS DE RUI COSTA AGREDINDO PROFESSORES DA UESB"},"content":{"rendered":"<p><a href=\"http:\/\/www.sudoestehoje.com.br\/novoportal\/wp-content\/uploads\/2016\/08\/REGINALDO-1.jpg\" rel=\"attachment wp-att-59832\"><img loading=\"lazy\" decoding=\"async\" class=\"aligncenter size-medium wp-image-59832\" src=\"http:\/\/www.sudoestehoje.com.br\/novoportal\/wp-content\/uploads\/2016\/08\/REGINALDO-1-500x334.jpg\" alt=\"REGINALDO\" width=\"500\" height=\"334\" srcset=\"https:\/\/www.sudoestehoje.com.br\/novoportal\/wp-content\/uploads\/2016\/08\/REGINALDO-1-500x334.jpg 500w, https:\/\/www.sudoestehoje.com.br\/novoportal\/wp-content\/uploads\/2016\/08\/REGINALDO-1.jpg 640w\" sizes=\"auto, (max-width: 500px) 100vw, 500px\" \/><\/a>VIT\u00d3RIA DA CONQUISTA &#8211; Na manh\u00e3 desta segunda-feira (22), o governador Rui Costa cumpria agenda de inaugura\u00e7\u00f5es em Vit\u00f3ria da Conquista, onde deparou com um protesto pac\u00edfico de professores da Uesb e outros movimentos. Inexplicavelmente, seguran\u00e7as do governador passaram a agredir alguns manifestantes, inclusive professores da Uesb.<\/p>\n<p>O Blog da Resenha Geral teve acesso \u00e0s imagens exclusivas que mostram o exato momento que um dos <a href=\"http:\/\/www.blogdaresenhageral.com.br\/governador-e-recebido-sob-vais-em-vitoria-da-conquista\/\">seguran\u00e7as do governador Rui Costa agride professores<\/a> da Universidade Estadual do Sudoeste da Bahia (Uesb).<\/p>\n<p><a href=\"http:\/\/www.sudoestehoje.com.br\/novoportal\/wp-content\/uploads\/2016\/08\/Adusb-P-1024x566.png\" rel=\"attachment wp-att-59835\"><img loading=\"lazy\" decoding=\"async\" class=\"aligncenter size-medium wp-image-59835\" src=\"http:\/\/www.sudoestehoje.com.br\/novoportal\/wp-content\/uploads\/2016\/08\/Adusb-P-1024x566-500x276.png\" alt=\"Adusb-P-1024x566\" width=\"500\" height=\"276\" srcset=\"https:\/\/www.sudoestehoje.com.br\/novoportal\/wp-content\/uploads\/2016\/08\/Adusb-P-1024x566-500x276.png 500w, https:\/\/www.sudoestehoje.com.br\/novoportal\/wp-content\/uploads\/2016\/08\/Adusb-P-1024x566-768x425.png 768w, https:\/\/www.sudoestehoje.com.br\/novoportal\/wp-content\/uploads\/2016\/08\/Adusb-P-1024x566-700x387.png 700w, https:\/\/www.sudoestehoje.com.br\/novoportal\/wp-content\/uploads\/2016\/08\/Adusb-P-1024x566.png 1024w\" sizes=\"auto, (max-width: 500px) 100vw, 500px\" \/><\/a><\/p>\n<p>Nas imagens \u00e9 poss\u00edvel ver um professor Reginaldo de Souza Silva desmaiado ap\u00f3s receber um estrangulamento de um seguran\u00e7a. Em seguida, outro seguran\u00e7a, que ainda n\u00e3o teve o nome revelado, discutindo com professores e, em seguida, desferindo socos contra duas professoras. Mesmo passando mal, o professor Reginaldo \u00e9 arrastado pelas roupas pelos seguran\u00e7as do governador Rui Costa. CONFIRA O V\u00cdDEO COMPLETO:<\/p>\n<p><iframe loading=\"lazy\" title=\"Seguran\u00e7as do Governador Rui Costa agridem professores\" width=\"500\" height=\"375\" src=\"https:\/\/www.youtube.com\/embed\/BsHftDUDTqQ?feature=oembed\" frameborder=\"0\" allow=\"accelerometer; autoplay; clipboard-write; encrypted-media; gyroscope; picture-in-picture; web-share\" referrerpolicy=\"strict-origin-when-cross-origin\" allowfullscreen><\/iframe><\/p>\n<p><strong>Boletim<\/strong><\/p>\n<p>Ap\u00f3s a agress\u00e3o sofrida pelos professores, os dirigentes da Associa\u00e7\u00e3o dos Docentes da Universidade Estadual do Sudoeste da Bahia (ADUSB). O professor Reginaldo de Souza Silva e demais v\u00edtimas dos seguran\u00e7as do governador Rui Costa prestaram queixa na delegacia na noite desta segunda-feira (22).<\/p>\n<p>Os professores passaram por exame m\u00e9dico de corpo de delito, para atestarem a agress\u00e3o.<\/p>\n<p>Horas antes da presen\u00e7a dos docentes na delegacia, um dos chefes da seguran\u00e7a do Governador esteve no Disep para registrar ocorr\u00eancia de agress\u00e3o. Ele tamb\u00e9m passou pelo exame de corpo de delito.<\/p>\n<p><strong>Rui foi vaiado e saiu do palanque<\/strong><\/p>\n<p><iframe loading=\"lazy\" title=\"Rui Costa expulso de palanque em Vit\u00f3ria da Conquista\" width=\"500\" height=\"281\" src=\"https:\/\/www.youtube.com\/embed\/o9UuzkToC4w?start=2&#038;feature=oembed\" frameborder=\"0\" allow=\"accelerometer; autoplay; clipboard-write; encrypted-media; gyroscope; picture-in-picture; web-share\" referrerpolicy=\"strict-origin-when-cross-origin\" allowfullscreen><\/iframe><\/p>\n","protected":false},"excerpt":{"rendered":"<p>VIT\u00d3RIA DA CONQUISTA &#8211; Na manh\u00e3 desta segunda-feira (22), o governador Rui Costa cumpria agenda de inaugura\u00e7\u00f5es em Vit\u00f3ria da Conquista, onde deparou com um protesto pac\u00edfico de professores da Uesb e outros movimentos. Inexplicavelmente, seguran\u00e7as do governador passaram a agredir alguns manifestantes, inclusive professores da Uesb. O Blog da Resenha Geral teve acesso \u00e0s [&hellip;]<\/p>\n","protected":false},"author":2,"featured_media":0,"comment_status":"open","ping_status":"open","sticky":false,"template":"","format":"standard","meta":{"footnotes":"","_links_to":"","_links_to_target":""},"categories":[1],"tags":[],"class_list":["post-59829","post","type-post","status-publish","format-standard","hentry","category-geral"],"views":2596,"_links":{"self":[{"href":"https:\/\/www.sudoestehoje.com.br\/novoportal\/wp-json\/wp\/v2\/posts\/59829","targetHints":{"allow":["GET"]}}],"collection":[{"href":"https:\/\/www.sudoestehoje.com.br\/novoportal\/wp-json\/wp\/v2\/posts"}],"about":[{"href":"https:\/\/www.sudoestehoje.com.br\/novoportal\/wp-json\/wp\/v2\/types\/post"}],"author":[{"embeddable":true,"href":"https:\/\/www.sudoestehoje.com.br\/novoportal\/wp-json\/wp\/v2\/users\/2"}],"replies":[{"embeddable":true,"href":"https:\/\/www.sudoestehoje.com.br\/novoportal\/wp-json\/wp\/v2\/comments?post=59829"}],"version-history":[{"count":6,"href":"https:\/\/www.sudoestehoje.com.br\/novoportal\/wp-json\/wp\/v2\/posts\/59829\/revisions"}],"predecessor-version":[{"id":59837,"href":"https:\/\/www.sudoestehoje.com.br\/novoportal\/wp-json\/wp\/v2\/posts\/59829\/revisions\/59837"}],"wp:attachment":[{"href":"https:\/\/www.sudoestehoje.com.br\/novoportal\/wp-json\/wp\/v2\/media?parent=59829"}],"wp:term":[{"taxonomy":"category","embeddable":true,"href":"https:\/\/www.sudoestehoje.com.br\/novoportal\/wp-json\/wp\/v2\/categories?post=59829"},{"taxonomy":"post_tag","embeddable":true,"href":"https:\/\/www.sudoestehoje.com.br\/novoportal\/wp-json\/wp\/v2\/tags?post=59829"}],"curies":[{"name":"wp","href":"https:\/\/api.w.org\/{rel}","templated":true}]}}