
{"id":59812,"date":"2016-08-23T09:41:03","date_gmt":"2016-08-23T12:41:03","guid":{"rendered":"http:\/\/www.sudoestehoje.com.br\/novoportal\/?p=59812"},"modified":"2016-08-23T09:41:03","modified_gmt":"2016-08-23T12:41:03","slug":"eleicoes-rodrigo-e-renan-fecham-a-nova-em-corpo-a-corpo-no-moacir-moura","status":"publish","type":"post","link":"https:\/\/www.sudoestehoje.com.br\/novoportal\/2016\/08\/23\/eleicoes-rodrigo-e-renan-fecham-a-nova-em-corpo-a-corpo-no-moacir-moura\/","title":{"rendered":"ELEI\u00c7\u00d5ES: RODRIGO E RENAN FECHAM A NOVA EM CORPO A CORPO NO MOACIR MOURA"},"content":{"rendered":"<p><a href=\"http:\/\/www.sudoestehoje.com.br\/novoportal\/wp-content\/uploads\/2016\/08\/moa-1.jpg\" rel=\"attachment wp-att-59813\"><img loading=\"lazy\" decoding=\"async\" class=\"aligncenter size-medium wp-image-59813\" src=\"http:\/\/www.sudoestehoje.com.br\/novoportal\/wp-content\/uploads\/2016\/08\/moa-1-500x280.jpg\" alt=\"moa 1\" width=\"500\" height=\"280\" srcset=\"https:\/\/www.sudoestehoje.com.br\/novoportal\/wp-content\/uploads\/2016\/08\/moa-1-500x280.jpg 500w, https:\/\/www.sudoestehoje.com.br\/novoportal\/wp-content\/uploads\/2016\/08\/moa-1-768x430.jpg 768w, https:\/\/www.sudoestehoje.com.br\/novoportal\/wp-content\/uploads\/2016\/08\/moa-1-700x392.jpg 700w, https:\/\/www.sudoestehoje.com.br\/novoportal\/wp-content\/uploads\/2016\/08\/moa-1.jpg 960w\" sizes=\"auto, (max-width: 500px) 100vw, 500px\" \/><\/a><\/p>\n<p>Finalizando o corpo a corpo na Nova Itapetinga, os candidatos da oposi\u00e7\u00e3o, Rodrigo Hagge (PMDB) e Renan Pereira (DEM), visitaram, na tarde desta segunda (22) o Residencial Moacir Moura, conjunto do Minha Casa, Minha Vida, que at\u00e9 a pouco tempo era considerado reduto da situa\u00e7\u00e3o.<\/p>\n<p>Para surpresa dos oposicionistas, os moradores do conjunto habitacional os receberam com muito carinho e anima\u00e7\u00e3o, numa demonstra\u00e7\u00e3o de que o desejo de mudan\u00e7a chegou a todos os cantos da cidade, principalmente nos bairros mais carentes, onde as condi\u00e7\u00f5es de vida da popula\u00e7\u00e3o s\u00e3o mais prec\u00e1rias.<\/p>\n<p>Recebidos de bra\u00e7os abertos pelos moradores, Rodrigo e Renan refor\u00e7aram o convite para a primeira grande caminhada que acontecer\u00e1 no pr\u00f3ximo s\u00e1bado, saindo do pr\u00f3prio Residencial Moacir Moura e das Casas populares, passando por toda a Nova Itapetinga, Clodoaldo Costa e Primavera, onde ser\u00e1 encerrada na Pra\u00e7a M\u00e1rio Rosa.<\/p>\n<p>Mais uma vez o corpo a corpo foi um sucesso, com uma verdadeira multid\u00e3o acompanhando os candidatos a prefeito, vice e vereador, com muita anima\u00e7\u00e3o e espontaneidade. <strong><em>Ascom<\/em><\/strong><\/p>\n\n\t\t<style type=\"text\/css\">\n\t\t\t#gallery-1 {\n\t\t\t\tmargin: auto;\n\t\t\t}\n\t\t\t#gallery-1 .gallery-item {\n\t\t\t\tfloat: left;\n\t\t\t\tmargin-top: 10px;\n\t\t\t\ttext-align: center;\n\t\t\t\twidth: 33%;\n\t\t\t}\n\t\t\t#gallery-1 img {\n\t\t\t\tborder: 2px solid #cfcfcf;\n\t\t\t}\n\t\t\t#gallery-1 .gallery-caption {\n\t\t\t\tmargin-left: 0;\n\t\t\t}\n\t\t\t\/* see gallery_shortcode() in wp-includes\/media.php *\/\n\t\t<\/style>\n\t\t<div id='gallery-1' class='gallery galleryid-59812 gallery-columns-3 gallery-size-thumbnail'><dl class='gallery-item'>\n\t\t\t<dt class='gallery-icon landscape'>\n\t\t\t\t<a href='https:\/\/www.sudoestehoje.com.br\/novoportal\/2016\/08\/23\/eleicoes-rodrigo-e-renan-fecham-a-nova-em-corpo-a-corpo-no-moacir-moura\/moa-5\/'><img loading=\"lazy\" decoding=\"async\" width=\"150\" height=\"150\" src=\"https:\/\/www.sudoestehoje.com.br\/novoportal\/wp-content\/uploads\/2016\/08\/moa-5-150x150.jpg\" class=\"attachment-thumbnail size-thumbnail\" alt=\"\" \/><\/a>\n\t\t\t<\/dt><\/dl><dl class='gallery-item'>\n\t\t\t<dt class='gallery-icon landscape'>\n\t\t\t\t<a href='https:\/\/www.sudoestehoje.com.br\/novoportal\/2016\/08\/23\/eleicoes-rodrigo-e-renan-fecham-a-nova-em-corpo-a-corpo-no-moacir-moura\/moa-4\/'><img loading=\"lazy\" decoding=\"async\" width=\"150\" height=\"150\" src=\"https:\/\/www.sudoestehoje.com.br\/novoportal\/wp-content\/uploads\/2016\/08\/moa-4-150x150.jpg\" class=\"attachment-thumbnail size-thumbnail\" alt=\"\" \/><\/a>\n\t\t\t<\/dt><\/dl><dl class='gallery-item'>\n\t\t\t<dt class='gallery-icon landscape'>\n\t\t\t\t<a href='https:\/\/www.sudoestehoje.com.br\/novoportal\/2016\/08\/23\/eleicoes-rodrigo-e-renan-fecham-a-nova-em-corpo-a-corpo-no-moacir-moura\/moa-3\/'><img loading=\"lazy\" decoding=\"async\" width=\"150\" height=\"150\" src=\"https:\/\/www.sudoestehoje.com.br\/novoportal\/wp-content\/uploads\/2016\/08\/moa-3-150x150.jpg\" class=\"attachment-thumbnail size-thumbnail\" alt=\"\" \/><\/a>\n\t\t\t<\/dt><\/dl><br style=\"clear: both\" \/><dl class='gallery-item'>\n\t\t\t<dt class='gallery-icon landscape'>\n\t\t\t\t<a href='https:\/\/www.sudoestehoje.com.br\/novoportal\/2016\/08\/23\/eleicoes-rodrigo-e-renan-fecham-a-nova-em-corpo-a-corpo-no-moacir-moura\/moa-6\/'><img loading=\"lazy\" decoding=\"async\" width=\"150\" height=\"150\" src=\"https:\/\/www.sudoestehoje.com.br\/novoportal\/wp-content\/uploads\/2016\/08\/moa-6-150x150.jpg\" class=\"attachment-thumbnail size-thumbnail\" alt=\"\" \/><\/a>\n\t\t\t<\/dt><\/dl><dl class='gallery-item'>\n\t\t\t<dt class='gallery-icon landscape'>\n\t\t\t\t<a href='https:\/\/www.sudoestehoje.com.br\/novoportal\/2016\/08\/23\/eleicoes-rodrigo-e-renan-fecham-a-nova-em-corpo-a-corpo-no-moacir-moura\/moa-7\/'><img loading=\"lazy\" decoding=\"async\" width=\"150\" height=\"150\" src=\"https:\/\/www.sudoestehoje.com.br\/novoportal\/wp-content\/uploads\/2016\/08\/moa-7-150x150.jpg\" class=\"attachment-thumbnail size-thumbnail\" alt=\"\" \/><\/a>\n\t\t\t<\/dt><\/dl><dl class='gallery-item'>\n\t\t\t<dt class='gallery-icon landscape'>\n\t\t\t\t<a href='https:\/\/www.sudoestehoje.com.br\/novoportal\/2016\/08\/23\/eleicoes-rodrigo-e-renan-fecham-a-nova-em-corpo-a-corpo-no-moacir-moura\/moa-2-2\/'><img loading=\"lazy\" decoding=\"async\" width=\"150\" height=\"150\" src=\"https:\/\/www.sudoestehoje.com.br\/novoportal\/wp-content\/uploads\/2016\/08\/moa-2-1-150x150.jpg\" class=\"attachment-thumbnail size-thumbnail\" alt=\"\" \/><\/a>\n\t\t\t<\/dt><\/dl><br style=\"clear: both\" \/>\n\t\t<\/div>\n\n","protected":false},"excerpt":{"rendered":"<p>Finalizando o corpo a corpo na Nova Itapetinga, os candidatos da oposi\u00e7\u00e3o, Rodrigo Hagge (PMDB) e Renan Pereira (DEM), visitaram, na tarde desta segunda (22) o Residencial Moacir Moura, conjunto do Minha Casa, Minha Vida, que at\u00e9 a pouco tempo era considerado reduto da situa\u00e7\u00e3o. Para surpresa dos oposicionistas, os moradores do conjunto habitacional os [&hellip;]<\/p>\n","protected":false},"author":2,"featured_media":0,"comment_status":"open","ping_status":"open","sticky":false,"template":"","format":"standard","meta":{"footnotes":"","_links_to":"","_links_to_target":""},"categories":[1],"tags":[],"class_list":["post-59812","post","type-post","status-publish","format-standard","hentry","category-geral"],"views":1417,"_links":{"self":[{"href":"https:\/\/www.sudoestehoje.com.br\/novoportal\/wp-json\/wp\/v2\/posts\/59812","targetHints":{"allow":["GET"]}}],"collection":[{"href":"https:\/\/www.sudoestehoje.com.br\/novoportal\/wp-json\/wp\/v2\/posts"}],"about":[{"href":"https:\/\/www.sudoestehoje.com.br\/novoportal\/wp-json\/wp\/v2\/types\/post"}],"author":[{"embeddable":true,"href":"https:\/\/www.sudoestehoje.com.br\/novoportal\/wp-json\/wp\/v2\/users\/2"}],"replies":[{"embeddable":true,"href":"https:\/\/www.sudoestehoje.com.br\/novoportal\/wp-json\/wp\/v2\/comments?post=59812"}],"version-history":[{"count":2,"href":"https:\/\/www.sudoestehoje.com.br\/novoportal\/wp-json\/wp\/v2\/posts\/59812\/revisions"}],"predecessor-version":[{"id":59822,"href":"https:\/\/www.sudoestehoje.com.br\/novoportal\/wp-json\/wp\/v2\/posts\/59812\/revisions\/59822"}],"wp:attachment":[{"href":"https:\/\/www.sudoestehoje.com.br\/novoportal\/wp-json\/wp\/v2\/media?parent=59812"}],"wp:term":[{"taxonomy":"category","embeddable":true,"href":"https:\/\/www.sudoestehoje.com.br\/novoportal\/wp-json\/wp\/v2\/categories?post=59812"},{"taxonomy":"post_tag","embeddable":true,"href":"https:\/\/www.sudoestehoje.com.br\/novoportal\/wp-json\/wp\/v2\/tags?post=59812"}],"curies":[{"name":"wp","href":"https:\/\/api.w.org\/{rel}","templated":true}]}}