
{"id":59804,"date":"2016-08-23T09:02:20","date_gmt":"2016-08-23T12:02:20","guid":{"rendered":"http:\/\/www.sudoestehoje.com.br\/novoportal\/?p=59804"},"modified":"2016-08-23T09:02:20","modified_gmt":"2016-08-23T12:02:20","slug":"eleicoes-lancamento-da-candidatura-a-vereador-de-marcio-piu-foi-um-grande-sucesso","status":"publish","type":"post","link":"https:\/\/www.sudoestehoje.com.br\/novoportal\/2016\/08\/23\/eleicoes-lancamento-da-candidatura-a-vereador-de-marcio-piu-foi-um-grande-sucesso\/","title":{"rendered":"ELEI\u00c7\u00d5ES: LAN\u00c7AMENTO DA CANDIDATURA A VEREADOR DE MARCIO PIU FOI UM GRANDE SUCESSO"},"content":{"rendered":"<p><a href=\"http:\/\/www.sudoestehoje.com.br\/novoportal\/wp-content\/uploads\/2016\/08\/M-P.jpg\" rel=\"attachment wp-att-59805\"><img loading=\"lazy\" decoding=\"async\" class=\"aligncenter size-medium wp-image-59805\" src=\"http:\/\/www.sudoestehoje.com.br\/novoportal\/wp-content\/uploads\/2016\/08\/M-P-500x333.jpg\" alt=\"M P\" width=\"500\" height=\"333\" srcset=\"https:\/\/www.sudoestehoje.com.br\/novoportal\/wp-content\/uploads\/2016\/08\/M-P-500x333.jpg 500w, https:\/\/www.sudoestehoje.com.br\/novoportal\/wp-content\/uploads\/2016\/08\/M-P-768x511.jpg 768w, https:\/\/www.sudoestehoje.com.br\/novoportal\/wp-content\/uploads\/2016\/08\/M-P-700x466.jpg 700w, https:\/\/www.sudoestehoje.com.br\/novoportal\/wp-content\/uploads\/2016\/08\/M-P.jpg 960w\" sizes=\"auto, (max-width: 500px) 100vw, 500px\" \/><\/a><\/p>\n<p>Na noite do \u00faltimo s\u00e1bado (20), o candidato a vereador M\u00e1rcio Piu (PSC) reuniu no Espa\u00e7o Gospel amigos e familiares para o lan\u00e7amento oficial da sua candidatura.\u00a0Na ocasi\u00e3o estiveram presentes os candidatos a prefeito e vice Al\u00e9cio Chaves (PSD) e Miraldo Mota, al\u00e9m do presidente do partido em Itapetinga, Marcelo Carvalho, em enorme demonstra\u00e7\u00e3o de prestigio a M\u00e1rcio Piu, um nome que tem ganhado muita aceita\u00e7\u00e3o perante a popula\u00e7\u00e3o.<\/p>\n<p><a href=\"http:\/\/www.sudoestehoje.com.br\/novoportal\/wp-content\/uploads\/2016\/08\/M-P-2.jpg\" rel=\"attachment wp-att-59806\"><img loading=\"lazy\" decoding=\"async\" class=\"aligncenter size-medium wp-image-59806\" src=\"http:\/\/www.sudoestehoje.com.br\/novoportal\/wp-content\/uploads\/2016\/08\/M-P-2-500x333.jpg\" alt=\"M P 2\" width=\"500\" height=\"333\" srcset=\"https:\/\/www.sudoestehoje.com.br\/novoportal\/wp-content\/uploads\/2016\/08\/M-P-2-500x333.jpg 500w, https:\/\/www.sudoestehoje.com.br\/novoportal\/wp-content\/uploads\/2016\/08\/M-P-2-768x511.jpg 768w, https:\/\/www.sudoestehoje.com.br\/novoportal\/wp-content\/uploads\/2016\/08\/M-P-2-700x466.jpg 700w, https:\/\/www.sudoestehoje.com.br\/novoportal\/wp-content\/uploads\/2016\/08\/M-P-2.jpg 960w\" sizes=\"auto, (max-width: 500px) 100vw, 500px\" \/><\/a><\/p>\n<p>Amigos que n\u00e3o puderam estar presentes, tais como Netinho do Forro, Pr. M\u00e1rcio Correia (Ibipitanga-ba), Pr. Alisson Bernardino (Santa Catarina), o oncologista Dr. Jos\u00e9 Carlos Ladeia (Vitoria da Conquista), o ortopedista Claudinei (Vitoria da Conquista), falaram do condicional apoio a M\u00e1rcio atrav\u00e9s de v\u00eddeos apresentados durante a cerim\u00f4nia.<\/p>\n<p><a href=\"http:\/\/www.sudoestehoje.com.br\/novoportal\/wp-content\/uploads\/2016\/08\/M-P-1.jpg\" rel=\"attachment wp-att-59807\"><img loading=\"lazy\" decoding=\"async\" class=\"aligncenter size-medium wp-image-59807\" src=\"http:\/\/www.sudoestehoje.com.br\/novoportal\/wp-content\/uploads\/2016\/08\/M-P-1-500x333.jpg\" alt=\"M P 1\" width=\"500\" height=\"333\" srcset=\"https:\/\/www.sudoestehoje.com.br\/novoportal\/wp-content\/uploads\/2016\/08\/M-P-1-500x333.jpg 500w, https:\/\/www.sudoestehoje.com.br\/novoportal\/wp-content\/uploads\/2016\/08\/M-P-1-768x511.jpg 768w, https:\/\/www.sudoestehoje.com.br\/novoportal\/wp-content\/uploads\/2016\/08\/M-P-1-700x466.jpg 700w, https:\/\/www.sudoestehoje.com.br\/novoportal\/wp-content\/uploads\/2016\/08\/M-P-1.jpg 960w\" sizes=\"auto, (max-width: 500px) 100vw, 500px\" \/><\/a><\/p>\n<p>Foram convidados para compor a mesa, al\u00e9m de Piu, a jovem St\u00e9phani Brito, representado as mulheres de nossa cidade; representando a For\u00e7a Jovem, Caroline Matos; Irenildo, Gerente da Camurujipe de Vitoria da Conquista e o presidente do PSC, Marcelo Carvalho.\u00a0Estes, enalteceram a \u00edndole de M\u00e1rcio e falaram da import\u00e2ncia de uma gest\u00e3o participativa a fim de proporcionar uma nova hist\u00f3ria e um novo tempo para Itapetinga.<\/p>\n<p><a href=\"http:\/\/www.sudoestehoje.com.br\/novoportal\/wp-content\/uploads\/2016\/08\/MP5.jpg\" rel=\"attachment wp-att-59809\"><img loading=\"lazy\" decoding=\"async\" class=\"aligncenter size-medium wp-image-59809\" src=\"http:\/\/www.sudoestehoje.com.br\/novoportal\/wp-content\/uploads\/2016\/08\/MP5-500x281.jpg\" alt=\"MP5\" width=\"500\" height=\"281\" srcset=\"https:\/\/www.sudoestehoje.com.br\/novoportal\/wp-content\/uploads\/2016\/08\/MP5-500x281.jpg 500w, https:\/\/www.sudoestehoje.com.br\/novoportal\/wp-content\/uploads\/2016\/08\/MP5-768x432.jpg 768w, https:\/\/www.sudoestehoje.com.br\/novoportal\/wp-content\/uploads\/2016\/08\/MP5-700x394.jpg 700w, https:\/\/www.sudoestehoje.com.br\/novoportal\/wp-content\/uploads\/2016\/08\/MP5.jpg 960w\" sizes=\"auto, (max-width: 500px) 100vw, 500px\" \/><\/a><\/p>\n<p>O professor e candidato a prefeito Al\u00e9cio Chaves e seu vice Miraldo Mota deixaram evidente em suas falas o respaldo da candidatura do jovem M\u00e1rcio e enfatizaram a sua coragem em disponibilizar seu nome para concorrer a uma cadeira na C\u00e2mara de Vereadores do nosso Munic\u00edpio. <strong><em>Ascom<\/em><\/strong><\/p>\n","protected":false},"excerpt":{"rendered":"<p>Na noite do \u00faltimo s\u00e1bado (20), o candidato a vereador M\u00e1rcio Piu (PSC) reuniu no Espa\u00e7o Gospel amigos e familiares para o lan\u00e7amento oficial da sua candidatura.\u00a0Na ocasi\u00e3o estiveram presentes os candidatos a prefeito e vice Al\u00e9cio Chaves (PSD) e Miraldo Mota, al\u00e9m do presidente do partido em Itapetinga, Marcelo Carvalho, em enorme demonstra\u00e7\u00e3o de [&hellip;]<\/p>\n","protected":false},"author":2,"featured_media":0,"comment_status":"open","ping_status":"open","sticky":false,"template":"","format":"standard","meta":{"footnotes":"","_links_to":"","_links_to_target":""},"categories":[1],"tags":[],"class_list":["post-59804","post","type-post","status-publish","format-standard","hentry","category-geral"],"views":2029,"_links":{"self":[{"href":"https:\/\/www.sudoestehoje.com.br\/novoportal\/wp-json\/wp\/v2\/posts\/59804","targetHints":{"allow":["GET"]}}],"collection":[{"href":"https:\/\/www.sudoestehoje.com.br\/novoportal\/wp-json\/wp\/v2\/posts"}],"about":[{"href":"https:\/\/www.sudoestehoje.com.br\/novoportal\/wp-json\/wp\/v2\/types\/post"}],"author":[{"embeddable":true,"href":"https:\/\/www.sudoestehoje.com.br\/novoportal\/wp-json\/wp\/v2\/users\/2"}],"replies":[{"embeddable":true,"href":"https:\/\/www.sudoestehoje.com.br\/novoportal\/wp-json\/wp\/v2\/comments?post=59804"}],"version-history":[{"count":2,"href":"https:\/\/www.sudoestehoje.com.br\/novoportal\/wp-json\/wp\/v2\/posts\/59804\/revisions"}],"predecessor-version":[{"id":59811,"href":"https:\/\/www.sudoestehoje.com.br\/novoportal\/wp-json\/wp\/v2\/posts\/59804\/revisions\/59811"}],"wp:attachment":[{"href":"https:\/\/www.sudoestehoje.com.br\/novoportal\/wp-json\/wp\/v2\/media?parent=59804"}],"wp:term":[{"taxonomy":"category","embeddable":true,"href":"https:\/\/www.sudoestehoje.com.br\/novoportal\/wp-json\/wp\/v2\/categories?post=59804"},{"taxonomy":"post_tag","embeddable":true,"href":"https:\/\/www.sudoestehoje.com.br\/novoportal\/wp-json\/wp\/v2\/tags?post=59804"}],"curies":[{"name":"wp","href":"https:\/\/api.w.org\/{rel}","templated":true}]}}