
{"id":598,"date":"2010-09-23T00:46:31","date_gmt":"2010-09-23T03:46:31","guid":{"rendered":"http:\/\/sudoestehoje.tempsite.ws\/novoportal\/?p=598"},"modified":"2010-09-23T09:46:54","modified_gmt":"2010-09-23T12:46:54","slug":"quem-eu-quero-nao-me-quer","status":"publish","type":"post","link":"https:\/\/www.sudoestehoje.com.br\/novoportal\/2010\/09\/23\/quem-eu-quero-nao-me-quer\/","title":{"rendered":"&#8216;QUEM EU QUERO N\u00c3O ME QUER&#8230;&#8217;"},"content":{"rendered":"<div>\n<div style=\"text-align: center;\"><img decoding=\"async\" src=\"http:\/\/www.samuelcelestino.com.br\/fotos\/editor\/Image\/Carnaval%202010\/dilma_geddel_camarote_prefeitura_campo_grande.jpg\" border=\"0\" alt=\"\" \/><br \/>\nDilma escolheu Wagner e escanteou Geddel: surpresa?<\/div>\n<p>O  candidato ao Governo do Estado pelo PMDB, Geddel Vieira Lima, preterido  pela presidenci\u00e1vel Dilma Rousseff (PT), a quem ele apoia, em favor do  seu concorrente petista Jaques Wagner, devido \u00e0 sua delicada posi\u00e7\u00e3o nas  pesquisas, o incomodou. Em visita a Salvador nesta ter\u00e7a-feira (21),\u00a0a  petista\u00a0<a href=\"http:\/\/www.bahianoticias.com.br\/noticias\/noticia\/2010\/09\/22\/74101,dilma-reafirma-que-na-bahia-prefere-wagner.html\" target=\"_blank\"><strong>assumiu a predile\u00e7\u00e3o por\u00a0Wagner<\/strong><\/a>,  apesar do palanque duplo em seu estado, porque \u201cGeddel atualmente, nas  pesquisas, n\u00e3o est\u00e1 bem situado\u201d. O peemedebista ironizou a declara\u00e7\u00e3o,  em entrevista ao Jornal A Tarde: \u201cA Dilma que eu conheci e apoiei quando  Jos\u00e9 Serra estava com mais de 40% das inten\u00e7\u00f5es de voto nas pesquisas  era uma pessoa muito firme, inclusive porque veio \u00e0 minha conven\u00e7\u00e3o e  concordou com o acordo das dire\u00e7\u00f5es nacionais do PT e PMDB nos estados  (duplo palanque). Se mudou de posi\u00e7\u00e3o, cabe a ela responder\u201d, comentou,  ao assinalar que vai continuar a honrar o acordo. \u201cQuero legar aos meus  filhos o respeito \u00e0 lealdade\u201d, alfinetou. Disse, entretanto, que  \u201centende\u201d as \u201cpress\u00f5es emocionais que ela e o presidente Lula\u201d passam no  momento (para apoiar Wagner), e aproveitou para atacar o advers\u00e1rio,  que precisaria \u201ccada vez mais de um socorrozinho\u201d. Geddel afirmou que,  se for eleito e Dilma tamb\u00e9m, n\u00e3o haver\u00e1 qualquer constrangimento na  rela\u00e7\u00e3o dos dois. \u201cDa minha parte, a parceria com o governo Lula e ela \u00e9  s\u00f3lida\u201d. BN<\/p>\n<\/div>\n","protected":false},"excerpt":{"rendered":"<p>Dilma escolheu Wagner e escanteou Geddel: surpresa? O candidato ao Governo do Estado pelo PMDB, Geddel Vieira Lima, preterido pela presidenci\u00e1vel Dilma Rousseff (PT), a quem ele apoia, em favor do seu concorrente petista Jaques Wagner, devido \u00e0 sua delicada posi\u00e7\u00e3o nas pesquisas, o incomodou. Em visita a Salvador nesta ter\u00e7a-feira (21),\u00a0a petista\u00a0assumiu a predile\u00e7\u00e3o [&hellip;]<\/p>\n","protected":false},"author":1,"featured_media":0,"comment_status":"open","ping_status":"open","sticky":false,"template":"","format":"standard","meta":{"footnotes":"","_links_to":"","_links_to_target":""},"categories":[1],"tags":[],"class_list":["post-598","post","type-post","status-publish","format-standard","hentry","category-geral"],"views":1178,"_links":{"self":[{"href":"https:\/\/www.sudoestehoje.com.br\/novoportal\/wp-json\/wp\/v2\/posts\/598","targetHints":{"allow":["GET"]}}],"collection":[{"href":"https:\/\/www.sudoestehoje.com.br\/novoportal\/wp-json\/wp\/v2\/posts"}],"about":[{"href":"https:\/\/www.sudoestehoje.com.br\/novoportal\/wp-json\/wp\/v2\/types\/post"}],"author":[{"embeddable":true,"href":"https:\/\/www.sudoestehoje.com.br\/novoportal\/wp-json\/wp\/v2\/users\/1"}],"replies":[{"embeddable":true,"href":"https:\/\/www.sudoestehoje.com.br\/novoportal\/wp-json\/wp\/v2\/comments?post=598"}],"version-history":[{"count":1,"href":"https:\/\/www.sudoestehoje.com.br\/novoportal\/wp-json\/wp\/v2\/posts\/598\/revisions"}],"predecessor-version":[{"id":599,"href":"https:\/\/www.sudoestehoje.com.br\/novoportal\/wp-json\/wp\/v2\/posts\/598\/revisions\/599"}],"wp:attachment":[{"href":"https:\/\/www.sudoestehoje.com.br\/novoportal\/wp-json\/wp\/v2\/media?parent=598"}],"wp:term":[{"taxonomy":"category","embeddable":true,"href":"https:\/\/www.sudoestehoje.com.br\/novoportal\/wp-json\/wp\/v2\/categories?post=598"},{"taxonomy":"post_tag","embeddable":true,"href":"https:\/\/www.sudoestehoje.com.br\/novoportal\/wp-json\/wp\/v2\/tags?post=598"}],"curies":[{"name":"wp","href":"https:\/\/api.w.org\/{rel}","templated":true}]}}