
{"id":59784,"date":"2016-08-22T22:17:34","date_gmt":"2016-08-23T01:17:34","guid":{"rendered":"http:\/\/www.sudoestehoje.com.br\/novoportal\/?p=59784"},"modified":"2016-08-23T19:42:28","modified_gmt":"2016-08-23T22:42:28","slug":"itororo-governo-marco-brito-inaugura-primeira-fase-da-reforma-do-hospital-maternidade","status":"publish","type":"post","link":"https:\/\/www.sudoestehoje.com.br\/novoportal\/2016\/08\/22\/itororo-governo-marco-brito-inaugura-primeira-fase-da-reforma-do-hospital-maternidade\/","title":{"rendered":"ITOROR\u00d3: GOVERNO MARCO BRITO INAUGURA PRIMEIRA FASE DA REFORMA DO HOSPITAL MATERNIDADE"},"content":{"rendered":"<p><a href=\"http:\/\/www.sudoestehoje.com.br\/novoportal\/wp-content\/uploads\/2016\/08\/HOSPITAL-ITO.jpg\" rel=\"attachment wp-att-59786\"><img loading=\"lazy\" decoding=\"async\" class=\"aligncenter size-medium wp-image-59786\" src=\"http:\/\/www.sudoestehoje.com.br\/novoportal\/wp-content\/uploads\/2016\/08\/HOSPITAL-ITO-500x333.jpg\" alt=\"HOSPITAL ITO\" width=\"500\" height=\"333\" srcset=\"https:\/\/www.sudoestehoje.com.br\/novoportal\/wp-content\/uploads\/2016\/08\/HOSPITAL-ITO-500x333.jpg 500w, https:\/\/www.sudoestehoje.com.br\/novoportal\/wp-content\/uploads\/2016\/08\/HOSPITAL-ITO-700x467.jpg 700w, https:\/\/www.sudoestehoje.com.br\/novoportal\/wp-content\/uploads\/2016\/08\/HOSPITAL-ITO.jpg 720w\" sizes=\"auto, (max-width: 500px) 100vw, 500px\" \/><\/a><\/p>\n<p>Na manh\u00e3 deste 22 de agosto, dia da emancipa\u00e7\u00e3o pol\u00edtica de Itoror\u00f3, foi entregue \u00e0 popula\u00e7\u00e3o a 1\u00aa etapa da reforma da Funda\u00e7\u00e3o e Maternidade de Itoror\u00f3.\u00a0Ao todo foram entregues 26 leitos divididos entre obstetr\u00edcia, cl\u00ednica m\u00e9dica e cl\u00ednica cir\u00fargica. Foi ainda reformado e climatizado o Posto de Enfermagem, o conforto m\u00e9dico, centro cir\u00fargico e o ber\u00e7\u00e1rio.<\/p>\n<p><a href=\"http:\/\/www.sudoestehoje.com.br\/novoportal\/wp-content\/uploads\/2016\/08\/HOSPITAL-ITO-3.jpg\" rel=\"attachment wp-att-59787\"><img loading=\"lazy\" decoding=\"async\" class=\"aligncenter size-medium wp-image-59787\" src=\"http:\/\/www.sudoestehoje.com.br\/novoportal\/wp-content\/uploads\/2016\/08\/HOSPITAL-ITO-3-500x333.jpg\" alt=\"HOSPITAL ITO 3\" width=\"500\" height=\"333\" srcset=\"https:\/\/www.sudoestehoje.com.br\/novoportal\/wp-content\/uploads\/2016\/08\/HOSPITAL-ITO-3-500x333.jpg 500w, https:\/\/www.sudoestehoje.com.br\/novoportal\/wp-content\/uploads\/2016\/08\/HOSPITAL-ITO-3-700x467.jpg 700w, https:\/\/www.sudoestehoje.com.br\/novoportal\/wp-content\/uploads\/2016\/08\/HOSPITAL-ITO-3.jpg 720w\" sizes=\"auto, (max-width: 500px) 100vw, 500px\" \/><\/a><\/p>\n<p>O evento de inaugura\u00e7\u00e3o contou com a participa\u00e7\u00e3o da popula\u00e7\u00e3o, do deputado federal S\u00e9rgio Brito, da secret\u00e1ria da assist\u00eancia social Dona Dorinha e do secret\u00e1rio de sa\u00fade Dr. Jaime Balthazar, que em seu discurso foi taxativo em afirmar que este \u00e9 apenas o come\u00e7o desta grande reforma.\u00a0Dr. Jaime se emocionou ao afirmar que sofreu junto com a popula\u00e7\u00e3o quando o Hospital n\u00e3o recebia nenhum amparo do antigo governo municipal e que lutar\u00e1 para que muito em breve novos m\u00e9dicos estejam atendendo \u00e0 popula\u00e7\u00e3o.<\/p>\n<p><a href=\"http:\/\/www.sudoestehoje.com.br\/novoportal\/wp-content\/uploads\/2016\/08\/HOSPITAL-ITO-2.jpg\" rel=\"attachment wp-att-59788\"><img loading=\"lazy\" decoding=\"async\" class=\"aligncenter size-medium wp-image-59788\" src=\"http:\/\/www.sudoestehoje.com.br\/novoportal\/wp-content\/uploads\/2016\/08\/HOSPITAL-ITO-2-500x333.jpg\" alt=\"HOSPITAL ITO 2\" width=\"500\" height=\"333\" srcset=\"https:\/\/www.sudoestehoje.com.br\/novoportal\/wp-content\/uploads\/2016\/08\/HOSPITAL-ITO-2-500x333.jpg 500w, https:\/\/www.sudoestehoje.com.br\/novoportal\/wp-content\/uploads\/2016\/08\/HOSPITAL-ITO-2-700x467.jpg 700w, https:\/\/www.sudoestehoje.com.br\/novoportal\/wp-content\/uploads\/2016\/08\/HOSPITAL-ITO-2.jpg 720w\" sizes=\"auto, (max-width: 500px) 100vw, 500px\" \/><\/a><\/p>\n<p>Toda a reforma que v\u00eam sendo realizada no Hospital \u00e9 fruto de uma Emenda do deputado federal S\u00e9rgio Brito, que informou em seu discurso ter proposto novas emendas no Or\u00e7amento da Uni\u00e3o, no valor de 5 milh\u00f5es de reais, que dever\u00e3o ser utilizadas na constru\u00e7\u00e3o de uma escola de m\u00fasica, de uma Policl\u00ednica com aparelho de tomografia, e para a reforma total da Pra\u00e7a Coronel Jo\u00e3o Borges, sonhos antigos da popula\u00e7\u00e3o itororoense.<\/p>\n<p>O prefeito Marco Brito e o seu candidato a vice, Marcelo Andrade, s\u00e3o compareceram ao evento por for\u00e7a da lei eleitoral que pro\u00edbe a participa\u00e7\u00e3o de candidatos a cargos executivos em inaugura\u00e7\u00f5es de obras durante o per\u00edodo da campanha.<strong><em> Informa\u00e7\u00f5es do Blog Itoror\u00f3 J\u00e1<\/em><\/strong><\/p>\n<p><img loading=\"lazy\" decoding=\"async\" class=\"aligncenter\" src=\"http:\/\/www.itororoja.com.br\/wp-content\/uploads\/2016\/08\/Marco-Itororo2016.jpg\" alt=\".\" width=\"500\" height=\"296\" \/><\/p>\n","protected":false},"excerpt":{"rendered":"<p>Na manh\u00e3 deste 22 de agosto, dia da emancipa\u00e7\u00e3o pol\u00edtica de Itoror\u00f3, foi entregue \u00e0 popula\u00e7\u00e3o a 1\u00aa etapa da reforma da Funda\u00e7\u00e3o e Maternidade de Itoror\u00f3.\u00a0Ao todo foram entregues 26 leitos divididos entre obstetr\u00edcia, cl\u00ednica m\u00e9dica e cl\u00ednica cir\u00fargica. Foi ainda reformado e climatizado o Posto de Enfermagem, o conforto m\u00e9dico, centro cir\u00fargico e [&hellip;]<\/p>\n","protected":false},"author":2,"featured_media":0,"comment_status":"open","ping_status":"open","sticky":false,"template":"","format":"standard","meta":{"footnotes":"","_links_to":"","_links_to_target":""},"categories":[1],"tags":[],"class_list":["post-59784","post","type-post","status-publish","format-standard","hentry","category-geral"],"views":1802,"_links":{"self":[{"href":"https:\/\/www.sudoestehoje.com.br\/novoportal\/wp-json\/wp\/v2\/posts\/59784","targetHints":{"allow":["GET"]}}],"collection":[{"href":"https:\/\/www.sudoestehoje.com.br\/novoportal\/wp-json\/wp\/v2\/posts"}],"about":[{"href":"https:\/\/www.sudoestehoje.com.br\/novoportal\/wp-json\/wp\/v2\/types\/post"}],"author":[{"embeddable":true,"href":"https:\/\/www.sudoestehoje.com.br\/novoportal\/wp-json\/wp\/v2\/users\/2"}],"replies":[{"embeddable":true,"href":"https:\/\/www.sudoestehoje.com.br\/novoportal\/wp-json\/wp\/v2\/comments?post=59784"}],"version-history":[{"count":6,"href":"https:\/\/www.sudoestehoje.com.br\/novoportal\/wp-json\/wp\/v2\/posts\/59784\/revisions"}],"predecessor-version":[{"id":59824,"href":"https:\/\/www.sudoestehoje.com.br\/novoportal\/wp-json\/wp\/v2\/posts\/59784\/revisions\/59824"}],"wp:attachment":[{"href":"https:\/\/www.sudoestehoje.com.br\/novoportal\/wp-json\/wp\/v2\/media?parent=59784"}],"wp:term":[{"taxonomy":"category","embeddable":true,"href":"https:\/\/www.sudoestehoje.com.br\/novoportal\/wp-json\/wp\/v2\/categories?post=59784"},{"taxonomy":"post_tag","embeddable":true,"href":"https:\/\/www.sudoestehoje.com.br\/novoportal\/wp-json\/wp\/v2\/tags?post=59784"}],"curies":[{"name":"wp","href":"https:\/\/api.w.org\/{rel}","templated":true}]}}