
{"id":59774,"date":"2016-08-22T14:33:54","date_gmt":"2016-08-22T17:33:54","guid":{"rendered":"http:\/\/www.sudoestehoje.com.br\/novoportal\/?p=59774"},"modified":"2016-08-22T15:09:01","modified_gmt":"2016-08-22T18:09:01","slug":"urgente-secretario-ricardo-dutra-deve-cair-a-qualquer-momento","status":"publish","type":"post","link":"https:\/\/www.sudoestehoje.com.br\/novoportal\/2016\/08\/22\/urgente-secretario-ricardo-dutra-deve-cair-a-qualquer-momento\/","title":{"rendered":"URGENTE! SECRET\u00c1RIO RICARDO DUTRA DEVE  CAIR A QUALQUER MOMENTO"},"content":{"rendered":"<p>&nbsp;<\/p>\n<p><a href=\"http:\/\/www.sudoestehoje.com.br\/novoportal\/wp-content\/uploads\/2016\/08\/ricardo-dutra.png\" rel=\"attachment wp-att-59775\"><img loading=\"lazy\" decoding=\"async\" class=\"aligncenter wp-image-59775\" src=\"http:\/\/www.sudoestehoje.com.br\/novoportal\/wp-content\/uploads\/2016\/08\/ricardo-dutra.png\" alt=\"ricardo dutra\" width=\"501\" height=\"397\" \/><\/a><\/p>\n<p>J\u00e1 \u00e9 dada como certa, nos meios pol\u00edticos e administrativos de Itapetinga, a exonera\u00e7\u00e3o do secret\u00e1rio Ricardo Dutra, titular da Secretario Municipal de Fazenda, desde janeiro de 2013.<\/p>\n<p>Os motivos, segundo fontes ligadas \u00e0 prefeitura, teria sido o caos financeiro que envolve a sua pasta, culminando nos atrasos constantes dos sal\u00e1rios dos servidores municipais, inclusive da grande massa de contratados e nomeados para cargos de confian\u00e7a na prefeitura, dentre eles os secret\u00e1rios do governo.<\/p>\n<p>H\u00e1 informa\u00e7\u00f5es de que uma crise no \u00faltimo final de semana pode ter selado de vez o destino do esperto secret\u00e1rio, tantas vezes denunciado neste blog por raz\u00f5es diversas, inclusive por exteriorizar riqueza incompat\u00edvel com os seus atuais vencimentos e pela condi\u00e7\u00e3o econ\u00f4mica anterior \u00e0 sua assun\u00e7\u00e3o ao cargo de secret\u00e1rio.<\/p>\n<p>Al\u00e9m dos servidores, importantes fornecedores da prefeitura e prestadores de servi\u00e7os tamb\u00e9m v\u00eam sofrendo nas m\u00e3os do insens\u00edvel secret\u00e1rio, que mais se preocupou em fazer &#8216;p\u00e9-de-meia&#8217; do que gerir com isen\u00e7\u00e3o e compet\u00eancia as finan\u00e7as do munic\u00edpio, desgastando, desnecessariamente, o prefeito e toda a administra\u00e7\u00e3o municipal.<\/p>\n<p>Fonte ligada \u00e0 prefeitura confirma que a exonera\u00e7\u00e3o de Ricardo \u00e9 irrevers\u00edvel, devendo acontecer de hoje para amanh\u00e3.<\/p>\n<p>J\u00e1 vai tarde!<\/p>\n<p><strong><em>Por Davi Ferraz<\/em><\/strong><\/p>\n","protected":false},"excerpt":{"rendered":"<p>&nbsp; J\u00e1 \u00e9 dada como certa, nos meios pol\u00edticos e administrativos de Itapetinga, a exonera\u00e7\u00e3o do secret\u00e1rio Ricardo Dutra, titular da Secretario Municipal de Fazenda, desde janeiro de 2013. Os motivos, segundo fontes ligadas \u00e0 prefeitura, teria sido o caos financeiro que envolve a sua pasta, culminando nos atrasos constantes dos sal\u00e1rios dos servidores municipais, [&hellip;]<\/p>\n","protected":false},"author":2,"featured_media":0,"comment_status":"open","ping_status":"open","sticky":false,"template":"","format":"standard","meta":{"footnotes":"","_links_to":"","_links_to_target":""},"categories":[1],"tags":[],"class_list":["post-59774","post","type-post","status-publish","format-standard","hentry","category-geral"],"views":2102,"_links":{"self":[{"href":"https:\/\/www.sudoestehoje.com.br\/novoportal\/wp-json\/wp\/v2\/posts\/59774","targetHints":{"allow":["GET"]}}],"collection":[{"href":"https:\/\/www.sudoestehoje.com.br\/novoportal\/wp-json\/wp\/v2\/posts"}],"about":[{"href":"https:\/\/www.sudoestehoje.com.br\/novoportal\/wp-json\/wp\/v2\/types\/post"}],"author":[{"embeddable":true,"href":"https:\/\/www.sudoestehoje.com.br\/novoportal\/wp-json\/wp\/v2\/users\/2"}],"replies":[{"embeddable":true,"href":"https:\/\/www.sudoestehoje.com.br\/novoportal\/wp-json\/wp\/v2\/comments?post=59774"}],"version-history":[{"count":4,"href":"https:\/\/www.sudoestehoje.com.br\/novoportal\/wp-json\/wp\/v2\/posts\/59774\/revisions"}],"predecessor-version":[{"id":59779,"href":"https:\/\/www.sudoestehoje.com.br\/novoportal\/wp-json\/wp\/v2\/posts\/59774\/revisions\/59779"}],"wp:attachment":[{"href":"https:\/\/www.sudoestehoje.com.br\/novoportal\/wp-json\/wp\/v2\/media?parent=59774"}],"wp:term":[{"taxonomy":"category","embeddable":true,"href":"https:\/\/www.sudoestehoje.com.br\/novoportal\/wp-json\/wp\/v2\/categories?post=59774"},{"taxonomy":"post_tag","embeddable":true,"href":"https:\/\/www.sudoestehoje.com.br\/novoportal\/wp-json\/wp\/v2\/tags?post=59774"}],"curies":[{"name":"wp","href":"https:\/\/api.w.org\/{rel}","templated":true}]}}