
{"id":59743,"date":"2016-08-22T00:42:11","date_gmt":"2016-08-22T03:42:11","guid":{"rendered":"http:\/\/www.sudoestehoje.com.br\/novoportal\/?p=59743"},"modified":"2016-08-22T00:43:26","modified_gmt":"2016-08-22T03:43:26","slug":"eleicoes-agenda-de-adriano-e-henrique-brugni-nesta-segunda-feira-22","status":"publish","type":"post","link":"https:\/\/www.sudoestehoje.com.br\/novoportal\/2016\/08\/22\/eleicoes-agenda-de-adriano-e-henrique-brugni-nesta-segunda-feira-22\/","title":{"rendered":"ELEI\u00c7\u00d5ES: AGENDA DE ADRIANO E HENRIQUE BRUGNI NESTA SEGUNDA-FEIRA (22)"},"content":{"rendered":"<p><a href=\"http:\/\/www.sudoestehoje.com.br\/novoportal\/wp-content\/uploads\/2016\/08\/agenda-Adriano.jpg\" rel=\"attachment wp-att-59744\"><img loading=\"lazy\" decoding=\"async\" class=\"aligncenter size-medium wp-image-59744\" src=\"http:\/\/www.sudoestehoje.com.br\/novoportal\/wp-content\/uploads\/2016\/08\/agenda-Adriano-500x333.jpg\" alt=\"agenda Adriano\" width=\"500\" height=\"333\" srcset=\"https:\/\/www.sudoestehoje.com.br\/novoportal\/wp-content\/uploads\/2016\/08\/agenda-Adriano-500x333.jpg 500w, https:\/\/www.sudoestehoje.com.br\/novoportal\/wp-content\/uploads\/2016\/08\/agenda-Adriano-768x511.jpg 768w, https:\/\/www.sudoestehoje.com.br\/novoportal\/wp-content\/uploads\/2016\/08\/agenda-Adriano-700x466.jpg 700w, https:\/\/www.sudoestehoje.com.br\/novoportal\/wp-content\/uploads\/2016\/08\/agenda-Adriano.jpg 960w\" sizes=\"auto, (max-width: 500px) 100vw, 500px\" \/><\/a><\/p>\n<p>Nesta segunda-feira 22 de agosto, o candidato a prefeito Adriano Alc\u00e2ntara PSDB e o candidato a vice-prefeito Henrique Brugni se re\u00fanem com a sua equipe e lideran\u00e7as que os apoiam, durante a manh\u00e3, e \u00e0 tarde gravam programa eleitoral. \u00c0s 18:30h comparecer\u00e3o a uma reuni\u00e3o com eleitores e lideran\u00e7as no bairro Clodoaldo Costa, para juntos discutirem como ser\u00e1 Itapetinga daqui pra frente. <strong><em>Ascom PSDB<\/em><\/strong><\/p>\n<p><img decoding=\"async\" class=\"aligncenter\" src=\"http:\/\/www.sudoestehoje.com.br\/novoportal\/wp-content\/uploads\/2015\/05\/rezende-500x163-500x163.jpg\" alt=\"\" \/><\/p>\n","protected":false},"excerpt":{"rendered":"<p>Nesta segunda-feira 22 de agosto, o candidato a prefeito Adriano Alc\u00e2ntara PSDB e o candidato a vice-prefeito Henrique Brugni se re\u00fanem com a sua equipe e lideran\u00e7as que os apoiam, durante a manh\u00e3, e \u00e0 tarde gravam programa eleitoral. \u00c0s 18:30h comparecer\u00e3o a uma reuni\u00e3o com eleitores e lideran\u00e7as no bairro Clodoaldo Costa, para juntos [&hellip;]<\/p>\n","protected":false},"author":2,"featured_media":0,"comment_status":"open","ping_status":"open","sticky":false,"template":"","format":"standard","meta":{"footnotes":"","_links_to":"","_links_to_target":""},"categories":[1],"tags":[],"class_list":["post-59743","post","type-post","status-publish","format-standard","hentry","category-geral"],"views":1104,"_links":{"self":[{"href":"https:\/\/www.sudoestehoje.com.br\/novoportal\/wp-json\/wp\/v2\/posts\/59743","targetHints":{"allow":["GET"]}}],"collection":[{"href":"https:\/\/www.sudoestehoje.com.br\/novoportal\/wp-json\/wp\/v2\/posts"}],"about":[{"href":"https:\/\/www.sudoestehoje.com.br\/novoportal\/wp-json\/wp\/v2\/types\/post"}],"author":[{"embeddable":true,"href":"https:\/\/www.sudoestehoje.com.br\/novoportal\/wp-json\/wp\/v2\/users\/2"}],"replies":[{"embeddable":true,"href":"https:\/\/www.sudoestehoje.com.br\/novoportal\/wp-json\/wp\/v2\/comments?post=59743"}],"version-history":[{"count":4,"href":"https:\/\/www.sudoestehoje.com.br\/novoportal\/wp-json\/wp\/v2\/posts\/59743\/revisions"}],"predecessor-version":[{"id":59762,"href":"https:\/\/www.sudoestehoje.com.br\/novoportal\/wp-json\/wp\/v2\/posts\/59743\/revisions\/59762"}],"wp:attachment":[{"href":"https:\/\/www.sudoestehoje.com.br\/novoportal\/wp-json\/wp\/v2\/media?parent=59743"}],"wp:term":[{"taxonomy":"category","embeddable":true,"href":"https:\/\/www.sudoestehoje.com.br\/novoportal\/wp-json\/wp\/v2\/categories?post=59743"},{"taxonomy":"post_tag","embeddable":true,"href":"https:\/\/www.sudoestehoje.com.br\/novoportal\/wp-json\/wp\/v2\/tags?post=59743"}],"curies":[{"name":"wp","href":"https:\/\/api.w.org\/{rel}","templated":true}]}}