
{"id":59733,"date":"2016-08-21T20:04:12","date_gmt":"2016-08-21T23:04:12","guid":{"rendered":"http:\/\/www.sudoestehoje.com.br\/novoportal\/?p=59733"},"modified":"2016-08-22T00:34:52","modified_gmt":"2016-08-22T03:34:52","slug":"rio-2016-brasil-fecha-os-jogos-olimpicos-com-ouro-no-volei-masculino","status":"publish","type":"post","link":"https:\/\/www.sudoestehoje.com.br\/novoportal\/2016\/08\/21\/rio-2016-brasil-fecha-os-jogos-olimpicos-com-ouro-no-volei-masculino\/","title":{"rendered":"RIO 2016: BRASIL FECHA OS JOGOS OL\u00cdMPICOS COM OURO NO V\u00d4LEI MASCULINO"},"content":{"rendered":"<p><a href=\"http:\/\/www.sudoestehoje.com.br\/novoportal\/wp-content\/uploads\/2016\/08\/OURO-VOLEI.jpeg\" rel=\"attachment wp-att-59734\"><img loading=\"lazy\" decoding=\"async\" class=\"aligncenter size-medium wp-image-59734\" src=\"http:\/\/www.sudoestehoje.com.br\/novoportal\/wp-content\/uploads\/2016\/08\/OURO-VOLEI-500x309.jpeg\" alt=\"OURO VOLEI\" width=\"500\" height=\"309\" srcset=\"https:\/\/www.sudoestehoje.com.br\/novoportal\/wp-content\/uploads\/2016\/08\/OURO-VOLEI-500x309.jpeg 500w, https:\/\/www.sudoestehoje.com.br\/novoportal\/wp-content\/uploads\/2016\/08\/OURO-VOLEI-768x475.jpeg 768w, https:\/\/www.sudoestehoje.com.br\/novoportal\/wp-content\/uploads\/2016\/08\/OURO-VOLEI-700x433.jpeg 700w, https:\/\/www.sudoestehoje.com.br\/novoportal\/wp-content\/uploads\/2016\/08\/OURO-VOLEI.jpeg 970w\" sizes=\"auto, (max-width: 500px) 100vw, 500px\" \/><\/a><\/p>\n<p>A sele\u00e7\u00e3o masculina de v\u00f4lei do Brasil \u00e9 tricampe\u00e3 ol\u00edmpica de v\u00f4lei ap\u00f3s bater na trave nas duas \u00faltimas edi\u00e7\u00f5es dos Jogos, com a prata em Londres 2012 e Pequim 2008.<\/p>\n<p>A medalha de ouro no Rio 2016 veio com uma contundente vit\u00f3ria por 3 sets a 0\u00a0sobre a It\u00e1lia, algoz da equipe na primeira fase. Os outros t\u00edtulos foram em 1992 e 2004.<\/p>\n<p>Os vices em 2008, para os Estados Unidos, e 2012, para a R\u00fassia, fizeram o p\u00fablico cantar mais forte &#8220;o campe\u00e3o voltou&#8221; nos instantes finais. Mais do que enfatizar o retorno do ouro ao peito dos brasileiros, significa exaltar o poderio verde-e-amarelo na modalidade.<\/p>\n<p>O Brasil acumulou a d\u00e9cima medalha ol\u00edmpica de v\u00f4lei na hist\u00f3ria, a quinta de ouro. Somente Uni\u00e3o Sovi\u00e9tica e R\u00fassia juntas, com 19 medalhas, foram mais premiadas.<\/p>\n<p><img decoding=\"async\" class=\"aligncenter\" src=\"http:\/\/www.sudoestehoje.com.br\/novoportal\/wp-content\/uploads\/2014\/07\/Feira-do-Lar-1.png\" alt=\"Feira-do-Lar (1)\" \/><\/p>\n","protected":false},"excerpt":{"rendered":"<p>A sele\u00e7\u00e3o masculina de v\u00f4lei do Brasil \u00e9 tricampe\u00e3 ol\u00edmpica de v\u00f4lei ap\u00f3s bater na trave nas duas \u00faltimas edi\u00e7\u00f5es dos Jogos, com a prata em Londres 2012 e Pequim 2008. A medalha de ouro no Rio 2016 veio com uma contundente vit\u00f3ria por 3 sets a 0\u00a0sobre a It\u00e1lia, algoz da equipe na primeira [&hellip;]<\/p>\n","protected":false},"author":2,"featured_media":0,"comment_status":"open","ping_status":"open","sticky":false,"template":"","format":"standard","meta":{"footnotes":"","_links_to":"","_links_to_target":""},"categories":[1],"tags":[],"class_list":["post-59733","post","type-post","status-publish","format-standard","hentry","category-geral"],"views":2069,"_links":{"self":[{"href":"https:\/\/www.sudoestehoje.com.br\/novoportal\/wp-json\/wp\/v2\/posts\/59733","targetHints":{"allow":["GET"]}}],"collection":[{"href":"https:\/\/www.sudoestehoje.com.br\/novoportal\/wp-json\/wp\/v2\/posts"}],"about":[{"href":"https:\/\/www.sudoestehoje.com.br\/novoportal\/wp-json\/wp\/v2\/types\/post"}],"author":[{"embeddable":true,"href":"https:\/\/www.sudoestehoje.com.br\/novoportal\/wp-json\/wp\/v2\/users\/2"}],"replies":[{"embeddable":true,"href":"https:\/\/www.sudoestehoje.com.br\/novoportal\/wp-json\/wp\/v2\/comments?post=59733"}],"version-history":[{"count":3,"href":"https:\/\/www.sudoestehoje.com.br\/novoportal\/wp-json\/wp\/v2\/posts\/59733\/revisions"}],"predecessor-version":[{"id":59764,"href":"https:\/\/www.sudoestehoje.com.br\/novoportal\/wp-json\/wp\/v2\/posts\/59733\/revisions\/59764"}],"wp:attachment":[{"href":"https:\/\/www.sudoestehoje.com.br\/novoportal\/wp-json\/wp\/v2\/media?parent=59733"}],"wp:term":[{"taxonomy":"category","embeddable":true,"href":"https:\/\/www.sudoestehoje.com.br\/novoportal\/wp-json\/wp\/v2\/categories?post=59733"},{"taxonomy":"post_tag","embeddable":true,"href":"https:\/\/www.sudoestehoje.com.br\/novoportal\/wp-json\/wp\/v2\/tags?post=59733"}],"curies":[{"name":"wp","href":"https:\/\/api.w.org\/{rel}","templated":true}]}}