
{"id":59710,"date":"2016-08-20T20:25:13","date_gmt":"2016-08-20T23:25:13","guid":{"rendered":"http:\/\/www.sudoestehoje.com.br\/novoportal\/?p=59710"},"modified":"2016-08-20T20:25:13","modified_gmt":"2016-08-20T23:25:13","slug":"rio-2016-brasil-conquista-primeiro-ouro-olimpico-no-futebol","status":"publish","type":"post","link":"https:\/\/www.sudoestehoje.com.br\/novoportal\/2016\/08\/20\/rio-2016-brasil-conquista-primeiro-ouro-olimpico-no-futebol\/","title":{"rendered":"RIO 2016: BRASIL CONQUISTA PRIMEIRO OURO OL\u00cdMPICO NO FUTEBOL"},"content":{"rendered":"<p><a href=\"http:\/\/www.sudoestehoje.com.br\/novoportal\/wp-content\/uploads\/2016\/08\/OURO.jpg\" rel=\"attachment wp-att-59711\"><img loading=\"lazy\" decoding=\"async\" class=\"aligncenter size-medium wp-image-59711\" src=\"http:\/\/www.sudoestehoje.com.br\/novoportal\/wp-content\/uploads\/2016\/08\/OURO-500x416.jpg\" alt=\"OURO\" width=\"500\" height=\"416\" srcset=\"https:\/\/www.sudoestehoje.com.br\/novoportal\/wp-content\/uploads\/2016\/08\/OURO-500x416.jpg 500w, https:\/\/www.sudoestehoje.com.br\/novoportal\/wp-content\/uploads\/2016\/08\/OURO-768x639.jpg 768w, https:\/\/www.sudoestehoje.com.br\/novoportal\/wp-content\/uploads\/2016\/08\/OURO-700x583.jpg 700w, https:\/\/www.sudoestehoje.com.br\/novoportal\/wp-content\/uploads\/2016\/08\/OURO.jpg 960w\" sizes=\"auto, (max-width: 500px) 100vw, 500px\" \/><\/a><\/p>\n<p>Gol da Alemanha? Medalha de prata? N\u00e3o mais. A sele\u00e7\u00e3o brasileira, enfim, conquistou o t\u00edtulo ol\u00edmpico no futebol ao bater a Alemanha nos p\u00eanaltis, ap\u00f3s empate em 1 a 1 no tempo normal, em uma noite de gala, com drama e emo\u00e7\u00e3o,\u00a0no Maracan\u00e3. Neymar, com uma espetacular cobran\u00e7a de falta, e Max Meyer, o destaque alem\u00e3o, marcaram os gols da partida. No fim, brilhou a estrela do goleiro Weverton, que defendeu a cobran\u00e7a de Petersen.<\/p>\n<p>A vit\u00f3ria dram\u00e1tica colocou\u00a0fim ao trauma brasileiro de sempre bater na trave em Olimp\u00edadas e fez balan\u00e7ar as arquibancadas do templo do futebol. E, se o t\u00edtulo\u00a0n\u00e3o apaga o vexame do 7 a 1, certamente ameniza a dor da derrota do Mineir\u00e3o em 2014 \u2013 e deixa com a Alemanha a decep\u00e7\u00e3o de n\u00e3o ter um t\u00edtulo ol\u00edmpico.<\/p>\n<p>Neymar, t\u00e3o criticado nas primeira partidas, saiu consagrado. Com um gola\u00e7o de falta que fez lembrar Zico, arrancou aplausos at\u00e9 mesmo de Usain Bolt, o mito jamaicano que pulou como um pentacampe\u00e3o nas arquibancadas. O camisa 10\u00a0ainda fez o que craques como Rom\u00e1rio, Ronaldo e Ronaldinho n\u00e3o conseguiram: subir ao mais alto do p\u00f3dio.<\/p>\n","protected":false},"excerpt":{"rendered":"<p>Gol da Alemanha? Medalha de prata? N\u00e3o mais. A sele\u00e7\u00e3o brasileira, enfim, conquistou o t\u00edtulo ol\u00edmpico no futebol ao bater a Alemanha nos p\u00eanaltis, ap\u00f3s empate em 1 a 1 no tempo normal, em uma noite de gala, com drama e emo\u00e7\u00e3o,\u00a0no Maracan\u00e3. Neymar, com uma espetacular cobran\u00e7a de falta, e Max Meyer, o destaque [&hellip;]<\/p>\n","protected":false},"author":2,"featured_media":0,"comment_status":"open","ping_status":"open","sticky":false,"template":"","format":"standard","meta":{"footnotes":"","_links_to":"","_links_to_target":""},"categories":[1],"tags":[],"class_list":["post-59710","post","type-post","status-publish","format-standard","hentry","category-geral"],"views":1576,"_links":{"self":[{"href":"https:\/\/www.sudoestehoje.com.br\/novoportal\/wp-json\/wp\/v2\/posts\/59710","targetHints":{"allow":["GET"]}}],"collection":[{"href":"https:\/\/www.sudoestehoje.com.br\/novoportal\/wp-json\/wp\/v2\/posts"}],"about":[{"href":"https:\/\/www.sudoestehoje.com.br\/novoportal\/wp-json\/wp\/v2\/types\/post"}],"author":[{"embeddable":true,"href":"https:\/\/www.sudoestehoje.com.br\/novoportal\/wp-json\/wp\/v2\/users\/2"}],"replies":[{"embeddable":true,"href":"https:\/\/www.sudoestehoje.com.br\/novoportal\/wp-json\/wp\/v2\/comments?post=59710"}],"version-history":[{"count":1,"href":"https:\/\/www.sudoestehoje.com.br\/novoportal\/wp-json\/wp\/v2\/posts\/59710\/revisions"}],"predecessor-version":[{"id":59712,"href":"https:\/\/www.sudoestehoje.com.br\/novoportal\/wp-json\/wp\/v2\/posts\/59710\/revisions\/59712"}],"wp:attachment":[{"href":"https:\/\/www.sudoestehoje.com.br\/novoportal\/wp-json\/wp\/v2\/media?parent=59710"}],"wp:term":[{"taxonomy":"category","embeddable":true,"href":"https:\/\/www.sudoestehoje.com.br\/novoportal\/wp-json\/wp\/v2\/categories?post=59710"},{"taxonomy":"post_tag","embeddable":true,"href":"https:\/\/www.sudoestehoje.com.br\/novoportal\/wp-json\/wp\/v2\/tags?post=59710"}],"curies":[{"name":"wp","href":"https:\/\/api.w.org\/{rel}","templated":true}]}}