
{"id":59697,"date":"2016-08-20T19:06:58","date_gmt":"2016-08-20T22:06:58","guid":{"rendered":"http:\/\/www.sudoestehoje.com.br\/novoportal\/?p=59697"},"modified":"2016-08-20T21:04:57","modified_gmt":"2016-08-21T00:04:57","slug":"eleicoes-apos-adesivaco-dupla-rr-faz-corpo-a-corpo-na-vila-rosa-neste-domingo","status":"publish","type":"post","link":"https:\/\/www.sudoestehoje.com.br\/novoportal\/2016\/08\/20\/eleicoes-apos-adesivaco-dupla-rr-faz-corpo-a-corpo-na-vila-rosa-neste-domingo\/","title":{"rendered":"ELEI\u00c7\u00d5ES: AP\u00d3S ADESIVA\u00c7O, DUPLA RR FAZ CORPO A CORPO NA VILA RIACH\u00c3O NESTE DOMINGO"},"content":{"rendered":"<p><a href=\"http:\/\/www.sudoestehoje.com.br\/novoportal\/wp-content\/uploads\/2016\/08\/RR-1-2.jpg\" rel=\"attachment wp-att-59701\"><img loading=\"lazy\" decoding=\"async\" class=\"aligncenter size-medium wp-image-59701\" src=\"http:\/\/www.sudoestehoje.com.br\/novoportal\/wp-content\/uploads\/2016\/08\/RR-1-2-500x277.jpg\" alt=\"RR 1\" width=\"500\" height=\"277\" srcset=\"https:\/\/www.sudoestehoje.com.br\/novoportal\/wp-content\/uploads\/2016\/08\/RR-1-2-500x277.jpg 500w, https:\/\/www.sudoestehoje.com.br\/novoportal\/wp-content\/uploads\/2016\/08\/RR-1-2-768x425.jpg 768w, https:\/\/www.sudoestehoje.com.br\/novoportal\/wp-content\/uploads\/2016\/08\/RR-1-2-700x387.jpg 700w, https:\/\/www.sudoestehoje.com.br\/novoportal\/wp-content\/uploads\/2016\/08\/RR-1-2.jpg 960w\" sizes=\"auto, (max-width: 500px) 100vw, 500px\" \/><\/a><\/p>\n<p>Ap\u00f3s ter iniciado o corpo a corpo da campanha andando pelas ruas da Nova Itapetinga, o candidato Rodrigo Hagge e seu vice Renan Pereira se concentraram neste s\u00e1bado pela manh\u00e3 na Pra\u00e7a Augusto de Carvalho, onde estava programado um adesiva\u00e7o.<\/p>\n<p><a href=\"http:\/\/www.sudoestehoje.com.br\/novoportal\/wp-content\/uploads\/2016\/08\/RR-2-2.jpg\" rel=\"attachment wp-att-59702\"><img loading=\"lazy\" decoding=\"async\" class=\"aligncenter size-medium wp-image-59702\" src=\"http:\/\/www.sudoestehoje.com.br\/novoportal\/wp-content\/uploads\/2016\/08\/RR-2-2-500x289.jpg\" alt=\"RR 2\" width=\"500\" height=\"289\" srcset=\"https:\/\/www.sudoestehoje.com.br\/novoportal\/wp-content\/uploads\/2016\/08\/RR-2-2-500x289.jpg 500w, https:\/\/www.sudoestehoje.com.br\/novoportal\/wp-content\/uploads\/2016\/08\/RR-2-2-768x443.jpg 768w, https:\/\/www.sudoestehoje.com.br\/novoportal\/wp-content\/uploads\/2016\/08\/RR-2-2-700x404.jpg 700w, https:\/\/www.sudoestehoje.com.br\/novoportal\/wp-content\/uploads\/2016\/08\/RR-2-2.jpg 960w\" sizes=\"auto, (max-width: 500px) 100vw, 500px\" \/><\/a><\/p>\n<p>ADESIVA\u00c7O NO CENTRO<\/p>\n<p>Militantes do PMDB, DEM e demais partidos coligados se organizaram, juntamente com integrantes do grupo da Juventude para adesivar o maior n\u00famero poss\u00edvel de carros e motos.\u00a0Por volta do meio dia, o grupo resolveu fazer um movimento espont\u00e2neo, saindo em caminhada pelo centro comercial, abra\u00e7ando populares e lojistas.<\/p>\n<p><a href=\"http:\/\/www.sudoestehoje.com.br\/novoportal\/wp-content\/uploads\/2016\/08\/RR-3-1.jpg\" rel=\"attachment wp-att-59703\"><img loading=\"lazy\" decoding=\"async\" class=\"aligncenter size-medium wp-image-59703\" src=\"http:\/\/www.sudoestehoje.com.br\/novoportal\/wp-content\/uploads\/2016\/08\/RR-3-1-500x386.jpg\" alt=\"RR 3\" width=\"500\" height=\"386\" srcset=\"https:\/\/www.sudoestehoje.com.br\/novoportal\/wp-content\/uploads\/2016\/08\/RR-3-1-500x386.jpg 500w, https:\/\/www.sudoestehoje.com.br\/novoportal\/wp-content\/uploads\/2016\/08\/RR-3-1-768x594.jpg 768w, https:\/\/www.sudoestehoje.com.br\/novoportal\/wp-content\/uploads\/2016\/08\/RR-3-1-700x541.jpg 700w, https:\/\/www.sudoestehoje.com.br\/novoportal\/wp-content\/uploads\/2016\/08\/RR-3-1.jpg 960w\" sizes=\"auto, (max-width: 500px) 100vw, 500px\" \/><\/a><\/p>\n<p>CORPO A CORPO NA VILA RIACH\u00c3O NESTE DOMINGO<\/p>\n<p>Amanh\u00e3, domingo, na Vila Riach\u00e3o, um corpo a corpo da dupla RR est\u00e1 marcado para as 9h.\u00a0A concentra\u00e7\u00e3o vai ser em frente ao IFBaiano.<\/p>\n<p><a href=\"http:\/\/www.sudoestehoje.com.br\/novoportal\/wp-content\/uploads\/2016\/08\/RR-6.jpg\" rel=\"attachment wp-att-59704\"><img loading=\"lazy\" decoding=\"async\" class=\"aligncenter size-medium wp-image-59704\" src=\"http:\/\/www.sudoestehoje.com.br\/novoportal\/wp-content\/uploads\/2016\/08\/RR-6-500x292.jpg\" alt=\"RR 6\" width=\"500\" height=\"292\" srcset=\"https:\/\/www.sudoestehoje.com.br\/novoportal\/wp-content\/uploads\/2016\/08\/RR-6-500x292.jpg 500w, https:\/\/www.sudoestehoje.com.br\/novoportal\/wp-content\/uploads\/2016\/08\/RR-6-768x449.jpg 768w, https:\/\/www.sudoestehoje.com.br\/novoportal\/wp-content\/uploads\/2016\/08\/RR-6-700x409.jpg 700w, https:\/\/www.sudoestehoje.com.br\/novoportal\/wp-content\/uploads\/2016\/08\/RR-6.jpg 960w\" sizes=\"auto, (max-width: 500px) 100vw, 500px\" \/><\/a><\/p>\n<p>1\u00aa GRANDE CAMINHADA \u00a0NO DIA 27 (S\u00c1BADO)<\/p>\n<p>A coliga\u00e7\u00e3o &#8216;Vamos Juntos Mudar Itapetinga&#8217; j\u00e1 programa para o pr\u00f3ximo dia 27 (s\u00e1bado), uma grande caminhada, saindo das Casas Populares, na Nova Itapetinga, at\u00e9 a Pra\u00e7a M\u00e1rio Rosa, no bairro Primavera.<\/p>\n<p><strong><em><a href=\"http:\/\/www.sudoestehoje.com.br\/novoportal\/wp-content\/uploads\/2016\/08\/RR-7.jpg\" rel=\"attachment wp-att-59706\"><img loading=\"lazy\" decoding=\"async\" class=\"aligncenter size-medium wp-image-59706\" src=\"http:\/\/www.sudoestehoje.com.br\/novoportal\/wp-content\/uploads\/2016\/08\/RR-7-500x375.jpg\" alt=\"RR 7\" width=\"500\" height=\"375\" srcset=\"https:\/\/www.sudoestehoje.com.br\/novoportal\/wp-content\/uploads\/2016\/08\/RR-7-500x375.jpg 500w, https:\/\/www.sudoestehoje.com.br\/novoportal\/wp-content\/uploads\/2016\/08\/RR-7-768x576.jpg 768w, https:\/\/www.sudoestehoje.com.br\/novoportal\/wp-content\/uploads\/2016\/08\/RR-7-700x525.jpg 700w, https:\/\/www.sudoestehoje.com.br\/novoportal\/wp-content\/uploads\/2016\/08\/RR-7.jpg 960w\" sizes=\"auto, (max-width: 500px) 100vw, 500px\" \/><\/a>Ascom RR<\/em><\/strong><\/p>\n","protected":false},"excerpt":{"rendered":"<p>Ap\u00f3s ter iniciado o corpo a corpo da campanha andando pelas ruas da Nova Itapetinga, o candidato Rodrigo Hagge e seu vice Renan Pereira se concentraram neste s\u00e1bado pela manh\u00e3 na Pra\u00e7a Augusto de Carvalho, onde estava programado um adesiva\u00e7o. ADESIVA\u00c7O NO CENTRO Militantes do PMDB, DEM e demais partidos coligados se organizaram, juntamente com [&hellip;]<\/p>\n","protected":false},"author":2,"featured_media":0,"comment_status":"open","ping_status":"open","sticky":false,"template":"","format":"standard","meta":{"footnotes":"","_links_to":"","_links_to_target":""},"categories":[1],"tags":[],"class_list":["post-59697","post","type-post","status-publish","format-standard","hentry","category-geral"],"views":1802,"_links":{"self":[{"href":"https:\/\/www.sudoestehoje.com.br\/novoportal\/wp-json\/wp\/v2\/posts\/59697","targetHints":{"allow":["GET"]}}],"collection":[{"href":"https:\/\/www.sudoestehoje.com.br\/novoportal\/wp-json\/wp\/v2\/posts"}],"about":[{"href":"https:\/\/www.sudoestehoje.com.br\/novoportal\/wp-json\/wp\/v2\/types\/post"}],"author":[{"embeddable":true,"href":"https:\/\/www.sudoestehoje.com.br\/novoportal\/wp-json\/wp\/v2\/users\/2"}],"replies":[{"embeddable":true,"href":"https:\/\/www.sudoestehoje.com.br\/novoportal\/wp-json\/wp\/v2\/comments?post=59697"}],"version-history":[{"count":7,"href":"https:\/\/www.sudoestehoje.com.br\/novoportal\/wp-json\/wp\/v2\/posts\/59697\/revisions"}],"predecessor-version":[{"id":59715,"href":"https:\/\/www.sudoestehoje.com.br\/novoportal\/wp-json\/wp\/v2\/posts\/59697\/revisions\/59715"}],"wp:attachment":[{"href":"https:\/\/www.sudoestehoje.com.br\/novoportal\/wp-json\/wp\/v2\/media?parent=59697"}],"wp:term":[{"taxonomy":"category","embeddable":true,"href":"https:\/\/www.sudoestehoje.com.br\/novoportal\/wp-json\/wp\/v2\/categories?post=59697"},{"taxonomy":"post_tag","embeddable":true,"href":"https:\/\/www.sudoestehoje.com.br\/novoportal\/wp-json\/wp\/v2\/tags?post=59697"}],"curies":[{"name":"wp","href":"https:\/\/api.w.org\/{rel}","templated":true}]}}