
{"id":5968,"date":"2011-06-21T00:03:15","date_gmt":"2011-06-21T03:03:15","guid":{"rendered":"http:\/\/www.sudoestehoje.com.br\/novoportal\/?p=5968"},"modified":"2011-06-21T00:07:13","modified_gmt":"2011-06-21T03:07:13","slug":"licitacao-com-cartas-marcadas","status":"publish","type":"post","link":"https:\/\/www.sudoestehoje.com.br\/novoportal\/2011\/06\/21\/licitacao-com-cartas-marcadas\/","title":{"rendered":"LICITA\u00c7\u00c3O COM CARTAS MARCADAS NO S\u00c3O JO\u00c3O DE ITAPETINGA"},"content":{"rendered":"<h4 style=\"text-align: center;\"><img decoding=\"async\" src=\"http:\/\/www.itapetinganet.com.br\/site\/fotos\/lagoa%20s%20joao%20palanque%20small.jpg\" border=\"0\" alt=\"\" width=\"400\" \/><\/h4>\n<p style=\"text-align: center;\"><em><strong>A licita\u00e7\u00e3o foi marcada para 15.06.2011, mas a firma &#8216;vencedora&#8217;\u00a0 j\u00e1 armava toldos e palanques na v\u00e9spera da sua realiza\u00e7\u00e3o<\/strong><\/em><\/p>\n<p>\u00a0<\/p>\n<p>ITAPETINGA: O site <em><strong>Itapetinga Net<\/strong><\/em> traz uma den\u00fancia muito grave, relacionada\u00a0\u00e0 contrata\u00e7\u00e3o de empresa para &#8216;estrutura\u00e7\u00e3o dos festejos juninos&#8217;. Segundo o conceituado site, antes mesmo de acontecer o &#8216;preg\u00e3o presencial&#8217;, marcado para o dia 15.06.2011, uma determinada firma j\u00e1 efetuava a montagem dos toldos e dos palanques, na certeza de que venceria a licita\u00e7\u00e3o, o que acabou se confirmando.\u00a0Leiam na \u00edntegra:<\/p>\n<p>&#8220;S\u00c3O JOAO DE ITAPETINGA: COMO EXPLICAR AS BARRACAS E PALANQUE ARMADOS ANTES DA LICITA\u00c7\u00c3O?<\/p>\n<p>Algu\u00e9m consegue explicar?<\/p>\n<p>No di\u00e1rio oficial do dia 02 de Junho 2011, edi\u00e7\u00e3o 513 na p\u00e1gina 06 consta a convoca\u00e7\u00e3o para o preg\u00e3o presencial de n\u00ba 27\/2011 destinado a contratar empresa para estrutura\u00e7\u00e3o dos festejos juninos, envolvendo ornamenta\u00e7\u00e3o, divulga\u00e7\u00e3o, sonoriza\u00e7\u00e3o, ilumina\u00e7\u00e3o, toldos, palcos, sanit\u00e1rios qu\u00edmicos e gerador de energia. A data da realiza\u00e7\u00e3o do preg\u00e3o estava marcada para dia 15.06.2011 \u00e0s 15h00, quando seriam entregues as propostas e selecionado o menor pre\u00e7o e segundo informa\u00e7\u00f5es aconteceu.<\/p>\n<p>Tive o cuidado de fotografar com uma m\u00e1quina que registra data, a montagem do palanque de alvenaria que estava impedindo a passagem dos adeptos da pr\u00e1tica de esporte no Parque da Lagoa e depois constatei o inusitado fato: antes de acontecer o preg\u00e3o j\u00e1 estavam sendo armadas as torres do palanque e barracas\/toldos. Como explicar. Ser\u00e1 que algu\u00e9m j\u00e1 sabia o resultado?&#8221;<\/p>\n<p>Algu\u00e9m a\u00ed tem resposta?<\/p>\n<p><em><strong>Informa\u00e7\u00f5es e foto do Itapetinga Net<\/strong><\/em><\/p>\n","protected":false},"excerpt":{"rendered":"<p>A licita\u00e7\u00e3o foi marcada para 15.06.2011, mas a firma &#8216;vencedora&#8217;\u00a0 j\u00e1 armava toldos e palanques na v\u00e9spera da sua realiza\u00e7\u00e3o \u00a0 ITAPETINGA: O site Itapetinga Net traz uma den\u00fancia muito grave, relacionada\u00a0\u00e0 contrata\u00e7\u00e3o de empresa para &#8216;estrutura\u00e7\u00e3o dos festejos juninos&#8217;. Segundo o conceituado site, antes mesmo de acontecer o &#8216;preg\u00e3o presencial&#8217;, marcado para o dia [&hellip;]<\/p>\n","protected":false},"author":2,"featured_media":0,"comment_status":"open","ping_status":"open","sticky":false,"template":"","format":"standard","meta":{"footnotes":"","_links_to":"","_links_to_target":""},"categories":[1],"tags":[],"class_list":["post-5968","post","type-post","status-publish","format-standard","hentry","category-geral"],"views":1465,"_links":{"self":[{"href":"https:\/\/www.sudoestehoje.com.br\/novoportal\/wp-json\/wp\/v2\/posts\/5968","targetHints":{"allow":["GET"]}}],"collection":[{"href":"https:\/\/www.sudoestehoje.com.br\/novoportal\/wp-json\/wp\/v2\/posts"}],"about":[{"href":"https:\/\/www.sudoestehoje.com.br\/novoportal\/wp-json\/wp\/v2\/types\/post"}],"author":[{"embeddable":true,"href":"https:\/\/www.sudoestehoje.com.br\/novoportal\/wp-json\/wp\/v2\/users\/2"}],"replies":[{"embeddable":true,"href":"https:\/\/www.sudoestehoje.com.br\/novoportal\/wp-json\/wp\/v2\/comments?post=5968"}],"version-history":[{"count":11,"href":"https:\/\/www.sudoestehoje.com.br\/novoportal\/wp-json\/wp\/v2\/posts\/5968\/revisions"}],"predecessor-version":[{"id":5972,"href":"https:\/\/www.sudoestehoje.com.br\/novoportal\/wp-json\/wp\/v2\/posts\/5968\/revisions\/5972"}],"wp:attachment":[{"href":"https:\/\/www.sudoestehoje.com.br\/novoportal\/wp-json\/wp\/v2\/media?parent=5968"}],"wp:term":[{"taxonomy":"category","embeddable":true,"href":"https:\/\/www.sudoestehoje.com.br\/novoportal\/wp-json\/wp\/v2\/categories?post=5968"},{"taxonomy":"post_tag","embeddable":true,"href":"https:\/\/www.sudoestehoje.com.br\/novoportal\/wp-json\/wp\/v2\/tags?post=5968"}],"curies":[{"name":"wp","href":"https:\/\/api.w.org\/{rel}","templated":true}]}}