
{"id":59665,"date":"2016-08-19T18:00:13","date_gmt":"2016-08-19T21:00:13","guid":{"rendered":"http:\/\/www.sudoestehoje.com.br\/novoportal\/?p=59665"},"modified":"2016-08-20T00:28:26","modified_gmt":"2016-08-20T03:28:26","slug":"itororo-dr-jaime-assume-secretaria-municipal-de-saude","status":"publish","type":"post","link":"https:\/\/www.sudoestehoje.com.br\/novoportal\/2016\/08\/19\/itororo-dr-jaime-assume-secretaria-municipal-de-saude\/","title":{"rendered":"ITOROR\u00d3: DR. JAIME ASSUME SECRETARIA MUNICIPAL DE SA\u00daDE"},"content":{"rendered":"<p><a href=\"http:\/\/www.sudoestehoje.com.br\/novoportal\/wp-content\/uploads\/2016\/08\/JAIME.jpg\" rel=\"attachment wp-att-59666\"><img loading=\"lazy\" decoding=\"async\" class=\"aligncenter size-medium wp-image-59666\" src=\"http:\/\/www.sudoestehoje.com.br\/novoportal\/wp-content\/uploads\/2016\/08\/JAIME-500x333.jpg\" alt=\"JAIME\" width=\"500\" height=\"333\" srcset=\"https:\/\/www.sudoestehoje.com.br\/novoportal\/wp-content\/uploads\/2016\/08\/JAIME-500x333.jpg 500w, https:\/\/www.sudoestehoje.com.br\/novoportal\/wp-content\/uploads\/2016\/08\/JAIME-700x467.jpg 700w, https:\/\/www.sudoestehoje.com.br\/novoportal\/wp-content\/uploads\/2016\/08\/JAIME.jpg 720w\" sizes=\"auto, (max-width: 500px) 100vw, 500px\" \/><\/a><\/p>\n<p>Na manh\u00e3 desta sexta-feira, 19, foi anunciado oficialmente que Dr. Jaime Balthazar assumir\u00e1 a pasta da secretaria de sa\u00fade no munic\u00edpio.<\/p>\n<p>Dr. Jaime tem bastante prest\u00edgio em Itoror\u00f3 devido a todo servi\u00e7o prestado a popula\u00e7\u00e3o ao longo de muitos anos em que atende na Funda\u00e7\u00e3o e Maternidade de Itoror\u00f3 e nos postos de sa\u00fade.<\/p>\n<p>Extremamente acess\u00edvel e bastante engajado nas quest\u00f5es sociais e ligadas a sa\u00fade municipal Dr. Jaime traz sua carga de experi\u00eancia para a secretaria de sa\u00fade. O m\u00e9dico atua como diretor-presidente do Hospital e assim permaneceu mesmo na \u00e9poca da crise, com isso, se tornou o nome mais acertado para se colocar a frente desta importante pasta do munic\u00edpio.<\/p>\n<p>Em seu discurso emocionado Dr. Jaime afirmou que sempre esteve ao lado dos itororoenses e que continuar\u00e1 trabalhando em prol a comunidade.<\/p>\n<p>Informa\u00e7\u00f5es do Blog Itoror\u00f3 J\u00e1<\/p>\n<p><img decoding=\"async\" class=\"aligncenter\" src=\"http:\/\/www.sudoestehoje.com.br\/novoportal\/wp-content\/uploads\/2015\/07\/%C3%93TICA-ITAPUAN-BANNER1-500x179.jpg\" alt=\"\u00d3TICA-ITAPUAN-BANNER1\" \/><\/p>\n","protected":false},"excerpt":{"rendered":"<p>Na manh\u00e3 desta sexta-feira, 19, foi anunciado oficialmente que Dr. Jaime Balthazar assumir\u00e1 a pasta da secretaria de sa\u00fade no munic\u00edpio. Dr. Jaime tem bastante prest\u00edgio em Itoror\u00f3 devido a todo servi\u00e7o prestado a popula\u00e7\u00e3o ao longo de muitos anos em que atende na Funda\u00e7\u00e3o e Maternidade de Itoror\u00f3 e nos postos de sa\u00fade. Extremamente [&hellip;]<\/p>\n","protected":false},"author":2,"featured_media":0,"comment_status":"open","ping_status":"open","sticky":false,"template":"","format":"standard","meta":{"footnotes":"","_links_to":"","_links_to_target":""},"categories":[1],"tags":[],"class_list":["post-59665","post","type-post","status-publish","format-standard","hentry","category-geral"],"views":1564,"_links":{"self":[{"href":"https:\/\/www.sudoestehoje.com.br\/novoportal\/wp-json\/wp\/v2\/posts\/59665","targetHints":{"allow":["GET"]}}],"collection":[{"href":"https:\/\/www.sudoestehoje.com.br\/novoportal\/wp-json\/wp\/v2\/posts"}],"about":[{"href":"https:\/\/www.sudoestehoje.com.br\/novoportal\/wp-json\/wp\/v2\/types\/post"}],"author":[{"embeddable":true,"href":"https:\/\/www.sudoestehoje.com.br\/novoportal\/wp-json\/wp\/v2\/users\/2"}],"replies":[{"embeddable":true,"href":"https:\/\/www.sudoestehoje.com.br\/novoportal\/wp-json\/wp\/v2\/comments?post=59665"}],"version-history":[{"count":3,"href":"https:\/\/www.sudoestehoje.com.br\/novoportal\/wp-json\/wp\/v2\/posts\/59665\/revisions"}],"predecessor-version":[{"id":59681,"href":"https:\/\/www.sudoestehoje.com.br\/novoportal\/wp-json\/wp\/v2\/posts\/59665\/revisions\/59681"}],"wp:attachment":[{"href":"https:\/\/www.sudoestehoje.com.br\/novoportal\/wp-json\/wp\/v2\/media?parent=59665"}],"wp:term":[{"taxonomy":"category","embeddable":true,"href":"https:\/\/www.sudoestehoje.com.br\/novoportal\/wp-json\/wp\/v2\/categories?post=59665"},{"taxonomy":"post_tag","embeddable":true,"href":"https:\/\/www.sudoestehoje.com.br\/novoportal\/wp-json\/wp\/v2\/tags?post=59665"}],"curies":[{"name":"wp","href":"https:\/\/api.w.org\/{rel}","templated":true}]}}