
{"id":59658,"date":"2016-08-19T17:25:55","date_gmt":"2016-08-19T20:25:55","guid":{"rendered":"http:\/\/www.sudoestehoje.com.br\/novoportal\/?p=59658"},"modified":"2016-08-20T00:30:46","modified_gmt":"2016-08-20T03:30:46","slug":"itapetinga-sibele-nery-e-nomeada-para-o-cargo-de-coordenadora-da-19a-ciretran","status":"publish","type":"post","link":"https:\/\/www.sudoestehoje.com.br\/novoportal\/2016\/08\/19\/itapetinga-sibele-nery-e-nomeada-para-o-cargo-de-coordenadora-da-19a-ciretran\/","title":{"rendered":"ITAPETINGA: SIBELE NERY ASSUMIR\u00c1 O CARGO DE COORDENADORA DA 19\u00aa CIRETRAN"},"content":{"rendered":"<p><a href=\"http:\/\/www.sudoestehoje.com.br\/novoportal\/wp-content\/uploads\/2016\/08\/sibele-nery2.png\" rel=\"attachment wp-att-59659\"><img loading=\"lazy\" decoding=\"async\" class=\"wp-image-59659 alignleft\" src=\"http:\/\/www.sudoestehoje.com.br\/novoportal\/wp-content\/uploads\/2016\/08\/sibele-nery2-500x494.png\" alt=\"sibele nery2\" width=\"250\" height=\"247\" srcset=\"https:\/\/www.sudoestehoje.com.br\/novoportal\/wp-content\/uploads\/2016\/08\/sibele-nery2-500x494.png 500w, https:\/\/www.sudoestehoje.com.br\/novoportal\/wp-content\/uploads\/2016\/08\/sibele-nery2.png 531w\" sizes=\"auto, (max-width: 250px) 100vw, 250px\" \/><\/a><\/p>\n<p>De acordo com informa\u00e7\u00f5es de fonte ligada ao PT, a ex-secret\u00e1ria municipal de educa\u00e7\u00e3o, Sibele Nery, dever\u00e1 \u00a0ocupar o cargo de Coordenadora Regional da 19\u00aa Ciretran, sediada em Itapetinga.<\/p>\n<p>Ligada politicamente ao deputado estadual Rosemberg Pinto (PT), Sibele Nery deixou a Secretaria de Educa\u00e7\u00e3o para se candidatar a prefeita pelo PT, mas acabou desistindo em raz\u00e3o do veto do prefeito Z\u00e9 Carlos, que preferiu apoiar a candidatura do pedetista Tiquinho Nogueira.<\/p>\n<p>As articula\u00e7\u00f5es do deputado Rosemberg tamb\u00e9m se mostraram infrut\u00edferas quando tentou encaixar Sibele como vice na chapa do governista Al\u00e9cio Chaves (PSD), o que inviabilizou definitivamente os planos pol\u00edticos de ex-secret\u00e1ria para o pleito de outubro.<\/p>\n<p>Segundo informa\u00e7\u00f5es colhidas pelo Sudoeste Hoje, a nova coordenadora dever\u00e1 passar por um treinamento no Detran, em Salvador, para depois assumir suas novas fun\u00e7\u00f5es.<\/p>\n<p><strong><em>Por Davi Ferraz\u00a0<\/em><\/strong><\/p>\n<p><img decoding=\"async\" class=\"aligncenter\" src=\"http:\/\/www.sudoestehoje.com.br\/novoportal\/wp-content\/uploads\/2014\/07\/Feira-do-Lar-1.png\" alt=\"Feira-do-Lar (1)\" \/><\/p>\n","protected":false},"excerpt":{"rendered":"<p>De acordo com informa\u00e7\u00f5es de fonte ligada ao PT, a ex-secret\u00e1ria municipal de educa\u00e7\u00e3o, Sibele Nery, dever\u00e1 \u00a0ocupar o cargo de Coordenadora Regional da 19\u00aa Ciretran, sediada em Itapetinga. Ligada politicamente ao deputado estadual Rosemberg Pinto (PT), Sibele Nery deixou a Secretaria de Educa\u00e7\u00e3o para se candidatar a prefeita pelo PT, mas acabou desistindo em [&hellip;]<\/p>\n","protected":false},"author":2,"featured_media":0,"comment_status":"open","ping_status":"open","sticky":false,"template":"","format":"standard","meta":{"footnotes":"","_links_to":"","_links_to_target":""},"categories":[1],"tags":[],"class_list":["post-59658","post","type-post","status-publish","format-standard","hentry","category-geral"],"views":2315,"_links":{"self":[{"href":"https:\/\/www.sudoestehoje.com.br\/novoportal\/wp-json\/wp\/v2\/posts\/59658","targetHints":{"allow":["GET"]}}],"collection":[{"href":"https:\/\/www.sudoestehoje.com.br\/novoportal\/wp-json\/wp\/v2\/posts"}],"about":[{"href":"https:\/\/www.sudoestehoje.com.br\/novoportal\/wp-json\/wp\/v2\/types\/post"}],"author":[{"embeddable":true,"href":"https:\/\/www.sudoestehoje.com.br\/novoportal\/wp-json\/wp\/v2\/users\/2"}],"replies":[{"embeddable":true,"href":"https:\/\/www.sudoestehoje.com.br\/novoportal\/wp-json\/wp\/v2\/comments?post=59658"}],"version-history":[{"count":6,"href":"https:\/\/www.sudoestehoje.com.br\/novoportal\/wp-json\/wp\/v2\/posts\/59658\/revisions"}],"predecessor-version":[{"id":59682,"href":"https:\/\/www.sudoestehoje.com.br\/novoportal\/wp-json\/wp\/v2\/posts\/59658\/revisions\/59682"}],"wp:attachment":[{"href":"https:\/\/www.sudoestehoje.com.br\/novoportal\/wp-json\/wp\/v2\/media?parent=59658"}],"wp:term":[{"taxonomy":"category","embeddable":true,"href":"https:\/\/www.sudoestehoje.com.br\/novoportal\/wp-json\/wp\/v2\/categories?post=59658"},{"taxonomy":"post_tag","embeddable":true,"href":"https:\/\/www.sudoestehoje.com.br\/novoportal\/wp-json\/wp\/v2\/tags?post=59658"}],"curies":[{"name":"wp","href":"https:\/\/api.w.org\/{rel}","templated":true}]}}