
{"id":59653,"date":"2016-08-19T13:19:38","date_gmt":"2016-08-19T16:19:38","guid":{"rendered":"http:\/\/www.sudoestehoje.com.br\/novoportal\/?p=59653"},"modified":"2016-08-20T00:32:24","modified_gmt":"2016-08-20T03:32:24","slug":"confira-a-agenda-dos-candidatos-1908","status":"publish","type":"post","link":"https:\/\/www.sudoestehoje.com.br\/novoportal\/2016\/08\/19\/confira-a-agenda-dos-candidatos-1908\/","title":{"rendered":"CONFIRA A AGENDA DOS CANDIDATOS (19\/08)"},"content":{"rendered":"<p><a href=\"http:\/\/www.sudoestehoje.com.br\/novoportal\/wp-content\/uploads\/2016\/08\/agenda-nova.jpg\" rel=\"attachment wp-att-59654\"><img loading=\"lazy\" decoding=\"async\" class=\"aligncenter size-medium wp-image-59654\" src=\"http:\/\/www.sudoestehoje.com.br\/novoportal\/wp-content\/uploads\/2016\/08\/agenda-nova-500x331.jpg\" alt=\"agenda nova\" width=\"500\" height=\"331\" srcset=\"https:\/\/www.sudoestehoje.com.br\/novoportal\/wp-content\/uploads\/2016\/08\/agenda-nova-500x331.jpg 500w, https:\/\/www.sudoestehoje.com.br\/novoportal\/wp-content\/uploads\/2016\/08\/agenda-nova-768x508.jpg 768w, https:\/\/www.sudoestehoje.com.br\/novoportal\/wp-content\/uploads\/2016\/08\/agenda-nova-700x463.jpg 700w, https:\/\/www.sudoestehoje.com.br\/novoportal\/wp-content\/uploads\/2016\/08\/agenda-nova.jpg 960w\" sizes=\"auto, (max-width: 500px) 100vw, 500px\" \/><\/a><\/p>\n<p><strong>Rodrigo Hagge e Renan (PMDB\/DEM)<\/strong><\/p>\n<p>15h &#8211; Corpo a corpo na Nova Itapetinga, com\u00a0concentra\u00e7\u00e3o na pracinha das Casas Populares.<\/p>\n<p><strong>Adriano Alc\u00e2ntara e Henrique (PSDB)<\/strong><\/p>\n<p>Ascom n\u00e3o enviou agenda<\/p>\n<p><strong>Hild\u00e9rico Nogueira e L\u00e9o Matos (PDT\/PR)<\/strong><\/p>\n<p>19h &#8211; Lan\u00e7amento da candidatura de Mirinha, no 12 de Dezembro<\/p>\n<p><strong>Al\u00e9cio Chaves e Miraldo Mota (PSD\/REDE)<\/strong><\/p>\n<p>Ascom n\u00e3o enviou agenda<\/p>\n<p><img loading=\"lazy\" decoding=\"async\" class=\"aligncenter\" src=\"http:\/\/www.sudoestehoje.com.br\/novoportal\/wp-content\/uploads\/2014\/11\/Logomarca-HB-Sementes-500x134.jpg\" alt=\"Logomarca HB Sementes\" width=\"500\" height=\"134\" \/><\/p>\n","protected":false},"excerpt":{"rendered":"<p>Rodrigo Hagge e Renan (PMDB\/DEM) 15h &#8211; Corpo a corpo na Nova Itapetinga, com\u00a0concentra\u00e7\u00e3o na pracinha das Casas Populares. Adriano Alc\u00e2ntara e Henrique (PSDB) Ascom n\u00e3o enviou agenda Hild\u00e9rico Nogueira e L\u00e9o Matos (PDT\/PR) 19h &#8211; Lan\u00e7amento da candidatura de Mirinha, no 12 de Dezembro Al\u00e9cio Chaves e Miraldo Mota (PSD\/REDE) Ascom n\u00e3o enviou agenda<\/p>\n","protected":false},"author":2,"featured_media":0,"comment_status":"open","ping_status":"open","sticky":false,"template":"","format":"standard","meta":{"footnotes":"","_links_to":"","_links_to_target":""},"categories":[1],"tags":[],"class_list":["post-59653","post","type-post","status-publish","format-standard","hentry","category-geral"],"views":1265,"_links":{"self":[{"href":"https:\/\/www.sudoestehoje.com.br\/novoportal\/wp-json\/wp\/v2\/posts\/59653","targetHints":{"allow":["GET"]}}],"collection":[{"href":"https:\/\/www.sudoestehoje.com.br\/novoportal\/wp-json\/wp\/v2\/posts"}],"about":[{"href":"https:\/\/www.sudoestehoje.com.br\/novoportal\/wp-json\/wp\/v2\/types\/post"}],"author":[{"embeddable":true,"href":"https:\/\/www.sudoestehoje.com.br\/novoportal\/wp-json\/wp\/v2\/users\/2"}],"replies":[{"embeddable":true,"href":"https:\/\/www.sudoestehoje.com.br\/novoportal\/wp-json\/wp\/v2\/comments?post=59653"}],"version-history":[{"count":5,"href":"https:\/\/www.sudoestehoje.com.br\/novoportal\/wp-json\/wp\/v2\/posts\/59653\/revisions"}],"predecessor-version":[{"id":59684,"href":"https:\/\/www.sudoestehoje.com.br\/novoportal\/wp-json\/wp\/v2\/posts\/59653\/revisions\/59684"}],"wp:attachment":[{"href":"https:\/\/www.sudoestehoje.com.br\/novoportal\/wp-json\/wp\/v2\/media?parent=59653"}],"wp:term":[{"taxonomy":"category","embeddable":true,"href":"https:\/\/www.sudoestehoje.com.br\/novoportal\/wp-json\/wp\/v2\/categories?post=59653"},{"taxonomy":"post_tag","embeddable":true,"href":"https:\/\/www.sudoestehoje.com.br\/novoportal\/wp-json\/wp\/v2\/tags?post=59653"}],"curies":[{"name":"wp","href":"https:\/\/api.w.org\/{rel}","templated":true}]}}