
{"id":59644,"date":"2016-08-19T01:45:06","date_gmt":"2016-08-19T04:45:06","guid":{"rendered":"http:\/\/www.sudoestehoje.com.br\/novoportal\/?p=59644"},"modified":"2016-08-19T01:45:06","modified_gmt":"2016-08-19T04:45:06","slug":"eleicoes-marcos-brasil-se-destaca-na-campanha-ao-lado-de-rodrigo-e-renan","status":"publish","type":"post","link":"https:\/\/www.sudoestehoje.com.br\/novoportal\/2016\/08\/19\/eleicoes-marcos-brasil-se-destaca-na-campanha-ao-lado-de-rodrigo-e-renan\/","title":{"rendered":"ELEI\u00c7\u00d5ES: MARCOS BRASIL SE DESTACA NA CAMPANHA AO LADO DE RODRIGO E RENAN"},"content":{"rendered":"<p><a href=\"http:\/\/www.sudoestehoje.com.br\/novoportal\/wp-content\/uploads\/2016\/08\/marcos-brasil-1.jpg\" rel=\"attachment wp-att-59645\"><img loading=\"lazy\" decoding=\"async\" class=\"aligncenter size-medium wp-image-59645\" src=\"http:\/\/www.sudoestehoje.com.br\/novoportal\/wp-content\/uploads\/2016\/08\/marcos-brasil-1-500x281.jpg\" alt=\"marcos brasil 1\" width=\"500\" height=\"281\" srcset=\"https:\/\/www.sudoestehoje.com.br\/novoportal\/wp-content\/uploads\/2016\/08\/marcos-brasil-1-500x281.jpg 500w, https:\/\/www.sudoestehoje.com.br\/novoportal\/wp-content\/uploads\/2016\/08\/marcos-brasil-1-768x432.jpg 768w, https:\/\/www.sudoestehoje.com.br\/novoportal\/wp-content\/uploads\/2016\/08\/marcos-brasil-1-700x394.jpg 700w, https:\/\/www.sudoestehoje.com.br\/novoportal\/wp-content\/uploads\/2016\/08\/marcos-brasil-1.jpg 960w\" sizes=\"auto, (max-width: 500px) 100vw, 500px\" \/><\/a><\/p>\n<p>Quem vem se destacando nas atividades de campanha da chapa RR \u00e9 o candidato a vereador Marcos Brasil (DEM), um dos mais preparados e experientes da coliga\u00e7\u00e3o oposicionista.<\/p>\n<p>Marco Brasil tem fortes liga\u00e7\u00f5es com o setor evang\u00e9lico e patrocina projetos importantes na \u00e1rea do meio ambiente, com foco na recomposi\u00e7\u00e3o da mata ciliar do Rio Catol\u00e9, hoje totalmente assoreado e polu\u00eddo no per\u00edmetro urbano de Itapetinga.<\/p>\n<p><a href=\"http:\/\/www.sudoestehoje.com.br\/novoportal\/wp-content\/uploads\/2016\/08\/marcos-brasil-2.jpg\" rel=\"attachment wp-att-59646\"><img loading=\"lazy\" decoding=\"async\" class=\"aligncenter size-medium wp-image-59646\" src=\"http:\/\/www.sudoestehoje.com.br\/novoportal\/wp-content\/uploads\/2016\/08\/marcos-brasil-2-500x281.jpg\" alt=\"marcos brasil 2\" width=\"500\" height=\"281\" srcset=\"https:\/\/www.sudoestehoje.com.br\/novoportal\/wp-content\/uploads\/2016\/08\/marcos-brasil-2-500x281.jpg 500w, https:\/\/www.sudoestehoje.com.br\/novoportal\/wp-content\/uploads\/2016\/08\/marcos-brasil-2-768x432.jpg 768w, https:\/\/www.sudoestehoje.com.br\/novoportal\/wp-content\/uploads\/2016\/08\/marcos-brasil-2-700x394.jpg 700w, https:\/\/www.sudoestehoje.com.br\/novoportal\/wp-content\/uploads\/2016\/08\/marcos-brasil-2.jpg 960w\" sizes=\"auto, (max-width: 500px) 100vw, 500px\" \/><\/a><\/p>\n<p>Marcos, que tamb\u00e9m atua no setor da constru\u00e7\u00e3o civil, vem colocando toda a sua experi\u00eancia \u00e0 disposi\u00e7\u00e3o da dupla RR, principalmente na elabora\u00e7\u00e3o do plano de governo que dever\u00e1 nortear a campanha e a futura administra\u00e7\u00e3o de Rodrigo e Renan, caso venham a ser eleitos prefeito e vice de Itapetinga.<\/p>\n<p><strong><em>Por Davi Ferraz<\/em><\/strong><\/p>\n","protected":false},"excerpt":{"rendered":"<p>Quem vem se destacando nas atividades de campanha da chapa RR \u00e9 o candidato a vereador Marcos Brasil (DEM), um dos mais preparados e experientes da coliga\u00e7\u00e3o oposicionista. Marco Brasil tem fortes liga\u00e7\u00f5es com o setor evang\u00e9lico e patrocina projetos importantes na \u00e1rea do meio ambiente, com foco na recomposi\u00e7\u00e3o da mata ciliar do Rio [&hellip;]<\/p>\n","protected":false},"author":2,"featured_media":0,"comment_status":"open","ping_status":"open","sticky":false,"template":"","format":"standard","meta":{"footnotes":"","_links_to":"","_links_to_target":""},"categories":[1],"tags":[],"class_list":["post-59644","post","type-post","status-publish","format-standard","hentry","category-geral"],"views":2101,"_links":{"self":[{"href":"https:\/\/www.sudoestehoje.com.br\/novoportal\/wp-json\/wp\/v2\/posts\/59644","targetHints":{"allow":["GET"]}}],"collection":[{"href":"https:\/\/www.sudoestehoje.com.br\/novoportal\/wp-json\/wp\/v2\/posts"}],"about":[{"href":"https:\/\/www.sudoestehoje.com.br\/novoportal\/wp-json\/wp\/v2\/types\/post"}],"author":[{"embeddable":true,"href":"https:\/\/www.sudoestehoje.com.br\/novoportal\/wp-json\/wp\/v2\/users\/2"}],"replies":[{"embeddable":true,"href":"https:\/\/www.sudoestehoje.com.br\/novoportal\/wp-json\/wp\/v2\/comments?post=59644"}],"version-history":[{"count":1,"href":"https:\/\/www.sudoestehoje.com.br\/novoportal\/wp-json\/wp\/v2\/posts\/59644\/revisions"}],"predecessor-version":[{"id":59647,"href":"https:\/\/www.sudoestehoje.com.br\/novoportal\/wp-json\/wp\/v2\/posts\/59644\/revisions\/59647"}],"wp:attachment":[{"href":"https:\/\/www.sudoestehoje.com.br\/novoportal\/wp-json\/wp\/v2\/media?parent=59644"}],"wp:term":[{"taxonomy":"category","embeddable":true,"href":"https:\/\/www.sudoestehoje.com.br\/novoportal\/wp-json\/wp\/v2\/categories?post=59644"},{"taxonomy":"post_tag","embeddable":true,"href":"https:\/\/www.sudoestehoje.com.br\/novoportal\/wp-json\/wp\/v2\/tags?post=59644"}],"curies":[{"name":"wp","href":"https:\/\/api.w.org\/{rel}","templated":true}]}}