
{"id":59629,"date":"2016-08-18T23:59:46","date_gmt":"2016-08-19T02:59:46","guid":{"rendered":"http:\/\/www.sudoestehoje.com.br\/novoportal\/?p=59629"},"modified":"2016-08-19T00:24:42","modified_gmt":"2016-08-19T03:24:42","slug":"eleicoes-tiquinho-e-leo-matos-visitam-a-vila-riachao-e-o-sao-francisco","status":"publish","type":"post","link":"https:\/\/www.sudoestehoje.com.br\/novoportal\/2016\/08\/18\/eleicoes-tiquinho-e-leo-matos-visitam-a-vila-riachao-e-o-sao-francisco\/","title":{"rendered":"ELEI\u00c7\u00d5ES: TIQUINHO E L\u00c9O MATOS VISITAM A VILA RIACH\u00c3O E O S\u00c3O FRANCISCO"},"content":{"rendered":"<p><a href=\"http:\/\/www.sudoestehoje.com.br\/novoportal\/wp-content\/uploads\/2016\/08\/tiquinho-1.jpg\" rel=\"attachment wp-att-59630\"><img loading=\"lazy\" decoding=\"async\" class=\"aligncenter size-medium wp-image-59630\" src=\"http:\/\/www.sudoestehoje.com.br\/novoportal\/wp-content\/uploads\/2016\/08\/tiquinho-1-500x375.jpg\" alt=\"tiquinho 1\" width=\"500\" height=\"375\" srcset=\"https:\/\/www.sudoestehoje.com.br\/novoportal\/wp-content\/uploads\/2016\/08\/tiquinho-1-500x375.jpg 500w, https:\/\/www.sudoestehoje.com.br\/novoportal\/wp-content\/uploads\/2016\/08\/tiquinho-1-768x576.jpg 768w, https:\/\/www.sudoestehoje.com.br\/novoportal\/wp-content\/uploads\/2016\/08\/tiquinho-1-700x525.jpg 700w, https:\/\/www.sudoestehoje.com.br\/novoportal\/wp-content\/uploads\/2016\/08\/tiquinho-1.jpg 960w\" sizes=\"auto, (max-width: 500px) 100vw, 500px\" \/><\/a><\/p>\n<p>Na noite desta quinta-feira (18), o candidato a prefeito Hild\u00e9rico Nogueira \u201cTiquinho\u201d, do PDT e o candidato a vice L\u00e9o Matos (PR), da coliga\u00e7\u00e3o \u201cNovo Tempo\u201d, composta por PDT, PR, PSL, PRP, PTdoB, PPL, PEN, PRTB, PTN, PRB, PV\u00a0e\u00a0Solidariedade, participaram de reuni\u00f5es na Vila Riachao e no S\u00e3o Francisco.<\/p>\n<p><a href=\"http:\/\/www.sudoestehoje.com.br\/novoportal\/wp-content\/uploads\/2016\/08\/tiquinho-2.jpg\" rel=\"attachment wp-att-59631\"><img loading=\"lazy\" decoding=\"async\" class=\"aligncenter size-medium wp-image-59631\" src=\"http:\/\/www.sudoestehoje.com.br\/novoportal\/wp-content\/uploads\/2016\/08\/tiquinho-2-500x375.jpg\" alt=\"tiquinho 2\" width=\"500\" height=\"375\" srcset=\"https:\/\/www.sudoestehoje.com.br\/novoportal\/wp-content\/uploads\/2016\/08\/tiquinho-2-500x375.jpg 500w, https:\/\/www.sudoestehoje.com.br\/novoportal\/wp-content\/uploads\/2016\/08\/tiquinho-2-768x576.jpg 768w, https:\/\/www.sudoestehoje.com.br\/novoportal\/wp-content\/uploads\/2016\/08\/tiquinho-2-700x525.jpg 700w, https:\/\/www.sudoestehoje.com.br\/novoportal\/wp-content\/uploads\/2016\/08\/tiquinho-2.jpg 960w\" sizes=\"auto, (max-width: 500px) 100vw, 500px\" \/><\/a><\/p>\n<p>Na oportunidade, grande n\u00famero de pessoas compareceram para escutar as propostas do Plano de Governo do #12. O pedetista Tiquinho deu \u00eanfase na Educa\u00e7\u00e3o, que ser\u00e1 uma bandeira em seu Governo, visto que o seu partido, desde os tempos de Leonel Brizola prioriza o saber.<\/p>\n<p><a href=\"http:\/\/www.sudoestehoje.com.br\/novoportal\/wp-content\/uploads\/2016\/08\/tiquinho-3.jpg\" rel=\"attachment wp-att-59632\"><img loading=\"lazy\" decoding=\"async\" class=\"aligncenter size-medium wp-image-59632\" src=\"http:\/\/www.sudoestehoje.com.br\/novoportal\/wp-content\/uploads\/2016\/08\/tiquinho-3-500x375.jpg\" alt=\"tiquinho 3\" width=\"500\" height=\"375\" srcset=\"https:\/\/www.sudoestehoje.com.br\/novoportal\/wp-content\/uploads\/2016\/08\/tiquinho-3-500x375.jpg 500w, https:\/\/www.sudoestehoje.com.br\/novoportal\/wp-content\/uploads\/2016\/08\/tiquinho-3-768x576.jpg 768w, https:\/\/www.sudoestehoje.com.br\/novoportal\/wp-content\/uploads\/2016\/08\/tiquinho-3-700x525.jpg 700w, https:\/\/www.sudoestehoje.com.br\/novoportal\/wp-content\/uploads\/2016\/08\/tiquinho-3.jpg 960w\" sizes=\"auto, (max-width: 500px) 100vw, 500px\" \/><\/a><\/p>\n<p>J\u00e1 o republicano, Leonardo Matos destacou a import\u00e2ncia da gera\u00e7\u00e3o de emprego e o entusiasmo com o crescimento da participa\u00e7\u00e3o popular desde o in\u00edcio do processo eleitoral, que se encerra no dia 02 de Outubro.<\/p>\n<p><a href=\"http:\/\/www.sudoestehoje.com.br\/novoportal\/wp-content\/uploads\/2016\/08\/tiquinho-4.jpg\" rel=\"attachment wp-att-59633\"><img loading=\"lazy\" decoding=\"async\" class=\"aligncenter size-medium wp-image-59633\" src=\"http:\/\/www.sudoestehoje.com.br\/novoportal\/wp-content\/uploads\/2016\/08\/tiquinho-4-500x375.jpg\" alt=\"tiquinho 4\" width=\"500\" height=\"375\" srcset=\"https:\/\/www.sudoestehoje.com.br\/novoportal\/wp-content\/uploads\/2016\/08\/tiquinho-4-500x375.jpg 500w, https:\/\/www.sudoestehoje.com.br\/novoportal\/wp-content\/uploads\/2016\/08\/tiquinho-4-768x576.jpg 768w, https:\/\/www.sudoestehoje.com.br\/novoportal\/wp-content\/uploads\/2016\/08\/tiquinho-4-700x525.jpg 700w, https:\/\/www.sudoestehoje.com.br\/novoportal\/wp-content\/uploads\/2016\/08\/tiquinho-4.jpg 960w\" sizes=\"auto, (max-width: 500px) 100vw, 500px\" \/><\/a><\/p>\n<p>Candidatos a vereador da Coliga\u00e7\u00e3o tamb\u00e9m prestigiaram o evento no Bairro S\u00e3o Francisco com destaque para o candidato a vereador Diga Diga, que ao lado de seu pai Diva e da sua esposa Mariana Cardoso, levaram uma multid\u00e3o da rua Humberto do Campos at\u00e9 a resid\u00eancia da moradora Aurizete, nas proximidades da pra\u00e7a Zilda Ribeiro.<\/p>\n<p><a href=\"http:\/\/www.sudoestehoje.com.br\/novoportal\/wp-content\/uploads\/2016\/08\/diga-2.jpg\" rel=\"attachment wp-att-59638\"><img loading=\"lazy\" decoding=\"async\" class=\"aligncenter size-medium wp-image-59638\" src=\"http:\/\/www.sudoestehoje.com.br\/novoportal\/wp-content\/uploads\/2016\/08\/diga-2-500x375.jpg\" alt=\"diga 2\" width=\"500\" height=\"375\" srcset=\"https:\/\/www.sudoestehoje.com.br\/novoportal\/wp-content\/uploads\/2016\/08\/diga-2-500x375.jpg 500w, https:\/\/www.sudoestehoje.com.br\/novoportal\/wp-content\/uploads\/2016\/08\/diga-2-768x576.jpg 768w, https:\/\/www.sudoestehoje.com.br\/novoportal\/wp-content\/uploads\/2016\/08\/diga-2-700x525.jpg 700w, https:\/\/www.sudoestehoje.com.br\/novoportal\/wp-content\/uploads\/2016\/08\/diga-2.jpg 1280w\" sizes=\"auto, (max-width: 500px) 100vw, 500px\" \/><\/a><\/p>\n<p><strong><em>Ascom PR<\/em><\/strong><\/p>\n","protected":false},"excerpt":{"rendered":"<p>Na noite desta quinta-feira (18), o candidato a prefeito Hild\u00e9rico Nogueira \u201cTiquinho\u201d, do PDT e o candidato a vice L\u00e9o Matos (PR), da coliga\u00e7\u00e3o \u201cNovo Tempo\u201d, composta por PDT, PR, PSL, PRP, PTdoB, PPL, PEN, PRTB, PTN, PRB, PV\u00a0e\u00a0Solidariedade, participaram de reuni\u00f5es na Vila Riachao e no S\u00e3o Francisco. Na oportunidade, grande n\u00famero de pessoas [&hellip;]<\/p>\n","protected":false},"author":2,"featured_media":0,"comment_status":"open","ping_status":"open","sticky":false,"template":"","format":"standard","meta":{"footnotes":"","_links_to":"","_links_to_target":""},"categories":[1],"tags":[],"class_list":["post-59629","post","type-post","status-publish","format-standard","hentry","category-geral"],"views":1544,"_links":{"self":[{"href":"https:\/\/www.sudoestehoje.com.br\/novoportal\/wp-json\/wp\/v2\/posts\/59629","targetHints":{"allow":["GET"]}}],"collection":[{"href":"https:\/\/www.sudoestehoje.com.br\/novoportal\/wp-json\/wp\/v2\/posts"}],"about":[{"href":"https:\/\/www.sudoestehoje.com.br\/novoportal\/wp-json\/wp\/v2\/types\/post"}],"author":[{"embeddable":true,"href":"https:\/\/www.sudoestehoje.com.br\/novoportal\/wp-json\/wp\/v2\/users\/2"}],"replies":[{"embeddable":true,"href":"https:\/\/www.sudoestehoje.com.br\/novoportal\/wp-json\/wp\/v2\/comments?post=59629"}],"version-history":[{"count":4,"href":"https:\/\/www.sudoestehoje.com.br\/novoportal\/wp-json\/wp\/v2\/posts\/59629\/revisions"}],"predecessor-version":[{"id":59639,"href":"https:\/\/www.sudoestehoje.com.br\/novoportal\/wp-json\/wp\/v2\/posts\/59629\/revisions\/59639"}],"wp:attachment":[{"href":"https:\/\/www.sudoestehoje.com.br\/novoportal\/wp-json\/wp\/v2\/media?parent=59629"}],"wp:term":[{"taxonomy":"category","embeddable":true,"href":"https:\/\/www.sudoestehoje.com.br\/novoportal\/wp-json\/wp\/v2\/categories?post=59629"},{"taxonomy":"post_tag","embeddable":true,"href":"https:\/\/www.sudoestehoje.com.br\/novoportal\/wp-json\/wp\/v2\/tags?post=59629"}],"curies":[{"name":"wp","href":"https:\/\/api.w.org\/{rel}","templated":true}]}}