
{"id":59607,"date":"2016-08-18T16:24:23","date_gmt":"2016-08-18T19:24:23","guid":{"rendered":"http:\/\/www.sudoestehoje.com.br\/novoportal\/?p=59607"},"modified":"2016-08-18T17:35:50","modified_gmt":"2016-08-18T20:35:50","slug":"rio-2016-dupla-feminina-do-brasil-conquista-medalha-de-ouro-na-vela","status":"publish","type":"post","link":"https:\/\/www.sudoestehoje.com.br\/novoportal\/2016\/08\/18\/rio-2016-dupla-feminina-do-brasil-conquista-medalha-de-ouro-na-vela\/","title":{"rendered":"RIO 2016: DUPLA FEMININA DO BRASIL CONQUISTA MEDALHA DE OURO NA VELA"},"content":{"rendered":"<p><a href=\"http:\/\/www.sudoestehoje.com.br\/novoportal\/wp-content\/uploads\/2016\/08\/ouro-na-vela.jpg\" rel=\"attachment wp-att-59608\"><img loading=\"lazy\" decoding=\"async\" class=\"aligncenter size-medium wp-image-59608\" src=\"http:\/\/www.sudoestehoje.com.br\/novoportal\/wp-content\/uploads\/2016\/08\/ouro-na-vela-500x333.jpg\" alt=\"ouro na vela\" width=\"500\" height=\"333\" srcset=\"https:\/\/www.sudoestehoje.com.br\/novoportal\/wp-content\/uploads\/2016\/08\/ouro-na-vela-500x333.jpg 500w, https:\/\/www.sudoestehoje.com.br\/novoportal\/wp-content\/uploads\/2016\/08\/ouro-na-vela.jpg 680w\" sizes=\"auto, (max-width: 500px) 100vw, 500px\" \/><\/a><\/p>\n<p>A dupla brasileira Martine Grael e Kahena Kunze chegou na 1\u00aa\u00a0posi\u00e7\u00e3o na \u00faltima regata da 49er e garantiu o ouro nesta quinta-feira. \u00c9 a primeira vez que essa classe \u00e9 disputada em uma Olimp\u00edada.<\/p>\n<p><a href=\"http:\/\/www.sudoestehoje.com.br\/novoportal\/wp-content\/uploads\/2016\/08\/OURIO-NA-VELA.jpg\" rel=\"attachment wp-att-59613\"><img loading=\"lazy\" decoding=\"async\" class=\"aligncenter size-medium wp-image-59613\" src=\"http:\/\/www.sudoestehoje.com.br\/novoportal\/wp-content\/uploads\/2016\/08\/OURIO-NA-VELA-500x300.jpg\" alt=\"OURIO NA VELA\" width=\"500\" height=\"300\" srcset=\"https:\/\/www.sudoestehoje.com.br\/novoportal\/wp-content\/uploads\/2016\/08\/OURIO-NA-VELA-500x300.jpg 500w, https:\/\/www.sudoestehoje.com.br\/novoportal\/wp-content\/uploads\/2016\/08\/OURIO-NA-VELA-768x461.jpg 768w, https:\/\/www.sudoestehoje.com.br\/novoportal\/wp-content\/uploads\/2016\/08\/OURIO-NA-VELA-700x420.jpg 700w, https:\/\/www.sudoestehoje.com.br\/novoportal\/wp-content\/uploads\/2016\/08\/OURIO-NA-VELA.jpg 960w\" sizes=\"auto, (max-width: 500px) 100vw, 500px\" \/><\/a><\/p>\n<p>As brasileiras come\u00e7aram a \u00faltima prova,\u00a0realizada\u00a0na Ba\u00eda da Guanabara, tecnicamente empatadas com Espanha, Dinamarca e Nova Zel\u00e2ndia, e s\u00f3 dependiam de si mesmas para garantirem um lugar no p\u00f3dio.<\/p>\n<p><a href=\"http:\/\/www.sudoestehoje.com.br\/novoportal\/wp-content\/uploads\/2016\/08\/OURO-VELA.jpg\" rel=\"attachment wp-att-59614\"><img loading=\"lazy\" decoding=\"async\" class=\"aligncenter size-medium wp-image-59614\" src=\"http:\/\/www.sudoestehoje.com.br\/novoportal\/wp-content\/uploads\/2016\/08\/OURO-VELA-500x300.jpg\" alt=\"OURO VELA\" width=\"500\" height=\"300\" srcset=\"https:\/\/www.sudoestehoje.com.br\/novoportal\/wp-content\/uploads\/2016\/08\/OURO-VELA-500x300.jpg 500w, https:\/\/www.sudoestehoje.com.br\/novoportal\/wp-content\/uploads\/2016\/08\/OURO-VELA-768x461.jpg 768w, https:\/\/www.sudoestehoje.com.br\/novoportal\/wp-content\/uploads\/2016\/08\/OURO-VELA-700x420.jpg 700w, https:\/\/www.sudoestehoje.com.br\/novoportal\/wp-content\/uploads\/2016\/08\/OURO-VELA.jpg 960w\" sizes=\"auto, (max-width: 500px) 100vw, 500px\" \/><\/a><\/p>\n<p>A dupla estava atr\u00e1s das neozelandesas, e s\u00f3 assumiu a primeira coloca\u00e7\u00e3o na \u00faltima boia. A Nova Zel\u00e2ndia ficou com a prata e a Dinamarca, com o bronze.<\/p>\n<p><em><span style=\"text-decoration: underline;\"><span style=\"color: #0000ff;\"><a style=\"color: #0000ff; text-decoration: underline;\" href=\"https:\/\/www.google.com.br\/webhp?sourceid=chrome-instant&amp;ion=1&amp;espv=2&amp;ie=UTF-8#q=rio%202016%20quadro%20de%20medalhas&amp;mie=oly%2C%5B%22%2Fm%2F03tnk7%22%2C1%2C%22m%22%2C1%2Cnull%2Cnull%2Cnull%2Cnull%2Cnull%2Cnull%2Cnull%2Cnull%2Cnull%2Cnull%2Cnull%2Cnull%2Cnull%2Cnull%2Cnull%2C0%5D\">VEJA O QUADRO GERAL DE MEDALHAS<\/a><\/span><\/span><\/em><\/p>\n","protected":false},"excerpt":{"rendered":"<p>A dupla brasileira Martine Grael e Kahena Kunze chegou na 1\u00aa\u00a0posi\u00e7\u00e3o na \u00faltima regata da 49er e garantiu o ouro nesta quinta-feira. \u00c9 a primeira vez que essa classe \u00e9 disputada em uma Olimp\u00edada. As brasileiras come\u00e7aram a \u00faltima prova,\u00a0realizada\u00a0na Ba\u00eda da Guanabara, tecnicamente empatadas com Espanha, Dinamarca e Nova Zel\u00e2ndia, e s\u00f3 dependiam de [&hellip;]<\/p>\n","protected":false},"author":2,"featured_media":0,"comment_status":"open","ping_status":"open","sticky":false,"template":"","format":"standard","meta":{"footnotes":"","_links_to":"","_links_to_target":""},"categories":[1],"tags":[],"class_list":["post-59607","post","type-post","status-publish","format-standard","hentry","category-geral"],"views":1915,"_links":{"self":[{"href":"https:\/\/www.sudoestehoje.com.br\/novoportal\/wp-json\/wp\/v2\/posts\/59607","targetHints":{"allow":["GET"]}}],"collection":[{"href":"https:\/\/www.sudoestehoje.com.br\/novoportal\/wp-json\/wp\/v2\/posts"}],"about":[{"href":"https:\/\/www.sudoestehoje.com.br\/novoportal\/wp-json\/wp\/v2\/types\/post"}],"author":[{"embeddable":true,"href":"https:\/\/www.sudoestehoje.com.br\/novoportal\/wp-json\/wp\/v2\/users\/2"}],"replies":[{"embeddable":true,"href":"https:\/\/www.sudoestehoje.com.br\/novoportal\/wp-json\/wp\/v2\/comments?post=59607"}],"version-history":[{"count":4,"href":"https:\/\/www.sudoestehoje.com.br\/novoportal\/wp-json\/wp\/v2\/posts\/59607\/revisions"}],"predecessor-version":[{"id":59615,"href":"https:\/\/www.sudoestehoje.com.br\/novoportal\/wp-json\/wp\/v2\/posts\/59607\/revisions\/59615"}],"wp:attachment":[{"href":"https:\/\/www.sudoestehoje.com.br\/novoportal\/wp-json\/wp\/v2\/media?parent=59607"}],"wp:term":[{"taxonomy":"category","embeddable":true,"href":"https:\/\/www.sudoestehoje.com.br\/novoportal\/wp-json\/wp\/v2\/categories?post=59607"},{"taxonomy":"post_tag","embeddable":true,"href":"https:\/\/www.sudoestehoje.com.br\/novoportal\/wp-json\/wp\/v2\/tags?post=59607"}],"curies":[{"name":"wp","href":"https:\/\/api.w.org\/{rel}","templated":true}]}}