
{"id":596,"date":"2010-09-22T22:00:33","date_gmt":"2010-09-23T01:00:33","guid":{"rendered":"http:\/\/sudoestehoje.tempsite.ws\/novoportal\/?p=596"},"modified":"2010-09-23T09:46:22","modified_gmt":"2010-09-23T12:46:22","slug":"eleicoes-imprensa-aponta-sandro-regis-como-provavel-puxador-de-votos-da-coligacao-prpmdbpsc","status":"publish","type":"post","link":"https:\/\/www.sudoestehoje.com.br\/novoportal\/2010\/09\/22\/eleicoes-imprensa-aponta-sandro-regis-como-provavel-puxador-de-votos-da-coligacao-prpmdbpsc\/","title":{"rendered":"ELEI\u00c7\u00d5ES: IMPRENSA APONTA SANDRO R\u00c9GIS COMO PROV\u00c1VEL &#8216;PUXADOR DE VOTOS&#8217; DA COLIGA\u00c7\u00c3O PR\/PMDB\/PSC"},"content":{"rendered":"<div style=\"text-align: center;\"><a href=\"http:\/\/sudoestehoje.com.br\/web\/images\/stories\/sandro_p.jpg\"><img decoding=\"async\" src=\"http:\/\/sudoestehoje.com.br\/web\/images\/stories\/sandro_p.jpg\" border=\"0\" alt=\"\" \/><\/a><\/div>\n<div style=\"text-align: center;\"><a href=\"http:\/\/sudoestehoje.com.br\/web\/images\/stories\/sandro_p.jpg\">Sandro e F\u00e1bio Souto ao lado de Bahia, Naara e Dr. Arnaldo<\/a><\/div>\n<p style=\"text-align: center;\">\n<p>Nesta  reta final das elei\u00e7\u00f5es, alguns \u00f3rg\u00e3os de imprensa t\u00eam divulgado  pesquisas sobre os candidatos a deputado Federal e Estadual, revelando  os prov\u00e1veis &#8220;fen\u00f4menos&#8221;\u00a0e os chamados &#8220;puxadores de votos&#8221;. Na\u00a0Bahia,  um dos candidatos que v\u00eam despontando como\u00a0um prov\u00e1vel puxador de votos  para a sua legenda e coliga\u00e7\u00e3o \u00e9 o deputado Sandro R\u00e9gis.<\/p>\n<p>Em  2006 o Dem\u00a0(PFL) fez um chap\u00e3o com o PP e o PR, e o grande puxador de  votos da coliga\u00e7\u00e3o foi Sandro R\u00e9gis, com quase 100 mil votos.\u00a0Nas  elei\u00e7\u00f5es deste ano, o PR de Sandro coligou com o PMDB de Geddel e o PSC,  devendo eleger\u00a0uma grande bancada para a Assembl\u00e9ia Legislativa. Mais  uma vez, segundo noticiou o Jornal da Metr\u00f3pole, Sandro R\u00e9gis deve obter  vota\u00e7\u00e3o expressiva, garantindo a sua vit\u00f3ria e refor\u00e7ando a legenda.<\/p>\n<p>Em  Itapetinga, Sandro R\u00e9gis tem o apoio dos vereadores Naara Duarte e  Bahia, al\u00e9m do m\u00e9dico Arnaldo Teixeira, que formaram um expressivo grupo  de trabalho, com o objetivo de dar ao democrata uma boa vota\u00e7\u00e3o\u00a0no  munic\u00edpio.<\/p>\n<p>Da Reda\u00e7\u00e3o<\/p>\n","protected":false},"excerpt":{"rendered":"<p>Sandro e F\u00e1bio Souto ao lado de Bahia, Naara e Dr. Arnaldo Nesta reta final das elei\u00e7\u00f5es, alguns \u00f3rg\u00e3os de imprensa t\u00eam divulgado pesquisas sobre os candidatos a deputado Federal e Estadual, revelando os prov\u00e1veis &#8220;fen\u00f4menos&#8221;\u00a0e os chamados &#8220;puxadores de votos&#8221;. Na\u00a0Bahia, um dos candidatos que v\u00eam despontando como\u00a0um prov\u00e1vel puxador de votos para a [&hellip;]<\/p>\n","protected":false},"author":1,"featured_media":0,"comment_status":"open","ping_status":"open","sticky":false,"template":"","format":"standard","meta":{"footnotes":"","_links_to":"","_links_to_target":""},"categories":[1],"tags":[],"class_list":["post-596","post","type-post","status-publish","format-standard","hentry","category-geral"],"views":1233,"_links":{"self":[{"href":"https:\/\/www.sudoestehoje.com.br\/novoportal\/wp-json\/wp\/v2\/posts\/596","targetHints":{"allow":["GET"]}}],"collection":[{"href":"https:\/\/www.sudoestehoje.com.br\/novoportal\/wp-json\/wp\/v2\/posts"}],"about":[{"href":"https:\/\/www.sudoestehoje.com.br\/novoportal\/wp-json\/wp\/v2\/types\/post"}],"author":[{"embeddable":true,"href":"https:\/\/www.sudoestehoje.com.br\/novoportal\/wp-json\/wp\/v2\/users\/1"}],"replies":[{"embeddable":true,"href":"https:\/\/www.sudoestehoje.com.br\/novoportal\/wp-json\/wp\/v2\/comments?post=596"}],"version-history":[{"count":1,"href":"https:\/\/www.sudoestehoje.com.br\/novoportal\/wp-json\/wp\/v2\/posts\/596\/revisions"}],"predecessor-version":[{"id":597,"href":"https:\/\/www.sudoestehoje.com.br\/novoportal\/wp-json\/wp\/v2\/posts\/596\/revisions\/597"}],"wp:attachment":[{"href":"https:\/\/www.sudoestehoje.com.br\/novoportal\/wp-json\/wp\/v2\/media?parent=596"}],"wp:term":[{"taxonomy":"category","embeddable":true,"href":"https:\/\/www.sudoestehoje.com.br\/novoportal\/wp-json\/wp\/v2\/categories?post=596"},{"taxonomy":"post_tag","embeddable":true,"href":"https:\/\/www.sudoestehoje.com.br\/novoportal\/wp-json\/wp\/v2\/tags?post=596"}],"curies":[{"name":"wp","href":"https:\/\/api.w.org\/{rel}","templated":true}]}}