
{"id":59598,"date":"2016-08-18T08:49:08","date_gmt":"2016-08-18T11:49:08","guid":{"rendered":"http:\/\/www.sudoestehoje.com.br\/novoportal\/?p=59598"},"modified":"2016-08-18T08:49:08","modified_gmt":"2016-08-18T11:49:08","slug":"eleicoes-adriano-visita-o-americo-nogueira-e-moradores-pedem-socorro","status":"publish","type":"post","link":"https:\/\/www.sudoestehoje.com.br\/novoportal\/2016\/08\/18\/eleicoes-adriano-visita-o-americo-nogueira-e-moradores-pedem-socorro\/","title":{"rendered":"ELEI\u00c7\u00d5ES: ADRIANO VISITA O AM\u00c9RICO NOGUEIRA E MORADORES PEDEM SOCORRO"},"content":{"rendered":"<p><a href=\"http:\/\/www.sudoestehoje.com.br\/novoportal\/wp-content\/uploads\/2016\/08\/adriano-1.jpg\" rel=\"attachment wp-att-59599\"><img loading=\"lazy\" decoding=\"async\" class=\"aligncenter size-medium wp-image-59599\" src=\"http:\/\/www.sudoestehoje.com.br\/novoportal\/wp-content\/uploads\/2016\/08\/adriano-1-500x300.jpg\" alt=\"adriano 1\" width=\"500\" height=\"300\" srcset=\"https:\/\/www.sudoestehoje.com.br\/novoportal\/wp-content\/uploads\/2016\/08\/adriano-1-500x300.jpg 500w, https:\/\/www.sudoestehoje.com.br\/novoportal\/wp-content\/uploads\/2016\/08\/adriano-1-768x461.jpg 768w, https:\/\/www.sudoestehoje.com.br\/novoportal\/wp-content\/uploads\/2016\/08\/adriano-1-700x420.jpg 700w, https:\/\/www.sudoestehoje.com.br\/novoportal\/wp-content\/uploads\/2016\/08\/adriano-1.jpg 960w\" sizes=\"auto, (max-width: 500px) 100vw, 500px\" \/><\/a><\/p>\n<p>Em caminhada pelo bairro Am\u00e9rico Nogueira, durante os dias 16 e 17,ter\u00e7a e quarta-feira desta semana, o candidato a prefeito Adriano Alc\u00e2ntara e o candidato a vice prefeito Henrique Brugni, receberam pedidos de socorro dos moradores locais.<\/p>\n<p>Segundo eles, al\u00e9m do sofrimento com o aumento da criminalidade, gerada pelo crescente \u00edndice de desemprego, a popula\u00e7\u00e3o t\u00eam ainda que conviver com a falta de saneamento b\u00e1sico, coleta de lixo e ilumina\u00e7\u00e3o p\u00fablica.<\/p>\n<p>Falta tamb\u00e9m cal\u00e7amento em pra\u00e7as e ruas, o fornecimento de \u00e1gua n\u00e3o ocorre de maneira regular e a popula\u00e7\u00e3o n\u00e3o conta com agentes de sa\u00fade e nem m\u00e9dicos no posto de sa\u00fade mais pr\u00f3ximo. \u201cDesde que n\u00f3s chegamos por aqui, j\u00e1 fazem mais de 10 anos, s\u00f3 promessas. Dizem eu aqui vai ter uma pra\u00e7a\u201d, fala Luiz Henrique, mec\u00e2nico, morador do Am\u00e9rico Nogueira h\u00e1 mais de uma d\u00e9cada, sobre terreno com entulho, mato abundante, cen\u00e1rio de uma obra de saneamento b\u00e1sico inacabada, de onde o esgoto atualmente exposto exala forte mau cheiro.<\/p>\n<p><a href=\"http:\/\/www.sudoestehoje.com.br\/novoportal\/wp-content\/uploads\/2016\/08\/adriano-2.jpg\" rel=\"attachment wp-att-59600\"><img loading=\"lazy\" decoding=\"async\" class=\"aligncenter size-medium wp-image-59600\" src=\"http:\/\/www.sudoestehoje.com.br\/novoportal\/wp-content\/uploads\/2016\/08\/adriano-2-500x375.jpg\" alt=\"adriano 2\" width=\"500\" height=\"375\" srcset=\"https:\/\/www.sudoestehoje.com.br\/novoportal\/wp-content\/uploads\/2016\/08\/adriano-2-500x375.jpg 500w, https:\/\/www.sudoestehoje.com.br\/novoportal\/wp-content\/uploads\/2016\/08\/adriano-2-768x576.jpg 768w, https:\/\/www.sudoestehoje.com.br\/novoportal\/wp-content\/uploads\/2016\/08\/adriano-2-700x525.jpg 700w, https:\/\/www.sudoestehoje.com.br\/novoportal\/wp-content\/uploads\/2016\/08\/adriano-2.jpg 960w\" sizes=\"auto, (max-width: 500px) 100vw, 500px\" \/><\/a><\/p>\n<p>\u201cAgora que ta perto da elei\u00e7\u00e3o eles vem mexer aqui de novo, querendo nosso voto. Mas com f\u00e9 em Deus n\u00f3s vamos ter mudan\u00e7a\u201d, afirmou Luiz Henrique, que como muitos dos seus vizinhos encontraram em Adriano e Henrique esperan\u00e7a de mudan\u00e7a para a cidade de Itapetinga e o bairro onde moram.<\/p>\n<p>Ouvir a voz do povo e atender as suas demandas de forma eficiente, gerindo a prefeitura com transpar\u00eancia, respeito e aten\u00e7\u00e3o \u00e0s necessidades da popula\u00e7\u00e3o \u00e9 a motiva\u00e7\u00e3o da chapa \u201cUnidos por Itapetinga\u201d, enfatizou o candidato Adriano Alc\u00e2ntara que por onde passa reacende a esperan\u00e7a de mudan\u00e7a do cidad\u00e3o itapetinguense.<strong><em> Ascom PSDB<\/em><\/strong><\/p>\n","protected":false},"excerpt":{"rendered":"<p>Em caminhada pelo bairro Am\u00e9rico Nogueira, durante os dias 16 e 17,ter\u00e7a e quarta-feira desta semana, o candidato a prefeito Adriano Alc\u00e2ntara e o candidato a vice prefeito Henrique Brugni, receberam pedidos de socorro dos moradores locais. Segundo eles, al\u00e9m do sofrimento com o aumento da criminalidade, gerada pelo crescente \u00edndice de desemprego, a popula\u00e7\u00e3o [&hellip;]<\/p>\n","protected":false},"author":2,"featured_media":0,"comment_status":"open","ping_status":"open","sticky":false,"template":"","format":"standard","meta":{"footnotes":"","_links_to":"","_links_to_target":""},"categories":[1],"tags":[],"class_list":["post-59598","post","type-post","status-publish","format-standard","hentry","category-geral"],"views":1680,"_links":{"self":[{"href":"https:\/\/www.sudoestehoje.com.br\/novoportal\/wp-json\/wp\/v2\/posts\/59598","targetHints":{"allow":["GET"]}}],"collection":[{"href":"https:\/\/www.sudoestehoje.com.br\/novoportal\/wp-json\/wp\/v2\/posts"}],"about":[{"href":"https:\/\/www.sudoestehoje.com.br\/novoportal\/wp-json\/wp\/v2\/types\/post"}],"author":[{"embeddable":true,"href":"https:\/\/www.sudoestehoje.com.br\/novoportal\/wp-json\/wp\/v2\/users\/2"}],"replies":[{"embeddable":true,"href":"https:\/\/www.sudoestehoje.com.br\/novoportal\/wp-json\/wp\/v2\/comments?post=59598"}],"version-history":[{"count":1,"href":"https:\/\/www.sudoestehoje.com.br\/novoportal\/wp-json\/wp\/v2\/posts\/59598\/revisions"}],"predecessor-version":[{"id":59601,"href":"https:\/\/www.sudoestehoje.com.br\/novoportal\/wp-json\/wp\/v2\/posts\/59598\/revisions\/59601"}],"wp:attachment":[{"href":"https:\/\/www.sudoestehoje.com.br\/novoportal\/wp-json\/wp\/v2\/media?parent=59598"}],"wp:term":[{"taxonomy":"category","embeddable":true,"href":"https:\/\/www.sudoestehoje.com.br\/novoportal\/wp-json\/wp\/v2\/categories?post=59598"},{"taxonomy":"post_tag","embeddable":true,"href":"https:\/\/www.sudoestehoje.com.br\/novoportal\/wp-json\/wp\/v2\/tags?post=59598"}],"curies":[{"name":"wp","href":"https:\/\/api.w.org\/{rel}","templated":true}]}}