
{"id":59587,"date":"2016-08-18T01:41:41","date_gmt":"2016-08-18T04:41:41","guid":{"rendered":"http:\/\/www.sudoestehoje.com.br\/novoportal\/?p=59587"},"modified":"2016-08-18T01:41:41","modified_gmt":"2016-08-18T04:41:41","slug":"eleicoes-corpo-a-corpo-de-rodrigo-e-renan-na-nova-vira-uma-grande-caminhada","status":"publish","type":"post","link":"https:\/\/www.sudoestehoje.com.br\/novoportal\/2016\/08\/18\/eleicoes-corpo-a-corpo-de-rodrigo-e-renan-na-nova-vira-uma-grande-caminhada\/","title":{"rendered":"ELEI\u00c7\u00d5ES: CORPO A CORPO DE RODRIGO E RENAN NA NOVA VIRA UMA GRANDE CAMINHADA"},"content":{"rendered":"<p><a href=\"http:\/\/www.sudoestehoje.com.br\/novoportal\/wp-content\/uploads\/2016\/08\/CORPO-NOVA-1.jpg\" rel=\"attachment wp-att-59588\"><img loading=\"lazy\" decoding=\"async\" class=\"aligncenter size-medium wp-image-59588\" src=\"http:\/\/www.sudoestehoje.com.br\/novoportal\/wp-content\/uploads\/2016\/08\/CORPO-NOVA-1-500x231.jpg\" alt=\"CORPO NOVA 1\" width=\"500\" height=\"231\" srcset=\"https:\/\/www.sudoestehoje.com.br\/novoportal\/wp-content\/uploads\/2016\/08\/CORPO-NOVA-1-500x231.jpg 500w, https:\/\/www.sudoestehoje.com.br\/novoportal\/wp-content\/uploads\/2016\/08\/CORPO-NOVA-1-768x354.jpg 768w, https:\/\/www.sudoestehoje.com.br\/novoportal\/wp-content\/uploads\/2016\/08\/CORPO-NOVA-1-700x323.jpg 700w, https:\/\/www.sudoestehoje.com.br\/novoportal\/wp-content\/uploads\/2016\/08\/CORPO-NOVA-1.jpg 960w\" sizes=\"auto, (max-width: 500px) 100vw, 500px\" \/><\/a><\/p>\n<p>A tarde desta quarta-feira, 17 de agosto, fica marcada como um momento \u00fanico e novo na vida do itapetinguense, pois o candidato a Prefeito Rodrigo Hagge e seu vice Renan Pereira, fizeram o primeiro corpo a corpo oficial da campanha, come\u00e7ando pelo Bairro Nova Itapetinga.<\/p>\n<p><a href=\"http:\/\/www.sudoestehoje.com.br\/novoportal\/wp-content\/uploads\/2016\/08\/CORPO-3.jpg\" rel=\"attachment wp-att-59589\"><img loading=\"lazy\" decoding=\"async\" class=\"aligncenter size-medium wp-image-59589\" src=\"http:\/\/www.sudoestehoje.com.br\/novoportal\/wp-content\/uploads\/2016\/08\/CORPO-3-500x310.jpg\" alt=\"CORPO 3\" width=\"500\" height=\"310\" srcset=\"https:\/\/www.sudoestehoje.com.br\/novoportal\/wp-content\/uploads\/2016\/08\/CORPO-3-500x310.jpg 500w, https:\/\/www.sudoestehoje.com.br\/novoportal\/wp-content\/uploads\/2016\/08\/CORPO-3.jpg 591w\" sizes=\"auto, (max-width: 500px) 100vw, 500px\" \/><\/a><\/p>\n<p>O que parecia um simples momento, se transformou em uma grande caminhada, n\u00e3o somente pela milit\u00e2ncia, mas principalmente, pelo povo, que ao ver passarem Rodrigo e Renan, de maneira espont\u00e2nea os acompanhou pelas ruas e avenidas do bairro, demonstrando a alegria e a esperan\u00e7a de uma verdadeira mudan\u00e7a para Itapetinga.<\/p>\n<p><a href=\"http:\/\/www.sudoestehoje.com.br\/novoportal\/wp-content\/uploads\/2016\/08\/CORPO-4.jpg\" rel=\"attachment wp-att-59590\"><img loading=\"lazy\" decoding=\"async\" class=\"aligncenter size-medium wp-image-59590\" src=\"http:\/\/www.sudoestehoje.com.br\/novoportal\/wp-content\/uploads\/2016\/08\/CORPO-4-500x331.jpg\" alt=\"CORPO 4\" width=\"500\" height=\"331\" srcset=\"https:\/\/www.sudoestehoje.com.br\/novoportal\/wp-content\/uploads\/2016\/08\/CORPO-4-500x331.jpg 500w, https:\/\/www.sudoestehoje.com.br\/novoportal\/wp-content\/uploads\/2016\/08\/CORPO-4-768x508.jpg 768w, https:\/\/www.sudoestehoje.com.br\/novoportal\/wp-content\/uploads\/2016\/08\/CORPO-4-700x463.jpg 700w, https:\/\/www.sudoestehoje.com.br\/novoportal\/wp-content\/uploads\/2016\/08\/CORPO-4.jpg 960w\" sizes=\"auto, (max-width: 500px) 100vw, 500px\" \/><\/a><\/p>\n<p>Aqueles que os receberam nas suas casas, mostraram extrema satisfa\u00e7\u00e3o e confian\u00e7a, e a marca da alegria ficou evidenciada no rosto dos moradores da Nova Itapetinga, assim como vem ocorrendo em toda a cidade.<\/p>\n<p><a href=\"http:\/\/www.sudoestehoje.com.br\/novoportal\/wp-content\/uploads\/2016\/08\/CORPO-5.jpg\" rel=\"attachment wp-att-59591\"><img loading=\"lazy\" decoding=\"async\" class=\"aligncenter size-medium wp-image-59591\" src=\"http:\/\/www.sudoestehoje.com.br\/novoportal\/wp-content\/uploads\/2016\/08\/CORPO-5-500x309.jpg\" alt=\"CORPO 5\" width=\"500\" height=\"309\" srcset=\"https:\/\/www.sudoestehoje.com.br\/novoportal\/wp-content\/uploads\/2016\/08\/CORPO-5-500x309.jpg 500w, https:\/\/www.sudoestehoje.com.br\/novoportal\/wp-content\/uploads\/2016\/08\/CORPO-5-768x475.jpg 768w, https:\/\/www.sudoestehoje.com.br\/novoportal\/wp-content\/uploads\/2016\/08\/CORPO-5-700x433.jpg 700w, https:\/\/www.sudoestehoje.com.br\/novoportal\/wp-content\/uploads\/2016\/08\/CORPO-5.jpg 960w\" sizes=\"auto, (max-width: 500px) 100vw, 500px\" \/><\/a><\/p>\n<p>Por onde passavam, Rodrigo e Renan eram abra\u00e7ados e encontravam uma palavra de carinho e pedidos para transformarem Itapetinga, novamente, em uma terra de progresso. Percebe-se que a caminhada eleitoral da dupla RR &#8211; como o povo j\u00e1 os batizou &#8211; ser\u00e1 alegre, feliz e vitoriosa, pois a ades\u00e3o popular \u00e9 grande e traz ao povo a esperan\u00e7a de dias melhores.<\/p>\n<p><em><strong><a href=\"http:\/\/www.sudoestehoje.com.br\/novoportal\/wp-content\/uploads\/2016\/08\/CORPO-6.jpg\" rel=\"attachment wp-att-59595\"><img loading=\"lazy\" decoding=\"async\" class=\"aligncenter  wp-image-59595\" src=\"http:\/\/www.sudoestehoje.com.br\/novoportal\/wp-content\/uploads\/2016\/08\/CORPO-6-500x337.jpg\" alt=\"CORPO 6\" width=\"501\" height=\"338\" srcset=\"https:\/\/www.sudoestehoje.com.br\/novoportal\/wp-content\/uploads\/2016\/08\/CORPO-6-500x337.jpg 500w, https:\/\/www.sudoestehoje.com.br\/novoportal\/wp-content\/uploads\/2016\/08\/CORPO-6-768x518.jpg 768w, https:\/\/www.sudoestehoje.com.br\/novoportal\/wp-content\/uploads\/2016\/08\/CORPO-6-700x472.jpg 700w, https:\/\/www.sudoestehoje.com.br\/novoportal\/wp-content\/uploads\/2016\/08\/CORPO-6.jpg 960w\" sizes=\"auto, (max-width: 501px) 100vw, 501px\" \/><\/a><\/strong><\/em><\/p>\n<p><a href=\"http:\/\/www.sudoestehoje.com.br\/novoportal\/wp-content\/uploads\/2016\/08\/CORPO-7.jpg\" rel=\"attachment wp-att-59596\"><img loading=\"lazy\" decoding=\"async\" class=\"aligncenter size-medium wp-image-59596\" src=\"http:\/\/www.sudoestehoje.com.br\/novoportal\/wp-content\/uploads\/2016\/08\/CORPO-7-500x331.jpg\" alt=\"CORPO 7\" width=\"500\" height=\"331\" srcset=\"https:\/\/www.sudoestehoje.com.br\/novoportal\/wp-content\/uploads\/2016\/08\/CORPO-7-500x331.jpg 500w, https:\/\/www.sudoestehoje.com.br\/novoportal\/wp-content\/uploads\/2016\/08\/CORPO-7-768x508.jpg 768w, https:\/\/www.sudoestehoje.com.br\/novoportal\/wp-content\/uploads\/2016\/08\/CORPO-7-700x463.jpg 700w, https:\/\/www.sudoestehoje.com.br\/novoportal\/wp-content\/uploads\/2016\/08\/CORPO-7.jpg 960w\" sizes=\"auto, (max-width: 500px) 100vw, 500px\" \/><\/a><\/p>\n<p><em><strong>Ascom RR<\/strong><\/em><\/p>\n","protected":false},"excerpt":{"rendered":"<p>A tarde desta quarta-feira, 17 de agosto, fica marcada como um momento \u00fanico e novo na vida do itapetinguense, pois o candidato a Prefeito Rodrigo Hagge e seu vice Renan Pereira, fizeram o primeiro corpo a corpo oficial da campanha, come\u00e7ando pelo Bairro Nova Itapetinga. O que parecia um simples momento, se transformou em uma [&hellip;]<\/p>\n","protected":false},"author":2,"featured_media":0,"comment_status":"open","ping_status":"open","sticky":false,"template":"","format":"standard","meta":{"footnotes":"","_links_to":"","_links_to_target":""},"categories":[1],"tags":[],"class_list":["post-59587","post","type-post","status-publish","format-standard","hentry","category-geral"],"views":2194,"_links":{"self":[{"href":"https:\/\/www.sudoestehoje.com.br\/novoportal\/wp-json\/wp\/v2\/posts\/59587","targetHints":{"allow":["GET"]}}],"collection":[{"href":"https:\/\/www.sudoestehoje.com.br\/novoportal\/wp-json\/wp\/v2\/posts"}],"about":[{"href":"https:\/\/www.sudoestehoje.com.br\/novoportal\/wp-json\/wp\/v2\/types\/post"}],"author":[{"embeddable":true,"href":"https:\/\/www.sudoestehoje.com.br\/novoportal\/wp-json\/wp\/v2\/users\/2"}],"replies":[{"embeddable":true,"href":"https:\/\/www.sudoestehoje.com.br\/novoportal\/wp-json\/wp\/v2\/comments?post=59587"}],"version-history":[{"count":3,"href":"https:\/\/www.sudoestehoje.com.br\/novoportal\/wp-json\/wp\/v2\/posts\/59587\/revisions"}],"predecessor-version":[{"id":59597,"href":"https:\/\/www.sudoestehoje.com.br\/novoportal\/wp-json\/wp\/v2\/posts\/59587\/revisions\/59597"}],"wp:attachment":[{"href":"https:\/\/www.sudoestehoje.com.br\/novoportal\/wp-json\/wp\/v2\/media?parent=59587"}],"wp:term":[{"taxonomy":"category","embeddable":true,"href":"https:\/\/www.sudoestehoje.com.br\/novoportal\/wp-json\/wp\/v2\/categories?post=59587"},{"taxonomy":"post_tag","embeddable":true,"href":"https:\/\/www.sudoestehoje.com.br\/novoportal\/wp-json\/wp\/v2\/tags?post=59587"}],"curies":[{"name":"wp","href":"https:\/\/api.w.org\/{rel}","templated":true}]}}