
{"id":59573,"date":"2016-08-16T18:58:58","date_gmt":"2016-08-16T21:58:58","guid":{"rendered":"http:\/\/www.sudoestehoje.com.br\/novoportal\/?p=59573"},"modified":"2016-08-17T03:08:17","modified_gmt":"2016-08-17T06:08:17","slug":"acordo-entre-fjs-e-sintesi-garante-direitos-dos-empregados-do-hcr","status":"publish","type":"post","link":"https:\/\/www.sudoestehoje.com.br\/novoportal\/2016\/08\/16\/acordo-entre-fjs-e-sintesi-garante-direitos-dos-empregados-do-hcr\/","title":{"rendered":"ACORDO ENTRE FJS E SINTESI GARANTE DIREITOS DOS EMPREGADOS DO HCR"},"content":{"rendered":"<p><a href=\"http:\/\/www.sudoestehoje.com.br\/novoportal\/wp-content\/uploads\/2016\/08\/HCR.jpg\" rel=\"attachment wp-att-59574\"><img loading=\"lazy\" decoding=\"async\" class=\"aligncenter size-full wp-image-59574\" src=\"http:\/\/www.sudoestehoje.com.br\/novoportal\/wp-content\/uploads\/2016\/08\/HCR.jpg\" alt=\"HCR\" width=\"483\" height=\"311\" \/><\/a><\/p>\n<p>Acordo firmado entre a dire\u00e7\u00e3o da Funda\u00e7\u00e3o Jos\u00e9 Silveira (FJS) e o comando do Sindicato dos Trabalhadores em Sa\u00fade (Sintesi) suspendeu a greve marcada para hoje (16), no Hospital Cristo Redentor, em Itapetinga. A negocia\u00e7\u00e3o ocorreu durante reuni\u00e3o entre o superintendente da FJS, Carlos Dumet, e o coordenador do Sintesi, Raimundo Santana.<\/p>\n<p>Dumet se comprometeu a ajustar as pend\u00eancias da conven\u00e7\u00e3o coletiva neste m\u00eas. \u201c<span id=\"ext-gen1899\">O que afligia os funcion\u00e1rios era a falta do reajuste salarial negociado desde janeiro\u201d, disse Raimundo. \u201cO superintendente entendeu que o acordo precisa ser cumprido\u201d.<\/span><\/p>\n<p>Ainda de acordo com Raimundo, Dumet assegurou resolver a pend\u00eancia agora em agosto, tamb\u00e9m para os funcion\u00e1rios do Hospital Geral Luiz Viana Filho, em Ilh\u00e9us. A<span id=\"ext-gen1901\">\u00a0dire\u00e7\u00e3o do sindicato realizou uma assembleia com os trabalhadores, quando se decidiu pela suspens\u00e3o da\u00a0greve, anunciada para a manh\u00e3 desta ter\u00e7a. <strong><em>Pimenta Blog<\/em><\/strong><\/span><\/p>\n","protected":false},"excerpt":{"rendered":"<p>Acordo firmado entre a dire\u00e7\u00e3o da Funda\u00e7\u00e3o Jos\u00e9 Silveira (FJS) e o comando do Sindicato dos Trabalhadores em Sa\u00fade (Sintesi) suspendeu a greve marcada para hoje (16), no Hospital Cristo Redentor, em Itapetinga. A negocia\u00e7\u00e3o ocorreu durante reuni\u00e3o entre o superintendente da FJS, Carlos Dumet, e o coordenador do Sintesi, Raimundo Santana. Dumet se comprometeu [&hellip;]<\/p>\n","protected":false},"author":2,"featured_media":0,"comment_status":"open","ping_status":"open","sticky":false,"template":"","format":"standard","meta":{"footnotes":"","_links_to":"","_links_to_target":""},"categories":[1],"tags":[],"class_list":["post-59573","post","type-post","status-publish","format-standard","hentry","category-geral"],"views":1241,"_links":{"self":[{"href":"https:\/\/www.sudoestehoje.com.br\/novoportal\/wp-json\/wp\/v2\/posts\/59573","targetHints":{"allow":["GET"]}}],"collection":[{"href":"https:\/\/www.sudoestehoje.com.br\/novoportal\/wp-json\/wp\/v2\/posts"}],"about":[{"href":"https:\/\/www.sudoestehoje.com.br\/novoportal\/wp-json\/wp\/v2\/types\/post"}],"author":[{"embeddable":true,"href":"https:\/\/www.sudoestehoje.com.br\/novoportal\/wp-json\/wp\/v2\/users\/2"}],"replies":[{"embeddable":true,"href":"https:\/\/www.sudoestehoje.com.br\/novoportal\/wp-json\/wp\/v2\/comments?post=59573"}],"version-history":[{"count":3,"href":"https:\/\/www.sudoestehoje.com.br\/novoportal\/wp-json\/wp\/v2\/posts\/59573\/revisions"}],"predecessor-version":[{"id":59577,"href":"https:\/\/www.sudoestehoje.com.br\/novoportal\/wp-json\/wp\/v2\/posts\/59573\/revisions\/59577"}],"wp:attachment":[{"href":"https:\/\/www.sudoestehoje.com.br\/novoportal\/wp-json\/wp\/v2\/media?parent=59573"}],"wp:term":[{"taxonomy":"category","embeddable":true,"href":"https:\/\/www.sudoestehoje.com.br\/novoportal\/wp-json\/wp\/v2\/categories?post=59573"},{"taxonomy":"post_tag","embeddable":true,"href":"https:\/\/www.sudoestehoje.com.br\/novoportal\/wp-json\/wp\/v2\/tags?post=59573"}],"curies":[{"name":"wp","href":"https:\/\/api.w.org\/{rel}","templated":true}]}}